{"id":1197,"date":"2019-10-28T23:06:00","date_gmt":"2019-10-29T04:06:00","guid":{"rendered":"http:\/\/www.uartes.edu.ec\/sitio\/interactos\/2019\/10\/28\/duo-unkulkix-llego-a-inter%e2%80%a2actos-con-un-perfomance-experimental\/"},"modified":"2019-12-26T16:02:43","modified_gmt":"2019-12-26T21:02:43","slug":"duo-unkulkix-llego-a-inter%e2%80%a2actos-con-un-perfomance-experimental","status":"publish","type":"post","link":"https:\/\/www.uartes.edu.ec\/sitio\/interactos\/noticias\/duo-unkulkix-llego-a-inter%e2%80%a2actos-con-un-perfomance-experimental\/","title":{"rendered":"D\u00fao Unkul*Kix lleg\u00f3 a Inter[\u2022]actos con un perfomance experimental"},"content":{"rendered":"\n<p>Un perfomance experimental llev\u00f3\nel d\u00fao Unkul*Kix la tarde de este s\u00e1bado 26 de octubre a la plataforma del Museo\nAntropol\u00f3gico y de Arte Contempor\u00e1neo (MAAC), en la jornada de clausura de\nInter[\u2022]actos, los Encuentros P\u00fablicos en Artes que organiza la Universidad de\nlas Artes y que en este a\u00f1o llegaron a su cuarta edici\u00f3n.<\/p>\n\n\n\n<p>Unkul*Kix es justamente un grupo\nde performance que, seg\u00fan sus integrantes, produce ruido f\u00edsico y emocional. El\nsuyo no es un ruido cualquiera, coinciden y revelan estar realizando la obra\n\u201cTremor\u201d, la cual los lleva a interactuar alrededor de una mesa microfoneada.\nSus cuerdas vocales tambi\u00e9n se encuentran amplificadas y as\u00ed, sobre una\nsuperficie, se proyectan im\u00e1genes de cocinas extra\u00eddas de cat\u00e1logos de\ndecoraci\u00f3n o un tutorial de aer\u00f3bicos. La obra va mutando acorde a los espacios\nen los que se presenta. Las condiciones id\u00f3neas para el acto son poca luz o luz\ncontrolada, aunque revelan haber realizado tambi\u00e9n actos durante el d\u00eda y en\nespacios abiertos.<\/p>\n\n\n\n<p>La obra \u201cTremor\u201d lleva tiempo\ngirando por todo el Ecuador, expresa Unkul*Kix. \u201cPr\u00e1cticamente estamos cerrando\nel a\u00f1o para iniciar el siguiente con otra propuesta a la que hemos denominado\nEl Pr\u00edncipe\u201d, agrega el dueto.<\/p>\n\n\n\n<div class=\"wp-block-image\"><figure class=\"aligncenter size-large\"><img fetchpriority=\"high\" decoding=\"async\" width=\"1024\" height=\"683\" src=\"https:\/\/www.uartes.edu.ec\/sitio\/interactos\/wp-content\/uploads\/sites\/8\/2019\/12\/1-1024x683.jpg\" alt=\"\" class=\"wp-image-1198\" srcset=\"https:\/\/www.uartes.edu.ec\/sitio\/interactos\/wp-content\/uploads\/sites\/8\/2019\/12\/1-1024x683.jpg 1024w, https:\/\/www.uartes.edu.ec\/sitio\/interactos\/wp-content\/uploads\/sites\/8\/2019\/12\/1-600x400.jpg 600w, https:\/\/www.uartes.edu.ec\/sitio\/interactos\/wp-content\/uploads\/sites\/8\/2019\/12\/1-300x200.jpg 300w, https:\/\/www.uartes.edu.ec\/sitio\/interactos\/wp-content\/uploads\/sites\/8\/2019\/12\/1-768x512.jpg 768w, https:\/\/www.uartes.edu.ec\/sitio\/interactos\/wp-content\/uploads\/sites\/8\/2019\/12\/1-400x267.jpg 400w, https:\/\/www.uartes.edu.ec\/sitio\/interactos\/wp-content\/uploads\/sites\/8\/2019\/12\/1-272x182.jpg 272w, https:\/\/www.uartes.edu.ec\/sitio\/interactos\/wp-content\/uploads\/sites\/8\/2019\/12\/1.jpg 1500w\" sizes=\"(max-width: 1024px) 100vw, 1024px\" \/><\/figure><\/div>\n\n\n\n<p>Para Unkul*Kix, los Encuentros P\u00fablicos\nde Artes son importantes \u201cporque evidencian la operatividad y gesti\u00f3n de la\nuniversidad, al ofrecer a la comunidad una amplia y variada selecci\u00f3n de contenidos,\nque pueden salirse de los circuitos tradicionales y comerciales; brinda otras alternativas\npara quienes nos gusta el arte, la m\u00fasica y lo experimental. Inter[\u2022]actos es\nuna buena plataforma para ver, conocer e ir m\u00e1s all\u00e1 de entretenerse\u201d. Quienes\nparticipan, a\u00f1ade el d\u00fao, buscan dejar un mensaje que tiene que ver con un\nproceso personal que involucra a todos. En su caso, explica, las presentaciones\nque proponen sus dos integrantes van encaminadas a socializar y mostrar una forma\nhabitual de ser.<\/p>\n","protected":false},"excerpt":{"rendered":"<p>Un perfomance experimental llev\u00f3 el d\u00fao Unkul*Kix la tarde de este s\u00e1bado 26 de octubre a la plataforma del Museo Antropol\u00f3gico y de Arte Contempor\u00e1neo (MAAC), en la jornada de clausura de Inter[\u2022]actos, los Encuentros P\u00fablicos en Artes que organiza la Universidad de las Artes y que en este a\u00f1o llegaron a su cuarta edici\u00f3n.<\/p>\n","protected":false},"author":1,"featured_media":1200,"comment_status":"closed","ping_status":"closed","sticky":false,"template":"","format":"standard","meta":{"_uag_custom_page_level_css":"","_monsterinsights_skip_tracking":false,"_monsterinsights_sitenote_active":false,"_monsterinsights_sitenote_note":"","_monsterinsights_sitenote_category":0,"cybocfi_hide_featured_image":"","footnotes":""},"categories":[6],"tags":[10],"class_list":["post-1197","post","type-post","status-publish","format-standard","has-post-thumbnail","hentry","category-noticias","tag-interactos"],"uagb_featured_image_src":{"full":["https:\/\/www.uartes.edu.ec\/sitio\/interactos\/wp-content\/uploads\/sites\/8\/2019\/12\/2-1.jpg",1500,1000,false],"thumbnail":["https:\/\/www.uartes.edu.ec\/sitio\/interactos\/wp-content\/uploads\/sites\/8\/2019\/12\/2-1-150x150.jpg",150,150,true],"medium":["https:\/\/www.uartes.edu.ec\/sitio\/interactos\/wp-content\/uploads\/sites\/8\/2019\/12\/2-1-300x200.jpg",300,200,true],"medium_large":["https:\/\/www.uartes.edu.ec\/sitio\/interactos\/wp-content\/uploads\/sites\/8\/2019\/12\/2-1-768x512.jpg",768,512,true],"large":["https:\/\/www.uartes.edu.ec\/sitio\/interactos\/wp-content\/uploads\/sites\/8\/2019\/12\/2-1-1024x683.jpg",800,534,true],"1536x1536":["https:\/\/www.uartes.edu.ec\/sitio\/interactos\/wp-content\/uploads\/sites\/8\/2019\/12\/2-1.jpg",1500,1000,false],"2048x2048":["https:\/\/www.uartes.edu.ec\/sitio\/interactos\/wp-content\/uploads\/sites\/8\/2019\/12\/2-1.jpg",1500,1000,false]},"uagb_author_info":{"display_name":"Universidad de las Artes","author_link":"https:\/\/www.uartes.edu.ec\/sitio\/interactos\/author\/dircomadm\/"},"uagb_comment_info":0,"uagb_excerpt":"Un perfomance experimental llev\u00f3 el d\u00fao Unkul*Kix la tarde de este s\u00e1bado 26 de octubre a la plataforma del Museo Antropol\u00f3gico y de Arte Contempor\u00e1neo (MAAC), en la jornada de clausura de Inter[\u2022]actos, los Encuentros P\u00fablicos en Artes que organiza la Universidad de las Artes y que en este a\u00f1o llegaron a su cuarta edici\u00f3n.","distributor_meta":false,"distributor_terms":false,"distributor_media":false,"distributor_original_site_name":"inter [\u2022] actos","distributor_original_site_url":"https:\/\/www.uartes.edu.ec\/sitio\/interactos","push-errors":false,"_links":{"self":[{"href":"https:\/\/www.uartes.edu.ec\/sitio\/interactos\/wp-json\/wp\/v2\/posts\/1197","targetHints":{"allow":["GET"]}}],"collection":[{"href":"https:\/\/www.uartes.edu.ec\/sitio\/interactos\/wp-json\/wp\/v2\/posts"}],"about":[{"href":"https:\/\/www.uartes.edu.ec\/sitio\/interactos\/wp-json\/wp\/v2\/types\/post"}],"author":[{"embeddable":true,"href":"https:\/\/www.uartes.edu.ec\/sitio\/interactos\/wp-json\/wp\/v2\/users\/1"}],"replies":[{"embeddable":true,"href":"https:\/\/www.uartes.edu.ec\/sitio\/interactos\/wp-json\/wp\/v2\/comments?post=1197"}],"version-history":[{"count":3,"href":"https:\/\/www.uartes.edu.ec\/sitio\/interactos\/wp-json\/wp\/v2\/posts\/1197\/revisions"}],"predecessor-version":[{"id":1222,"href":"https:\/\/www.uartes.edu.ec\/sitio\/interactos\/wp-json\/wp\/v2\/posts\/1197\/revisions\/1222"}],"wp:featuredmedia":[{"embeddable":true,"href":"https:\/\/www.uartes.edu.ec\/sitio\/interactos\/wp-json\/wp\/v2\/media\/1200"}],"wp:attachment":[{"href":"https:\/\/www.uartes.edu.ec\/sitio\/interactos\/wp-json\/wp\/v2\/media?parent=1197"}],"wp:term":[{"taxonomy":"category","embeddable":true,"href":"https:\/\/www.uartes.edu.ec\/sitio\/interactos\/wp-json\/wp\/v2\/categories?post=1197"},{"taxonomy":"post_tag","embeddable":true,"href":"https:\/\/www.uartes.edu.ec\/sitio\/interactos\/wp-json\/wp\/v2\/tags?post=1197"}],"curies":[{"name":"wp","href":"https:\/\/api.w.org\/{rel}","templated":true}]}}