{"id":1453,"date":"2025-06-23T08:50:07","date_gmt":"2025-06-23T13:50:07","guid":{"rendered":"https:\/\/www.uartes.edu.ec\/sitio\/interactos\/?p=1453"},"modified":"2025-07-04T11:00:06","modified_gmt":"2025-07-04T16:00:06","slug":"doctor-zoppa","status":"publish","type":"post","link":"https:\/\/www.uartes.edu.ec\/sitio\/interactos\/2025\/06\/23\/doctor-zoppa\/","title":{"rendered":"Francisco Colasanto"},"content":{"rendered":"\n<p>Francisco Colasanto naci\u00f3 el 22 de junio de 1971 en Buenos Aires, Argentina. Reside en Morelia, M\u00e9xico desde 2006. Es Doctor (con menci\u00f3n honor\u00edfica) en Tecnolog\u00eda Musical por la Universidad Nacional Aut\u00f3noma de M\u00e9xico y Licenciado en Composici\u00f3n electroac\u00fastica por la Universidad Nacional de Quilmes, Argentina. Se desempe\u00f1a como subdirector del Centro Mexicano para la M\u00fasica y las Artes Sonoras (CMMAS) desde 2006<\/p>\n\n\n\n<p><\/p>\n","protected":false},"excerpt":{"rendered":"<p>Francisco Colasanto naci\u00f3 el 22 de junio de 1971 en Buenos Aires, Argentina. Reside en Morelia, M\u00e9xico desde 2006. Es Doctor (con menci\u00f3n honor\u00edfica) en Tecnolog\u00eda Musical por la Universidad Nacional Aut\u00f3noma de M\u00e9xico y Licenciado en Composici\u00f3n electroac\u00fastica por la Universidad Nacional de Quilmes, Argentina. Se desempe\u00f1a como subdirector del Centro Mexicano para la [&hellip;]<\/p>\n","protected":false},"author":1,"featured_media":1459,"comment_status":"open","ping_status":"open","sticky":false,"template":"","format":"standard","meta":{"_uag_custom_page_level_css":"","_monsterinsights_skip_tracking":false,"_monsterinsights_sitenote_active":false,"_monsterinsights_sitenote_note":"","_monsterinsights_sitenote_category":0,"cybocfi_hide_featured_image":"","footnotes":""},"categories":[44],"tags":[45],"class_list":["post-1453","post","type-post","status-publish","format-standard","has-post-thumbnail","hentry","category-invitados","tag-2025sonoras"],"uagb_featured_image_src":{"full":["https:\/\/www.uartes.edu.ec\/sitio\/interactos\/wp-content\/uploads\/sites\/8\/2025\/06\/docto-zoppa.jpg",1000,1000,false],"thumbnail":["https:\/\/www.uartes.edu.ec\/sitio\/interactos\/wp-content\/uploads\/sites\/8\/2025\/06\/docto-zoppa-150x150.jpg",150,150,true],"medium":["https:\/\/www.uartes.edu.ec\/sitio\/interactos\/wp-content\/uploads\/sites\/8\/2025\/06\/docto-zoppa-300x300.jpg",300,300,true],"medium_large":["https:\/\/www.uartes.edu.ec\/sitio\/interactos\/wp-content\/uploads\/sites\/8\/2025\/06\/docto-zoppa-768x768.jpg",768,768,true],"large":["https:\/\/www.uartes.edu.ec\/sitio\/interactos\/wp-content\/uploads\/sites\/8\/2025\/06\/docto-zoppa.jpg",800,800,false],"1536x1536":["https:\/\/www.uartes.edu.ec\/sitio\/interactos\/wp-content\/uploads\/sites\/8\/2025\/06\/docto-zoppa.jpg",1000,1000,false],"2048x2048":["https:\/\/www.uartes.edu.ec\/sitio\/interactos\/wp-content\/uploads\/sites\/8\/2025\/06\/docto-zoppa.jpg",1000,1000,false]},"uagb_author_info":{"display_name":"Universidad de las Artes","author_link":"https:\/\/www.uartes.edu.ec\/sitio\/interactos\/author\/dircomadm\/"},"uagb_comment_info":0,"uagb_excerpt":"Francisco Colasanto naci\u00f3 el 22 de junio de 1971 en Buenos Aires, Argentina. Reside en Morelia, M\u00e9xico desde 2006. Es Doctor (con menci\u00f3n honor\u00edfica) en Tecnolog\u00eda Musical por la Universidad Nacional Aut\u00f3noma de M\u00e9xico y Licenciado en Composici\u00f3n electroac\u00fastica por la Universidad Nacional de Quilmes, Argentina. Se desempe\u00f1a como subdirector del Centro Mexicano para la&hellip;","distributor_meta":false,"distributor_terms":false,"distributor_media":false,"distributor_original_site_name":"inter [\u2022] actos","distributor_original_site_url":"https:\/\/www.uartes.edu.ec\/sitio\/interactos","push-errors":false,"_links":{"self":[{"href":"https:\/\/www.uartes.edu.ec\/sitio\/interactos\/wp-json\/wp\/v2\/posts\/1453","targetHints":{"allow":["GET"]}}],"collection":[{"href":"https:\/\/www.uartes.edu.ec\/sitio\/interactos\/wp-json\/wp\/v2\/posts"}],"about":[{"href":"https:\/\/www.uartes.edu.ec\/sitio\/interactos\/wp-json\/wp\/v2\/types\/post"}],"author":[{"embeddable":true,"href":"https:\/\/www.uartes.edu.ec\/sitio\/interactos\/wp-json\/wp\/v2\/users\/1"}],"replies":[{"embeddable":true,"href":"https:\/\/www.uartes.edu.ec\/sitio\/interactos\/wp-json\/wp\/v2\/comments?post=1453"}],"version-history":[{"count":3,"href":"https:\/\/www.uartes.edu.ec\/sitio\/interactos\/wp-json\/wp\/v2\/posts\/1453\/revisions"}],"predecessor-version":[{"id":1719,"href":"https:\/\/www.uartes.edu.ec\/sitio\/interactos\/wp-json\/wp\/v2\/posts\/1453\/revisions\/1719"}],"wp:featuredmedia":[{"embeddable":true,"href":"https:\/\/www.uartes.edu.ec\/sitio\/interactos\/wp-json\/wp\/v2\/media\/1459"}],"wp:attachment":[{"href":"https:\/\/www.uartes.edu.ec\/sitio\/interactos\/wp-json\/wp\/v2\/media?parent=1453"}],"wp:term":[{"taxonomy":"category","embeddable":true,"href":"https:\/\/www.uartes.edu.ec\/sitio\/interactos\/wp-json\/wp\/v2\/categories?post=1453"},{"taxonomy":"post_tag","embeddable":true,"href":"https:\/\/www.uartes.edu.ec\/sitio\/interactos\/wp-json\/wp\/v2\/tags?post=1453"}],"curies":[{"name":"wp","href":"https:\/\/api.w.org\/{rel}","templated":true}]}}