{"id":1529,"date":"2025-06-23T11:27:58","date_gmt":"2025-06-23T16:27:58","guid":{"rendered":"https:\/\/www.uartes.edu.ec\/sitio\/interactos\/?p=1529"},"modified":"2025-06-23T11:33:34","modified_gmt":"2025-06-23T16:33:34","slug":"baron-negro","status":"publish","type":"post","link":"https:\/\/www.uartes.edu.ec\/sitio\/interactos\/2025\/06\/23\/baron-negro\/","title":{"rendered":"Bar\u00f3n Negro"},"content":{"rendered":"\n<p>Laboratorio esc\u00e9nico se forma en el 2007 con estudiantes de la Licenciatura en Artes Esc\u00e9nicas de la Universidad Aut\u00f3noma de Quer\u00e9taro, siendo \u201cEl Pozo y el P\u00e9ndulo\u201d, su primer proyecto beneficiado por el APOYARTE 2008 que otorgaba el Instituto Queretano de la Cultura y las Artes, ahora la Secretar\u00eda de Cultura. Su inter\u00e9s radica en perfeccionar el lenguaje del cuerpo, prepararlo y entrenarlo para las exigencias esc\u00e9nicas que las nuevas teatralidades demandan y, sobre todo, para desarrollar una t\u00e9cnica que nos permita realizar un teatro que envuelva al espectador a partir de una imagen po\u00e9tica sustentada por el propio drama del cuerpo: su fragilidad, su lucha por sostenerse, por mostrar u ocultar las emociones. Pretendemos un teatro donde la palabra surja porque el cuerpo no la puede contener m\u00e1s, un teatro donde todo sea preciso, latente, honesto; un teatro hipn\u00f3tico en el cual, el espectador pueda encontrar la m\u00e1s acertada comuni\u00f3n entre la palabra y el cuerpo, entre el mensaje y la manera de expresarlo, y as\u00ed, permanecer en la historia y que la historia permanezca en el espectador.<\/p>\n","protected":false},"excerpt":{"rendered":"<p>Laboratorio esc\u00e9nico se forma en el 2007 con estudiantes de la Licenciatura en Artes Esc\u00e9nicas de la Universidad Aut\u00f3noma de Quer\u00e9taro, siendo \u201cEl Pozo y el P\u00e9ndulo\u201d, su primer proyecto beneficiado por el APOYARTE 2008 que otorgaba el Instituto Queretano de la Cultura y las Artes, ahora la Secretar\u00eda de Cultura. Su inter\u00e9s radica en [&hellip;]<\/p>\n","protected":false},"author":1,"featured_media":1530,"comment_status":"open","ping_status":"open","sticky":false,"template":"","format":"standard","meta":{"_uag_custom_page_level_css":"","_monsterinsights_skip_tracking":false,"_monsterinsights_sitenote_active":false,"_monsterinsights_sitenote_note":"","_monsterinsights_sitenote_category":0,"cybocfi_hide_featured_image":"","footnotes":""},"categories":[44],"tags":[46],"class_list":["post-1529","post","type-post","status-publish","format-standard","has-post-thumbnail","hentry","category-invitados","tag-2025escenico"],"uagb_featured_image_src":{"full":["https:\/\/www.uartes.edu.ec\/sitio\/interactos\/wp-content\/uploads\/sites\/8\/2025\/06\/baron-negro.jpg",1080,1080,false],"thumbnail":["https:\/\/www.uartes.edu.ec\/sitio\/interactos\/wp-content\/uploads\/sites\/8\/2025\/06\/baron-negro-150x150.jpg",150,150,true],"medium":["https:\/\/www.uartes.edu.ec\/sitio\/interactos\/wp-content\/uploads\/sites\/8\/2025\/06\/baron-negro-300x300.jpg",300,300,true],"medium_large":["https:\/\/www.uartes.edu.ec\/sitio\/interactos\/wp-content\/uploads\/sites\/8\/2025\/06\/baron-negro-768x768.jpg",768,768,true],"large":["https:\/\/www.uartes.edu.ec\/sitio\/interactos\/wp-content\/uploads\/sites\/8\/2025\/06\/baron-negro-1024x1024.jpg",800,800,true],"1536x1536":["https:\/\/www.uartes.edu.ec\/sitio\/interactos\/wp-content\/uploads\/sites\/8\/2025\/06\/baron-negro.jpg",1080,1080,false],"2048x2048":["https:\/\/www.uartes.edu.ec\/sitio\/interactos\/wp-content\/uploads\/sites\/8\/2025\/06\/baron-negro.jpg",1080,1080,false]},"uagb_author_info":{"display_name":"Universidad de las Artes","author_link":"https:\/\/www.uartes.edu.ec\/sitio\/interactos\/author\/dircomadm\/"},"uagb_comment_info":0,"uagb_excerpt":"Laboratorio esc\u00e9nico se forma en el 2007 con estudiantes de la Licenciatura en Artes Esc\u00e9nicas de la Universidad Aut\u00f3noma de Quer\u00e9taro, siendo \u201cEl Pozo y el P\u00e9ndulo\u201d, su primer proyecto beneficiado por el APOYARTE 2008 que otorgaba el Instituto Queretano de la Cultura y las Artes, ahora la Secretar\u00eda de Cultura. Su inter\u00e9s radica en&hellip;","distributor_meta":false,"distributor_terms":false,"distributor_media":false,"distributor_original_site_name":"inter [\u2022] actos","distributor_original_site_url":"https:\/\/www.uartes.edu.ec\/sitio\/interactos","push-errors":false,"_links":{"self":[{"href":"https:\/\/www.uartes.edu.ec\/sitio\/interactos\/wp-json\/wp\/v2\/posts\/1529","targetHints":{"allow":["GET"]}}],"collection":[{"href":"https:\/\/www.uartes.edu.ec\/sitio\/interactos\/wp-json\/wp\/v2\/posts"}],"about":[{"href":"https:\/\/www.uartes.edu.ec\/sitio\/interactos\/wp-json\/wp\/v2\/types\/post"}],"author":[{"embeddable":true,"href":"https:\/\/www.uartes.edu.ec\/sitio\/interactos\/wp-json\/wp\/v2\/users\/1"}],"replies":[{"embeddable":true,"href":"https:\/\/www.uartes.edu.ec\/sitio\/interactos\/wp-json\/wp\/v2\/comments?post=1529"}],"version-history":[{"count":1,"href":"https:\/\/www.uartes.edu.ec\/sitio\/interactos\/wp-json\/wp\/v2\/posts\/1529\/revisions"}],"predecessor-version":[{"id":1531,"href":"https:\/\/www.uartes.edu.ec\/sitio\/interactos\/wp-json\/wp\/v2\/posts\/1529\/revisions\/1531"}],"wp:featuredmedia":[{"embeddable":true,"href":"https:\/\/www.uartes.edu.ec\/sitio\/interactos\/wp-json\/wp\/v2\/media\/1530"}],"wp:attachment":[{"href":"https:\/\/www.uartes.edu.ec\/sitio\/interactos\/wp-json\/wp\/v2\/media?parent=1529"}],"wp:term":[{"taxonomy":"category","embeddable":true,"href":"https:\/\/www.uartes.edu.ec\/sitio\/interactos\/wp-json\/wp\/v2\/categories?post=1529"},{"taxonomy":"post_tag","embeddable":true,"href":"https:\/\/www.uartes.edu.ec\/sitio\/interactos\/wp-json\/wp\/v2\/tags?post=1529"}],"curies":[{"name":"wp","href":"https:\/\/api.w.org\/{rel}","templated":true}]}}