{"id":1533,"date":"2025-06-23T11:33:06","date_gmt":"2025-06-23T16:33:06","guid":{"rendered":"https:\/\/www.uartes.edu.ec\/sitio\/interactos\/?p=1533"},"modified":"2025-06-23T11:33:07","modified_gmt":"2025-06-23T16:33:07","slug":"carlina-derks","status":"publish","type":"post","link":"https:\/\/www.uartes.edu.ec\/sitio\/interactos\/2025\/06\/23\/carlina-derks\/","title":{"rendered":"Carlina Derks"},"content":{"rendered":"\n<p>Actriz creadora, antrop\u00f3loga visual y gestora cultural, cofundadora e integrante del grupo cultural YAMA de Ecuador y el colectivo audiovisual EL MAIZAL de Per\u00fa. Naci\u00f3 en 1986 en la comunidad autogestionaria (CADIAP) en Masin-Per\u00fa que fu\u00e9 destruida por la llegada del conflicto armado en los 80s lo que la llev\u00f3 a ella, y a su familia a emigrar al Ecuador donde se cri\u00f3 junto a su padre holand\u00e9s y su madre peruana, ambos activistas. Su trabajo se teje desde una mirada multidisciplinaria donde lo \u201cfronterizo\u201d y lo \u201climinal\u201d son asumidas como parte de su identidad y como un espacio de exploraci\u00f3n y cuestionamiento constante. Ha participado en varias obras a nivel nacional e internacional. Su \u00faltimo trabajo en direcci\u00f3n es la docuficci\u00f3n pand\u00e9mica DE C\u00d3MO MURI\u00d3 EL TEATRO en la cual participan artistas renombrados de la escena ecuatoriana.<\/p>\n","protected":false},"excerpt":{"rendered":"<p>Actriz creadora, antrop\u00f3loga visual y gestora cultural, cofundadora e integrante del grupo cultural YAMA de Ecuador y el colectivo audiovisual EL MAIZAL de Per\u00fa. Naci\u00f3 en 1986 en la comunidad autogestionaria (CADIAP) en Masin-Per\u00fa que fu\u00e9 destruida por la llegada del conflicto armado en los 80s lo que la llev\u00f3 a ella, y a su [&hellip;]<\/p>\n","protected":false},"author":1,"featured_media":1534,"comment_status":"open","ping_status":"open","sticky":false,"template":"","format":"standard","meta":{"_uag_custom_page_level_css":"","_monsterinsights_skip_tracking":false,"_monsterinsights_sitenote_active":false,"_monsterinsights_sitenote_note":"","_monsterinsights_sitenote_category":0,"cybocfi_hide_featured_image":"","footnotes":""},"categories":[44],"tags":[46],"class_list":["post-1533","post","type-post","status-publish","format-standard","has-post-thumbnail","hentry","category-invitados","tag-2025escenico"],"uagb_featured_image_src":{"full":["https:\/\/www.uartes.edu.ec\/sitio\/interactos\/wp-content\/uploads\/sites\/8\/2025\/06\/carlina.jpg",1000,997,false],"thumbnail":["https:\/\/www.uartes.edu.ec\/sitio\/interactos\/wp-content\/uploads\/sites\/8\/2025\/06\/carlina-150x150.jpg",150,150,true],"medium":["https:\/\/www.uartes.edu.ec\/sitio\/interactos\/wp-content\/uploads\/sites\/8\/2025\/06\/carlina-300x300.jpg",300,300,true],"medium_large":["https:\/\/www.uartes.edu.ec\/sitio\/interactos\/wp-content\/uploads\/sites\/8\/2025\/06\/carlina-768x766.jpg",768,766,true],"large":["https:\/\/www.uartes.edu.ec\/sitio\/interactos\/wp-content\/uploads\/sites\/8\/2025\/06\/carlina.jpg",800,798,false],"1536x1536":["https:\/\/www.uartes.edu.ec\/sitio\/interactos\/wp-content\/uploads\/sites\/8\/2025\/06\/carlina.jpg",1000,997,false],"2048x2048":["https:\/\/www.uartes.edu.ec\/sitio\/interactos\/wp-content\/uploads\/sites\/8\/2025\/06\/carlina.jpg",1000,997,false]},"uagb_author_info":{"display_name":"Universidad de las Artes","author_link":"https:\/\/www.uartes.edu.ec\/sitio\/interactos\/author\/dircomadm\/"},"uagb_comment_info":0,"uagb_excerpt":"Actriz creadora, antrop\u00f3loga visual y gestora cultural, cofundadora e integrante del grupo cultural YAMA de Ecuador y el colectivo audiovisual EL MAIZAL de Per\u00fa. Naci\u00f3 en 1986 en la comunidad autogestionaria (CADIAP) en Masin-Per\u00fa que fu\u00e9 destruida por la llegada del conflicto armado en los 80s lo que la llev\u00f3 a ella, y a su&hellip;","distributor_meta":false,"distributor_terms":false,"distributor_media":false,"distributor_original_site_name":"inter [\u2022] actos","distributor_original_site_url":"https:\/\/www.uartes.edu.ec\/sitio\/interactos","push-errors":false,"_links":{"self":[{"href":"https:\/\/www.uartes.edu.ec\/sitio\/interactos\/wp-json\/wp\/v2\/posts\/1533","targetHints":{"allow":["GET"]}}],"collection":[{"href":"https:\/\/www.uartes.edu.ec\/sitio\/interactos\/wp-json\/wp\/v2\/posts"}],"about":[{"href":"https:\/\/www.uartes.edu.ec\/sitio\/interactos\/wp-json\/wp\/v2\/types\/post"}],"author":[{"embeddable":true,"href":"https:\/\/www.uartes.edu.ec\/sitio\/interactos\/wp-json\/wp\/v2\/users\/1"}],"replies":[{"embeddable":true,"href":"https:\/\/www.uartes.edu.ec\/sitio\/interactos\/wp-json\/wp\/v2\/comments?post=1533"}],"version-history":[{"count":1,"href":"https:\/\/www.uartes.edu.ec\/sitio\/interactos\/wp-json\/wp\/v2\/posts\/1533\/revisions"}],"predecessor-version":[{"id":1535,"href":"https:\/\/www.uartes.edu.ec\/sitio\/interactos\/wp-json\/wp\/v2\/posts\/1533\/revisions\/1535"}],"wp:featuredmedia":[{"embeddable":true,"href":"https:\/\/www.uartes.edu.ec\/sitio\/interactos\/wp-json\/wp\/v2\/media\/1534"}],"wp:attachment":[{"href":"https:\/\/www.uartes.edu.ec\/sitio\/interactos\/wp-json\/wp\/v2\/media?parent=1533"}],"wp:term":[{"taxonomy":"category","embeddable":true,"href":"https:\/\/www.uartes.edu.ec\/sitio\/interactos\/wp-json\/wp\/v2\/categories?post=1533"},{"taxonomy":"post_tag","embeddable":true,"href":"https:\/\/www.uartes.edu.ec\/sitio\/interactos\/wp-json\/wp\/v2\/tags?post=1533"}],"curies":[{"name":"wp","href":"https:\/\/api.w.org\/{rel}","templated":true}]}}