{"id":1542,"date":"2025-06-23T11:52:53","date_gmt":"2025-06-23T16:52:53","guid":{"rendered":"https:\/\/www.uartes.edu.ec\/sitio\/interactos\/?p=1542"},"modified":"2025-06-23T11:52:54","modified_gmt":"2025-06-23T16:52:54","slug":"angela-bello","status":"publish","type":"post","link":"https:\/\/www.uartes.edu.ec\/sitio\/interactos\/2025\/06\/23\/angela-bello\/","title":{"rendered":"Angela Bello"},"content":{"rendered":"\n<p>Artista, egresada de la Universidad Distrital (ASAB) donde adelant\u00f3 sus estudios de Arte Esc\u00e9nico con \u00c9nfasis en Danza Contempor\u00e1nea. Maestra en Gesti\u00f3n Cultural de la Universidad Alcal\u00e1 de Madrid, Espa\u00f1a. En el 2016 fue merecedora de una beca para realizar la residencia de creaci\u00f3n en \u201cLa Cit\u00e9 des Arts\u201d en Par\u00eds.<\/p>\n\n\n\n<p>Desde el 2001 a la fecha, trabaja como int\u00e9rprete y asistente de direcci\u00f3n de la Compa\u00f1\u00eda L\u00b4EXPLOSE, bajo la direcci\u00f3n de Juliana Reyes, como parte del elenco de la mayor\u00eda de su repertorio, con la cual ha participado en un sinn\u00famero de eventos nacionales e internacionales (Francia, Italia, M\u00e9xico, Brasil, Portugal, Corea, Espa\u00f1a, Dinamarca, Guatemala, Alemania, entre otros).<\/p>\n","protected":false},"excerpt":{"rendered":"<p>Artista, egresada de la Universidad Distrital (ASAB) donde adelant\u00f3 sus estudios de Arte Esc\u00e9nico con \u00c9nfasis en Danza Contempor\u00e1nea. Maestra en Gesti\u00f3n Cultural de la Universidad Alcal\u00e1 de Madrid, Espa\u00f1a. En el 2016 fue merecedora de una beca para realizar la residencia de creaci\u00f3n en \u201cLa Cit\u00e9 des Arts\u201d en Par\u00eds. Desde el 2001 a [&hellip;]<\/p>\n","protected":false},"author":1,"featured_media":1545,"comment_status":"open","ping_status":"open","sticky":false,"template":"","format":"standard","meta":{"_uag_custom_page_level_css":"","_monsterinsights_skip_tracking":false,"_monsterinsights_sitenote_active":false,"_monsterinsights_sitenote_note":"","_monsterinsights_sitenote_category":0,"cybocfi_hide_featured_image":"","footnotes":""},"categories":[44],"tags":[46],"class_list":["post-1542","post","type-post","status-publish","format-standard","has-post-thumbnail","hentry","category-invitados","tag-2025escenico"],"uagb_featured_image_src":{"full":["https:\/\/www.uartes.edu.ec\/sitio\/interactos\/wp-content\/uploads\/sites\/8\/2025\/06\/angela-bello.jpg",1000,1000,false],"thumbnail":["https:\/\/www.uartes.edu.ec\/sitio\/interactos\/wp-content\/uploads\/sites\/8\/2025\/06\/angela-bello-150x150.jpg",150,150,true],"medium":["https:\/\/www.uartes.edu.ec\/sitio\/interactos\/wp-content\/uploads\/sites\/8\/2025\/06\/angela-bello-300x300.jpg",300,300,true],"medium_large":["https:\/\/www.uartes.edu.ec\/sitio\/interactos\/wp-content\/uploads\/sites\/8\/2025\/06\/angela-bello-768x768.jpg",768,768,true],"large":["https:\/\/www.uartes.edu.ec\/sitio\/interactos\/wp-content\/uploads\/sites\/8\/2025\/06\/angela-bello.jpg",800,800,false],"1536x1536":["https:\/\/www.uartes.edu.ec\/sitio\/interactos\/wp-content\/uploads\/sites\/8\/2025\/06\/angela-bello.jpg",1000,1000,false],"2048x2048":["https:\/\/www.uartes.edu.ec\/sitio\/interactos\/wp-content\/uploads\/sites\/8\/2025\/06\/angela-bello.jpg",1000,1000,false]},"uagb_author_info":{"display_name":"Universidad de las Artes","author_link":"https:\/\/www.uartes.edu.ec\/sitio\/interactos\/author\/dircomadm\/"},"uagb_comment_info":0,"uagb_excerpt":"Artista, egresada de la Universidad Distrital (ASAB) donde adelant\u00f3 sus estudios de Arte Esc\u00e9nico con \u00c9nfasis en Danza Contempor\u00e1nea. Maestra en Gesti\u00f3n Cultural de la Universidad Alcal\u00e1 de Madrid, Espa\u00f1a. En el 2016 fue merecedora de una beca para realizar la residencia de creaci\u00f3n en \u201cLa Cit\u00e9 des Arts\u201d en Par\u00eds. Desde el 2001 a&hellip;","distributor_meta":false,"distributor_terms":false,"distributor_media":false,"distributor_original_site_name":"inter [\u2022] actos","distributor_original_site_url":"https:\/\/www.uartes.edu.ec\/sitio\/interactos","push-errors":false,"_links":{"self":[{"href":"https:\/\/www.uartes.edu.ec\/sitio\/interactos\/wp-json\/wp\/v2\/posts\/1542","targetHints":{"allow":["GET"]}}],"collection":[{"href":"https:\/\/www.uartes.edu.ec\/sitio\/interactos\/wp-json\/wp\/v2\/posts"}],"about":[{"href":"https:\/\/www.uartes.edu.ec\/sitio\/interactos\/wp-json\/wp\/v2\/types\/post"}],"author":[{"embeddable":true,"href":"https:\/\/www.uartes.edu.ec\/sitio\/interactos\/wp-json\/wp\/v2\/users\/1"}],"replies":[{"embeddable":true,"href":"https:\/\/www.uartes.edu.ec\/sitio\/interactos\/wp-json\/wp\/v2\/comments?post=1542"}],"version-history":[{"count":1,"href":"https:\/\/www.uartes.edu.ec\/sitio\/interactos\/wp-json\/wp\/v2\/posts\/1542\/revisions"}],"predecessor-version":[{"id":1544,"href":"https:\/\/www.uartes.edu.ec\/sitio\/interactos\/wp-json\/wp\/v2\/posts\/1542\/revisions\/1544"}],"wp:featuredmedia":[{"embeddable":true,"href":"https:\/\/www.uartes.edu.ec\/sitio\/interactos\/wp-json\/wp\/v2\/media\/1545"}],"wp:attachment":[{"href":"https:\/\/www.uartes.edu.ec\/sitio\/interactos\/wp-json\/wp\/v2\/media?parent=1542"}],"wp:term":[{"taxonomy":"category","embeddable":true,"href":"https:\/\/www.uartes.edu.ec\/sitio\/interactos\/wp-json\/wp\/v2\/categories?post=1542"},{"taxonomy":"post_tag","embeddable":true,"href":"https:\/\/www.uartes.edu.ec\/sitio\/interactos\/wp-json\/wp\/v2\/tags?post=1542"}],"curies":[{"name":"wp","href":"https:\/\/api.w.org\/{rel}","templated":true}]}}