{"id":1580,"date":"2025-06-23T14:08:32","date_gmt":"2025-06-23T19:08:32","guid":{"rendered":"https:\/\/www.uartes.edu.ec\/sitio\/interactos\/?p=1580"},"modified":"2025-07-04T10:51:17","modified_gmt":"2025-07-04T15:51:17","slug":"maria-arillaga","status":"publish","type":"post","link":"https:\/\/www.uartes.edu.ec\/sitio\/interactos\/2025\/06\/23\/maria-arillaga\/","title":{"rendered":"Mar\u00eda Arrillaga"},"content":{"rendered":"\n<p>Mar\u00eda Arrillaga (1986, Uruguay) es licenciada en Comunicaci\u00f3n Social. Directora, fot\u00f3grafa y montajista. Su trabajo muestra una sensibilidad orientada al \u00e1mbito art\u00edstico y literario. Desde hace diez a\u00f1os, Sylvia Meyer y Mar\u00eda realizan ensayos f\u00edlmicos, viajan en busca de se\u00f1ales visuales y sonoras, documentan y juntan el material para hacer una pel\u00edcula a lo largo del tiempo. En 2015 realiz\u00f3 la obra \u201cGlobal Myopia (Language in Residence)\u201d junto al artista Marco Maggi, expuesta en Galer\u00eda Cayon (Madrid), Jos\u00e9e Bienvenu Gallery (Nueva York), Hosfelt Gallery (San Francisco), Nara Roesler (R\u00edo de Janeiro). Recibi\u00f3 el Premio Centro de Exposiciones Subte en la convocatoria 2015 donde expuso su obra \u201cLos deshabitados\u201d. En 2017 fue la montajista del cortometraje \u201cYa no\u201d, dirigido por Mar\u00eda Ang\u00e9lica Gil y seleccionado para el Short Film Corner del Festival de Cannes 2018. En 2018 document\u00f3 la obra \u201cThem\u201d de Liliana Porter y Ana Tiscornia, con m\u00fasica de Sylvia Meyer en The Kitchen, Nueva York. En el marco de la 58\u00aa Bienal de Venecia 2019, realiz\u00f3 el film &#8220;Heterotopia I&#8221; junto al artista Peter Halley. En 2019 mostr\u00f3 dos poemas audiovisuales en la exposici\u00f3n \u201cIdaman\u00eda\u201d realizada en el Centro Cultural Espa\u00f1a de Montevideo, en homenaje a la poeta Ida Vitale. Entre 2019 y 2022, dirigi\u00f3, film\u00f3 y edit\u00f3 su primera pel\u00edcula, \u201cIda Vitale\u201d, que tuvo su estreno internacional en el 26\u00ba Festival de M\u00e1laga y fue seleccionada en SANFIC y en la 47\u00aa Mostra Internacional de Cinema em S\u00e3o Paulo. En 2020 dirigi\u00f3 el videoclip \u201cLos cr\u00edmenes\u201d para Alucinaciones en familia y en 2023 realiz\u00f3 algunos de los videos que salieron con el tercer disco de la banda. En 2024 realiz\u00f3 el videoclip \u201cIluminadorxs\u201d de Excelentes Nadadores y fue la montajista de un fragmento de la pel\u00edcula \u201cMontevideo inolvidable\u201d dirigida por Alfredo Ghierra. En los \u00faltimos a\u00f1os ha documentado los conciertos de distintas bandas del colectivo Feel de agua. Actualmente, desarrolla su pr\u00f3xima pel\u00edcula \u201cEl orden de nuestros nombres es el mismo\u201d.<\/p>\n","protected":false},"excerpt":{"rendered":"<p>Mar\u00eda Arrillaga (1986, Uruguay) es licenciada en Comunicaci\u00f3n Social. Directora, fot\u00f3grafa y montajista. Su trabajo muestra una sensibilidad orientada al \u00e1mbito art\u00edstico y literario. Desde hace diez a\u00f1os, Sylvia Meyer y Mar\u00eda realizan ensayos f\u00edlmicos, viajan en busca de se\u00f1ales visuales y sonoras, documentan y juntan el material para hacer una pel\u00edcula a lo largo [&hellip;]<\/p>\n","protected":false},"author":1,"featured_media":1581,"comment_status":"open","ping_status":"open","sticky":false,"template":"","format":"standard","meta":{"_uag_custom_page_level_css":"","_monsterinsights_skip_tracking":false,"_monsterinsights_sitenote_active":false,"_monsterinsights_sitenote_note":"","_monsterinsights_sitenote_category":0,"cybocfi_hide_featured_image":"","footnotes":""},"categories":[44],"tags":[],"class_list":["post-1580","post","type-post","status-publish","format-standard","has-post-thumbnail","hentry","category-invitados"],"uagb_featured_image_src":{"full":["https:\/\/www.uartes.edu.ec\/sitio\/interactos\/wp-content\/uploads\/sites\/8\/2025\/06\/maria-aliyaga-e1751642632589.jpg",998,998,false],"thumbnail":["https:\/\/www.uartes.edu.ec\/sitio\/interactos\/wp-content\/uploads\/sites\/8\/2025\/06\/maria-aliyaga-e1751642632589-150x150.jpg",150,150,true],"medium":["https:\/\/www.uartes.edu.ec\/sitio\/interactos\/wp-content\/uploads\/sites\/8\/2025\/06\/maria-aliyaga-e1751642632589-300x300.jpg",300,300,true],"medium_large":["https:\/\/www.uartes.edu.ec\/sitio\/interactos\/wp-content\/uploads\/sites\/8\/2025\/06\/maria-aliyaga-e1751642632589-768x768.jpg",768,768,true],"large":["https:\/\/www.uartes.edu.ec\/sitio\/interactos\/wp-content\/uploads\/sites\/8\/2025\/06\/maria-aliyaga-e1751642632589.jpg",800,800,false],"1536x1536":["https:\/\/www.uartes.edu.ec\/sitio\/interactos\/wp-content\/uploads\/sites\/8\/2025\/06\/maria-aliyaga-e1751642632589.jpg",998,998,false],"2048x2048":["https:\/\/www.uartes.edu.ec\/sitio\/interactos\/wp-content\/uploads\/sites\/8\/2025\/06\/maria-aliyaga-e1751642632589.jpg",998,998,false]},"uagb_author_info":{"display_name":"Universidad de las Artes","author_link":"https:\/\/www.uartes.edu.ec\/sitio\/interactos\/author\/dircomadm\/"},"uagb_comment_info":0,"uagb_excerpt":"Mar\u00eda Arrillaga (1986, Uruguay) es licenciada en Comunicaci\u00f3n Social. Directora, fot\u00f3grafa y montajista. Su trabajo muestra una sensibilidad orientada al \u00e1mbito art\u00edstico y literario. Desde hace diez a\u00f1os, Sylvia Meyer y Mar\u00eda realizan ensayos f\u00edlmicos, viajan en busca de se\u00f1ales visuales y sonoras, documentan y juntan el material para hacer una pel\u00edcula a lo largo&hellip;","distributor_meta":false,"distributor_terms":false,"distributor_media":false,"distributor_original_site_name":"inter [\u2022] actos","distributor_original_site_url":"https:\/\/www.uartes.edu.ec\/sitio\/interactos","push-errors":false,"_links":{"self":[{"href":"https:\/\/www.uartes.edu.ec\/sitio\/interactos\/wp-json\/wp\/v2\/posts\/1580","targetHints":{"allow":["GET"]}}],"collection":[{"href":"https:\/\/www.uartes.edu.ec\/sitio\/interactos\/wp-json\/wp\/v2\/posts"}],"about":[{"href":"https:\/\/www.uartes.edu.ec\/sitio\/interactos\/wp-json\/wp\/v2\/types\/post"}],"author":[{"embeddable":true,"href":"https:\/\/www.uartes.edu.ec\/sitio\/interactos\/wp-json\/wp\/v2\/users\/1"}],"replies":[{"embeddable":true,"href":"https:\/\/www.uartes.edu.ec\/sitio\/interactos\/wp-json\/wp\/v2\/comments?post=1580"}],"version-history":[{"count":3,"href":"https:\/\/www.uartes.edu.ec\/sitio\/interactos\/wp-json\/wp\/v2\/posts\/1580\/revisions"}],"predecessor-version":[{"id":1714,"href":"https:\/\/www.uartes.edu.ec\/sitio\/interactos\/wp-json\/wp\/v2\/posts\/1580\/revisions\/1714"}],"wp:featuredmedia":[{"embeddable":true,"href":"https:\/\/www.uartes.edu.ec\/sitio\/interactos\/wp-json\/wp\/v2\/media\/1581"}],"wp:attachment":[{"href":"https:\/\/www.uartes.edu.ec\/sitio\/interactos\/wp-json\/wp\/v2\/media?parent=1580"}],"wp:term":[{"taxonomy":"category","embeddable":true,"href":"https:\/\/www.uartes.edu.ec\/sitio\/interactos\/wp-json\/wp\/v2\/categories?post=1580"},{"taxonomy":"post_tag","embeddable":true,"href":"https:\/\/www.uartes.edu.ec\/sitio\/interactos\/wp-json\/wp\/v2\/tags?post=1580"}],"curies":[{"name":"wp","href":"https:\/\/api.w.org\/{rel}","templated":true}]}}