{"id":1584,"date":"2025-06-23T14:13:58","date_gmt":"2025-06-23T19:13:58","guid":{"rendered":"https:\/\/www.uartes.edu.ec\/sitio\/interactos\/?p=1584"},"modified":"2025-07-04T10:24:44","modified_gmt":"2025-07-04T15:24:44","slug":"didier-alvarez","status":"publish","type":"post","link":"https:\/\/www.uartes.edu.ec\/sitio\/interactos\/2025\/06\/23\/didier-alvarez\/","title":{"rendered":"Didier \u00c1lvarez"},"content":{"rendered":"\n<p>Bibliotec\u00f3logo, Especialista en Animaci\u00f3n Sociocultural y Pedagog\u00eda Social y Mag\u00edster en Ciencia Pol\u00edtica de la Universidad de Antioquia. Ha trabajado como bibliotecario escolar, p\u00fablico y universitario en diversos servicios, redes y sistemas de informaci\u00f3n y lectura del pa\u00eds. Desde 1998 se desempe\u00f1a como profesor e investigador en la Universidad de Antioquia, en el campo de las relaciones entre la cultura escrita, las bibliotecas y la vida social y pol\u00edtica. Adem\u00e1s, es miembro del Comit\u00e9 Interinstitucional Asesor del Plan de Lectura, Escritura y Oralidad de Medell\u00edn.<\/p>\n","protected":false},"excerpt":{"rendered":"<p>Bibliotec\u00f3logo, Especialista en Animaci\u00f3n Sociocultural y Pedagog\u00eda Social y Mag\u00edster en Ciencia Pol\u00edtica de la Universidad de Antioquia. Ha trabajado como bibliotecario escolar, p\u00fablico y universitario en diversos servicios, redes y sistemas de informaci\u00f3n y lectura del pa\u00eds. Desde 1998 se desempe\u00f1a como profesor e investigador en la Universidad de Antioquia, en el campo de [&hellip;]<\/p>\n","protected":false},"author":1,"featured_media":1585,"comment_status":"open","ping_status":"open","sticky":false,"template":"","format":"standard","meta":{"_uag_custom_page_level_css":"","_monsterinsights_skip_tracking":false,"_monsterinsights_sitenote_active":false,"_monsterinsights_sitenote_note":"","_monsterinsights_sitenote_category":0,"cybocfi_hide_featured_image":"","footnotes":""},"categories":[44],"tags":[47],"class_list":["post-1584","post","type-post","status-publish","format-standard","has-post-thumbnail","hentry","category-invitados","tag-2025interdiciplinar"],"uagb_featured_image_src":{"full":["https:\/\/www.uartes.edu.ec\/sitio\/interactos\/wp-content\/uploads\/sites\/8\/2025\/06\/Didier-Alvarez-Zapata_foto2.jpg",1000,1000,false],"thumbnail":["https:\/\/www.uartes.edu.ec\/sitio\/interactos\/wp-content\/uploads\/sites\/8\/2025\/06\/Didier-Alvarez-Zapata_foto2-150x150.jpg",150,150,true],"medium":["https:\/\/www.uartes.edu.ec\/sitio\/interactos\/wp-content\/uploads\/sites\/8\/2025\/06\/Didier-Alvarez-Zapata_foto2-300x300.jpg",300,300,true],"medium_large":["https:\/\/www.uartes.edu.ec\/sitio\/interactos\/wp-content\/uploads\/sites\/8\/2025\/06\/Didier-Alvarez-Zapata_foto2-768x768.jpg",768,768,true],"large":["https:\/\/www.uartes.edu.ec\/sitio\/interactos\/wp-content\/uploads\/sites\/8\/2025\/06\/Didier-Alvarez-Zapata_foto2.jpg",800,800,false],"1536x1536":["https:\/\/www.uartes.edu.ec\/sitio\/interactos\/wp-content\/uploads\/sites\/8\/2025\/06\/Didier-Alvarez-Zapata_foto2.jpg",1000,1000,false],"2048x2048":["https:\/\/www.uartes.edu.ec\/sitio\/interactos\/wp-content\/uploads\/sites\/8\/2025\/06\/Didier-Alvarez-Zapata_foto2.jpg",1000,1000,false]},"uagb_author_info":{"display_name":"Universidad de las Artes","author_link":"https:\/\/www.uartes.edu.ec\/sitio\/interactos\/author\/dircomadm\/"},"uagb_comment_info":0,"uagb_excerpt":"Bibliotec\u00f3logo, Especialista en Animaci\u00f3n Sociocultural y Pedagog\u00eda Social y Mag\u00edster en Ciencia Pol\u00edtica de la Universidad de Antioquia. Ha trabajado como bibliotecario escolar, p\u00fablico y universitario en diversos servicios, redes y sistemas de informaci\u00f3n y lectura del pa\u00eds. Desde 1998 se desempe\u00f1a como profesor e investigador en la Universidad de Antioquia, en el campo de&hellip;","distributor_meta":false,"distributor_terms":false,"distributor_media":false,"distributor_original_site_name":"inter [\u2022] actos","distributor_original_site_url":"https:\/\/www.uartes.edu.ec\/sitio\/interactos","push-errors":false,"_links":{"self":[{"href":"https:\/\/www.uartes.edu.ec\/sitio\/interactos\/wp-json\/wp\/v2\/posts\/1584","targetHints":{"allow":["GET"]}}],"collection":[{"href":"https:\/\/www.uartes.edu.ec\/sitio\/interactos\/wp-json\/wp\/v2\/posts"}],"about":[{"href":"https:\/\/www.uartes.edu.ec\/sitio\/interactos\/wp-json\/wp\/v2\/types\/post"}],"author":[{"embeddable":true,"href":"https:\/\/www.uartes.edu.ec\/sitio\/interactos\/wp-json\/wp\/v2\/users\/1"}],"replies":[{"embeddable":true,"href":"https:\/\/www.uartes.edu.ec\/sitio\/interactos\/wp-json\/wp\/v2\/comments?post=1584"}],"version-history":[{"count":2,"href":"https:\/\/www.uartes.edu.ec\/sitio\/interactos\/wp-json\/wp\/v2\/posts\/1584\/revisions"}],"predecessor-version":[{"id":1701,"href":"https:\/\/www.uartes.edu.ec\/sitio\/interactos\/wp-json\/wp\/v2\/posts\/1584\/revisions\/1701"}],"wp:featuredmedia":[{"embeddable":true,"href":"https:\/\/www.uartes.edu.ec\/sitio\/interactos\/wp-json\/wp\/v2\/media\/1585"}],"wp:attachment":[{"href":"https:\/\/www.uartes.edu.ec\/sitio\/interactos\/wp-json\/wp\/v2\/media?parent=1584"}],"wp:term":[{"taxonomy":"category","embeddable":true,"href":"https:\/\/www.uartes.edu.ec\/sitio\/interactos\/wp-json\/wp\/v2\/categories?post=1584"},{"taxonomy":"post_tag","embeddable":true,"href":"https:\/\/www.uartes.edu.ec\/sitio\/interactos\/wp-json\/wp\/v2\/tags?post=1584"}],"curies":[{"name":"wp","href":"https:\/\/api.w.org\/{rel}","templated":true}]}}