{"id":1590,"date":"2025-06-23T14:21:14","date_gmt":"2025-06-23T19:21:14","guid":{"rendered":"https:\/\/www.uartes.edu.ec\/sitio\/interactos\/?p=1590"},"modified":"2025-06-23T14:22:38","modified_gmt":"2025-06-23T19:22:38","slug":"everardo-gonzalez","status":"publish","type":"post","link":"https:\/\/www.uartes.edu.ec\/sitio\/interactos\/2025\/06\/23\/everardo-gonzalez\/","title":{"rendered":"Everardo Gonz\u00e1lez"},"content":{"rendered":"\n<p>Director mexicano, con veinte a\u00f1os de trayectoria, cuya obra de documentalista se considera una de las m\u00e1s s\u00f3lidas en Am\u00e9rica Latina. Durante sus a\u00f1os como director ha acumulado diversos premios entre ellos un Ariel de Plata, premios en los Festivales de Toulouse, Montreal, Locarno, BAFICI, Guadalajara, CRFIC y el FICM. Es miembro de la Academy of Motion<br>Picture and Sciences y de la Academia Mexicana de Artes y Ciencias Cinematogr\u00e1ficas.<\/p>\n","protected":false},"excerpt":{"rendered":"<p>Director mexicano, con veinte a\u00f1os de trayectoria, cuya obra de documentalista se considera una de las m\u00e1s s\u00f3lidas en Am\u00e9rica Latina. Durante sus a\u00f1os como director ha acumulado diversos premios entre ellos un Ariel de Plata, premios en los Festivales de Toulouse, Montreal, Locarno, BAFICI, Guadalajara, CRFIC y el FICM. Es miembro de la Academy [&hellip;]<\/p>\n","protected":false},"author":1,"featured_media":1591,"comment_status":"open","ping_status":"open","sticky":false,"template":"","format":"standard","meta":{"_uag_custom_page_level_css":"","_monsterinsights_skip_tracking":false,"_monsterinsights_sitenote_active":false,"_monsterinsights_sitenote_note":"","_monsterinsights_sitenote_category":0,"cybocfi_hide_featured_image":"","footnotes":""},"categories":[44],"tags":[49],"class_list":["post-1590","post","type-post","status-publish","format-standard","has-post-thumbnail","hentry","category-invitados","tag-2025cine"],"uagb_featured_image_src":{"full":["https:\/\/www.uartes.edu.ec\/sitio\/interactos\/wp-content\/uploads\/sites\/8\/2025\/06\/everardo-onzalez.jpg",1000,1000,false],"thumbnail":["https:\/\/www.uartes.edu.ec\/sitio\/interactos\/wp-content\/uploads\/sites\/8\/2025\/06\/everardo-onzalez-150x150.jpg",150,150,true],"medium":["https:\/\/www.uartes.edu.ec\/sitio\/interactos\/wp-content\/uploads\/sites\/8\/2025\/06\/everardo-onzalez-300x300.jpg",300,300,true],"medium_large":["https:\/\/www.uartes.edu.ec\/sitio\/interactos\/wp-content\/uploads\/sites\/8\/2025\/06\/everardo-onzalez-768x768.jpg",768,768,true],"large":["https:\/\/www.uartes.edu.ec\/sitio\/interactos\/wp-content\/uploads\/sites\/8\/2025\/06\/everardo-onzalez.jpg",800,800,false],"1536x1536":["https:\/\/www.uartes.edu.ec\/sitio\/interactos\/wp-content\/uploads\/sites\/8\/2025\/06\/everardo-onzalez.jpg",1000,1000,false],"2048x2048":["https:\/\/www.uartes.edu.ec\/sitio\/interactos\/wp-content\/uploads\/sites\/8\/2025\/06\/everardo-onzalez.jpg",1000,1000,false]},"uagb_author_info":{"display_name":"Universidad de las Artes","author_link":"https:\/\/www.uartes.edu.ec\/sitio\/interactos\/author\/dircomadm\/"},"uagb_comment_info":0,"uagb_excerpt":"Director mexicano, con veinte a\u00f1os de trayectoria, cuya obra de documentalista se considera una de las m\u00e1s s\u00f3lidas en Am\u00e9rica Latina. Durante sus a\u00f1os como director ha acumulado diversos premios entre ellos un Ariel de Plata, premios en los Festivales de Toulouse, Montreal, Locarno, BAFICI, Guadalajara, CRFIC y el FICM. Es miembro de la Academy&hellip;","distributor_meta":false,"distributor_terms":false,"distributor_media":false,"distributor_original_site_name":"inter [\u2022] actos","distributor_original_site_url":"https:\/\/www.uartes.edu.ec\/sitio\/interactos","push-errors":false,"_links":{"self":[{"href":"https:\/\/www.uartes.edu.ec\/sitio\/interactos\/wp-json\/wp\/v2\/posts\/1590","targetHints":{"allow":["GET"]}}],"collection":[{"href":"https:\/\/www.uartes.edu.ec\/sitio\/interactos\/wp-json\/wp\/v2\/posts"}],"about":[{"href":"https:\/\/www.uartes.edu.ec\/sitio\/interactos\/wp-json\/wp\/v2\/types\/post"}],"author":[{"embeddable":true,"href":"https:\/\/www.uartes.edu.ec\/sitio\/interactos\/wp-json\/wp\/v2\/users\/1"}],"replies":[{"embeddable":true,"href":"https:\/\/www.uartes.edu.ec\/sitio\/interactos\/wp-json\/wp\/v2\/comments?post=1590"}],"version-history":[{"count":1,"href":"https:\/\/www.uartes.edu.ec\/sitio\/interactos\/wp-json\/wp\/v2\/posts\/1590\/revisions"}],"predecessor-version":[{"id":1592,"href":"https:\/\/www.uartes.edu.ec\/sitio\/interactos\/wp-json\/wp\/v2\/posts\/1590\/revisions\/1592"}],"wp:featuredmedia":[{"embeddable":true,"href":"https:\/\/www.uartes.edu.ec\/sitio\/interactos\/wp-json\/wp\/v2\/media\/1591"}],"wp:attachment":[{"href":"https:\/\/www.uartes.edu.ec\/sitio\/interactos\/wp-json\/wp\/v2\/media?parent=1590"}],"wp:term":[{"taxonomy":"category","embeddable":true,"href":"https:\/\/www.uartes.edu.ec\/sitio\/interactos\/wp-json\/wp\/v2\/categories?post=1590"},{"taxonomy":"post_tag","embeddable":true,"href":"https:\/\/www.uartes.edu.ec\/sitio\/interactos\/wp-json\/wp\/v2\/tags?post=1590"}],"curies":[{"name":"wp","href":"https:\/\/api.w.org\/{rel}","templated":true}]}}