{"id":1597,"date":"2025-06-23T14:28:35","date_gmt":"2025-06-23T19:28:35","guid":{"rendered":"https:\/\/www.uartes.edu.ec\/sitio\/interactos\/?p=1597"},"modified":"2025-06-23T14:28:37","modified_gmt":"2025-06-23T19:28:37","slug":"ruben-castillo","status":"publish","type":"post","link":"https:\/\/www.uartes.edu.ec\/sitio\/interactos\/2025\/06\/23\/ruben-castillo\/","title":{"rendered":"Rub\u00e9n Castillo"},"content":{"rendered":"\n<p>Animador, ilustrador, realizador, director de arte de animaci\u00f3n y docente. Con mas de 25 a\u00f1os de trayectoria en la animaci\u00f3n, ha participado en varios cortometrajes y largometrajes.<\/p>\n\n\n\n<p>Entre las obras m\u00e1s destacadas en las que realiz\u00f3 la direcci\u00f3n de arte y particip\u00f3 como animador, est\u00e1 el cortometraje \u201cCastillo y el Armado\u201d (2014). Este film ha sido ampliamente reconocido en festivales internacionales, obteniendo m\u00e1s de 40 premios, incluyendo Mejor Cortometraje de Animaci\u00f3n en el Festival del nuevo Cine Latino Americano de la Habana, Cuba 2014, Mejor Cortometraje en el Festival Internacional de Cine en Guadalajara (FICG30) en 2015, y Mejor Direcci\u00f3n de Arte en Anima Mundi, Brasil, en el mismo a\u00f1o . El cortometraje se estren\u00f3 mundialmente en la secci\u00f3n Orizzonti del 71\u00ba Festival de Cine de Venecia en 2014 .<\/p>\n\n\n\n<p>Ruben Castillo tambi\u00e9n se desempe\u00f1\u00f3 como docente en la Universidad de las Artes \u2013 Guayaquil entre los a\u00f1os 2017 y 2021 y ha dictado talleres de animaci\u00f3n para ni\u00f1as y ni\u00f1os en Brasil, Uruguay y Ecuador.<\/p>\n\n\n\n<p>Actualmente se encuentra trabajando en la etapa de post-producci\u00f3n de su cortometraje animado &#8220;Gurisito&#8221;.<\/p>\n","protected":false},"excerpt":{"rendered":"<p>Animador, ilustrador, realizador, director de arte de animaci\u00f3n y docente. Con mas de 25 a\u00f1os de trayectoria en la animaci\u00f3n, ha participado en varios cortometrajes y largometrajes. Entre las obras m\u00e1s destacadas en las que realiz\u00f3 la direcci\u00f3n de arte y particip\u00f3 como animador, est\u00e1 el cortometraje \u201cCastillo y el Armado\u201d (2014). Este film ha [&hellip;]<\/p>\n","protected":false},"author":1,"featured_media":1598,"comment_status":"open","ping_status":"open","sticky":false,"template":"","format":"standard","meta":{"_uag_custom_page_level_css":"","_monsterinsights_skip_tracking":false,"_monsterinsights_sitenote_active":false,"_monsterinsights_sitenote_note":"","_monsterinsights_sitenote_category":0,"cybocfi_hide_featured_image":"","footnotes":""},"categories":[44],"tags":[49],"class_list":["post-1597","post","type-post","status-publish","format-standard","has-post-thumbnail","hentry","category-invitados","tag-2025cine"],"uagb_featured_image_src":{"full":["https:\/\/www.uartes.edu.ec\/sitio\/interactos\/wp-content\/uploads\/sites\/8\/2025\/06\/DRAIO.jpg",1000,1000,false],"thumbnail":["https:\/\/www.uartes.edu.ec\/sitio\/interactos\/wp-content\/uploads\/sites\/8\/2025\/06\/DRAIO-150x150.jpg",150,150,true],"medium":["https:\/\/www.uartes.edu.ec\/sitio\/interactos\/wp-content\/uploads\/sites\/8\/2025\/06\/DRAIO-300x300.jpg",300,300,true],"medium_large":["https:\/\/www.uartes.edu.ec\/sitio\/interactos\/wp-content\/uploads\/sites\/8\/2025\/06\/DRAIO-768x768.jpg",768,768,true],"large":["https:\/\/www.uartes.edu.ec\/sitio\/interactos\/wp-content\/uploads\/sites\/8\/2025\/06\/DRAIO.jpg",800,800,false],"1536x1536":["https:\/\/www.uartes.edu.ec\/sitio\/interactos\/wp-content\/uploads\/sites\/8\/2025\/06\/DRAIO.jpg",1000,1000,false],"2048x2048":["https:\/\/www.uartes.edu.ec\/sitio\/interactos\/wp-content\/uploads\/sites\/8\/2025\/06\/DRAIO.jpg",1000,1000,false]},"uagb_author_info":{"display_name":"Universidad de las Artes","author_link":"https:\/\/www.uartes.edu.ec\/sitio\/interactos\/author\/dircomadm\/"},"uagb_comment_info":0,"uagb_excerpt":"Animador, ilustrador, realizador, director de arte de animaci\u00f3n y docente. Con mas de 25 a\u00f1os de trayectoria en la animaci\u00f3n, ha participado en varios cortometrajes y largometrajes. Entre las obras m\u00e1s destacadas en las que realiz\u00f3 la direcci\u00f3n de arte y particip\u00f3 como animador, est\u00e1 el cortometraje \u201cCastillo y el Armado\u201d (2014). Este film ha&hellip;","distributor_meta":false,"distributor_terms":false,"distributor_media":false,"distributor_original_site_name":"inter [\u2022] actos","distributor_original_site_url":"https:\/\/www.uartes.edu.ec\/sitio\/interactos","push-errors":false,"_links":{"self":[{"href":"https:\/\/www.uartes.edu.ec\/sitio\/interactos\/wp-json\/wp\/v2\/posts\/1597","targetHints":{"allow":["GET"]}}],"collection":[{"href":"https:\/\/www.uartes.edu.ec\/sitio\/interactos\/wp-json\/wp\/v2\/posts"}],"about":[{"href":"https:\/\/www.uartes.edu.ec\/sitio\/interactos\/wp-json\/wp\/v2\/types\/post"}],"author":[{"embeddable":true,"href":"https:\/\/www.uartes.edu.ec\/sitio\/interactos\/wp-json\/wp\/v2\/users\/1"}],"replies":[{"embeddable":true,"href":"https:\/\/www.uartes.edu.ec\/sitio\/interactos\/wp-json\/wp\/v2\/comments?post=1597"}],"version-history":[{"count":1,"href":"https:\/\/www.uartes.edu.ec\/sitio\/interactos\/wp-json\/wp\/v2\/posts\/1597\/revisions"}],"predecessor-version":[{"id":1599,"href":"https:\/\/www.uartes.edu.ec\/sitio\/interactos\/wp-json\/wp\/v2\/posts\/1597\/revisions\/1599"}],"wp:featuredmedia":[{"embeddable":true,"href":"https:\/\/www.uartes.edu.ec\/sitio\/interactos\/wp-json\/wp\/v2\/media\/1598"}],"wp:attachment":[{"href":"https:\/\/www.uartes.edu.ec\/sitio\/interactos\/wp-json\/wp\/v2\/media?parent=1597"}],"wp:term":[{"taxonomy":"category","embeddable":true,"href":"https:\/\/www.uartes.edu.ec\/sitio\/interactos\/wp-json\/wp\/v2\/categories?post=1597"},{"taxonomy":"post_tag","embeddable":true,"href":"https:\/\/www.uartes.edu.ec\/sitio\/interactos\/wp-json\/wp\/v2\/tags?post=1597"}],"curies":[{"name":"wp","href":"https:\/\/api.w.org\/{rel}","templated":true}]}}