{"id":1603,"date":"2025-06-23T14:34:47","date_gmt":"2025-06-23T19:34:47","guid":{"rendered":"https:\/\/www.uartes.edu.ec\/sitio\/interactos\/?p=1603"},"modified":"2025-06-23T14:34:55","modified_gmt":"2025-06-23T19:34:55","slug":"ruslan-torres","status":"publish","type":"post","link":"https:\/\/www.uartes.edu.ec\/sitio\/interactos\/2025\/06\/23\/ruslan-torres\/","title":{"rendered":"Rusl\u00e1n Torres"},"content":{"rendered":"\n<p>Graduado del Instituto Superior de Arte, La Habana, 2001. Artista, Curador e Investigador \/ Doctor en Ciencias del Arte \/ M\u00e1ster en Arte \/ Miembro de la Uni\u00f3n Nacional de Escritores y Artistas de Cuba (UNEAC). Desde su labor docente ha desarrollado importantes proyectos que lo vinculan tanto al escenario del Arte Cubano como a una labor pedag\u00f3gica, no solo en el \u00e1mbito nacional sino tambi\u00e9n en importantes universidades de otras partes del mundo como Pratt Institute de New York, la Florida International University (FIU) en los Estados Unidos, la Bauhaus-Universit\u00e4t de Weimar y la Burg Giebichenstein Kunsthochschule, Halle, en Alemania as\u00ed como la Universidad Surcolombiana (USCO), Neiva y la Universidad del Atl\u00e1ntico, Barranquilla, ambas en Colombia, como en la Universidad Aut\u00f3noma de Baja California (UABC), Tijuana, M\u00e9xico.<\/p>\n","protected":false},"excerpt":{"rendered":"<p>Graduado del Instituto Superior de Arte, La Habana, 2001. Artista, Curador e Investigador \/ Doctor en Ciencias del Arte \/ M\u00e1ster en Arte \/ Miembro de la Uni\u00f3n Nacional de Escritores y Artistas de Cuba (UNEAC). Desde su labor docente ha desarrollado importantes proyectos que lo vinculan tanto al escenario del Arte Cubano como a [&hellip;]<\/p>\n","protected":false},"author":1,"featured_media":1664,"comment_status":"open","ping_status":"open","sticky":false,"template":"","format":"standard","meta":{"_uag_custom_page_level_css":"","_monsterinsights_skip_tracking":false,"_monsterinsights_sitenote_active":false,"_monsterinsights_sitenote_note":"","_monsterinsights_sitenote_category":0,"cybocfi_hide_featured_image":"","footnotes":""},"categories":[44],"tags":[50],"class_list":["post-1603","post","type-post","status-publish","format-standard","has-post-thumbnail","hentry","category-invitados","tag-2025visuales"],"uagb_featured_image_src":{"full":["https:\/\/www.uartes.edu.ec\/sitio\/interactos\/wp-content\/uploads\/sites\/8\/2025\/06\/ruslan-torres.jpg",1000,1000,false],"thumbnail":["https:\/\/www.uartes.edu.ec\/sitio\/interactos\/wp-content\/uploads\/sites\/8\/2025\/06\/ruslan-torres-150x150.jpg",150,150,true],"medium":["https:\/\/www.uartes.edu.ec\/sitio\/interactos\/wp-content\/uploads\/sites\/8\/2025\/06\/ruslan-torres-300x300.jpg",300,300,true],"medium_large":["https:\/\/www.uartes.edu.ec\/sitio\/interactos\/wp-content\/uploads\/sites\/8\/2025\/06\/ruslan-torres-768x768.jpg",768,768,true],"large":["https:\/\/www.uartes.edu.ec\/sitio\/interactos\/wp-content\/uploads\/sites\/8\/2025\/06\/ruslan-torres.jpg",800,800,false],"1536x1536":["https:\/\/www.uartes.edu.ec\/sitio\/interactos\/wp-content\/uploads\/sites\/8\/2025\/06\/ruslan-torres.jpg",1000,1000,false],"2048x2048":["https:\/\/www.uartes.edu.ec\/sitio\/interactos\/wp-content\/uploads\/sites\/8\/2025\/06\/ruslan-torres.jpg",1000,1000,false]},"uagb_author_info":{"display_name":"Universidad de las Artes","author_link":"https:\/\/www.uartes.edu.ec\/sitio\/interactos\/author\/dircomadm\/"},"uagb_comment_info":0,"uagb_excerpt":"Graduado del Instituto Superior de Arte, La Habana, 2001. Artista, Curador e Investigador \/ Doctor en Ciencias del Arte \/ M\u00e1ster en Arte \/ Miembro de la Uni\u00f3n Nacional de Escritores y Artistas de Cuba (UNEAC). Desde su labor docente ha desarrollado importantes proyectos que lo vinculan tanto al escenario del Arte Cubano como a&hellip;","distributor_meta":false,"distributor_terms":false,"distributor_media":false,"distributor_original_site_name":"inter [\u2022] actos","distributor_original_site_url":"https:\/\/www.uartes.edu.ec\/sitio\/interactos","push-errors":false,"_links":{"self":[{"href":"https:\/\/www.uartes.edu.ec\/sitio\/interactos\/wp-json\/wp\/v2\/posts\/1603","targetHints":{"allow":["GET"]}}],"collection":[{"href":"https:\/\/www.uartes.edu.ec\/sitio\/interactos\/wp-json\/wp\/v2\/posts"}],"about":[{"href":"https:\/\/www.uartes.edu.ec\/sitio\/interactos\/wp-json\/wp\/v2\/types\/post"}],"author":[{"embeddable":true,"href":"https:\/\/www.uartes.edu.ec\/sitio\/interactos\/wp-json\/wp\/v2\/users\/1"}],"replies":[{"embeddable":true,"href":"https:\/\/www.uartes.edu.ec\/sitio\/interactos\/wp-json\/wp\/v2\/comments?post=1603"}],"version-history":[{"count":1,"href":"https:\/\/www.uartes.edu.ec\/sitio\/interactos\/wp-json\/wp\/v2\/posts\/1603\/revisions"}],"predecessor-version":[{"id":1605,"href":"https:\/\/www.uartes.edu.ec\/sitio\/interactos\/wp-json\/wp\/v2\/posts\/1603\/revisions\/1605"}],"wp:featuredmedia":[{"embeddable":true,"href":"https:\/\/www.uartes.edu.ec\/sitio\/interactos\/wp-json\/wp\/v2\/media\/1664"}],"wp:attachment":[{"href":"https:\/\/www.uartes.edu.ec\/sitio\/interactos\/wp-json\/wp\/v2\/media?parent=1603"}],"wp:term":[{"taxonomy":"category","embeddable":true,"href":"https:\/\/www.uartes.edu.ec\/sitio\/interactos\/wp-json\/wp\/v2\/categories?post=1603"},{"taxonomy":"post_tag","embeddable":true,"href":"https:\/\/www.uartes.edu.ec\/sitio\/interactos\/wp-json\/wp\/v2\/tags?post=1603"}],"curies":[{"name":"wp","href":"https:\/\/api.w.org\/{rel}","templated":true}]}}