{"id":1606,"date":"2025-06-23T14:40:25","date_gmt":"2025-06-23T19:40:25","guid":{"rendered":"https:\/\/www.uartes.edu.ec\/sitio\/interactos\/?p=1606"},"modified":"2025-07-04T11:03:20","modified_gmt":"2025-07-04T16:03:20","slug":"daniel-alvarado","status":"publish","type":"post","link":"https:\/\/www.uartes.edu.ec\/sitio\/interactos\/2025\/06\/23\/daniel-alvarado\/","title":{"rendered":"Daniel Alvarado"},"content":{"rendered":"\n<p>Artista pl\u00e1stico guayaquile\u00f1o, mag\u00edster en Artes Pl\u00e1sticas y Visuales por la Universidad Nacional de Colombia (2019). Es cofundador de Letr\u00e1n Arte contempor\u00e1neo (2019), un espacio de investigaci\u00f3n y acompa\u00f1amiento pedag\u00f3gico alrededor de los procesos de creaci\u00f3n en artes. Fue docente investigador del ITAE (2012-2016) y actualmente se desempe\u00f1a como profesor de varias asignaturas de creaci\u00f3n (2024-) en la UArtes. Su obra ha sido exhibida colectivamente en Bogot\u00e1, Lima, Guayaquil, Quito, Cuenca y Machala. Fue reconocido con el segundo premio del 55 Sal\u00f3n de Julio \u201cFundaci\u00f3n de Guayaquil\u201d<\/p>\n","protected":false},"excerpt":{"rendered":"<p>Artista pl\u00e1stico guayaquile\u00f1o, mag\u00edster en Artes Pl\u00e1sticas y Visuales por la Universidad Nacional de Colombia (2019). Es cofundador de Letr\u00e1n Arte contempor\u00e1neo (2019), un espacio de investigaci\u00f3n y acompa\u00f1amiento pedag\u00f3gico alrededor de los procesos de creaci\u00f3n en artes. Fue docente investigador del ITAE (2012-2016) y actualmente se desempe\u00f1a como profesor de varias asignaturas de creaci\u00f3n [&hellip;]<\/p>\n","protected":false},"author":1,"featured_media":1607,"comment_status":"open","ping_status":"open","sticky":false,"template":"","format":"standard","meta":{"_uag_custom_page_level_css":"","_monsterinsights_skip_tracking":false,"_monsterinsights_sitenote_active":false,"_monsterinsights_sitenote_note":"","_monsterinsights_sitenote_category":0,"cybocfi_hide_featured_image":"","footnotes":""},"categories":[44],"tags":[50],"class_list":["post-1606","post","type-post","status-publish","format-standard","has-post-thumbnail","hentry","category-invitados","tag-2025visuales"],"uagb_featured_image_src":{"full":["https:\/\/www.uartes.edu.ec\/sitio\/interactos\/wp-content\/uploads\/sites\/8\/2025\/06\/deniel-alvarado.jpg",1000,1000,false],"thumbnail":["https:\/\/www.uartes.edu.ec\/sitio\/interactos\/wp-content\/uploads\/sites\/8\/2025\/06\/deniel-alvarado-150x150.jpg",150,150,true],"medium":["https:\/\/www.uartes.edu.ec\/sitio\/interactos\/wp-content\/uploads\/sites\/8\/2025\/06\/deniel-alvarado-300x300.jpg",300,300,true],"medium_large":["https:\/\/www.uartes.edu.ec\/sitio\/interactos\/wp-content\/uploads\/sites\/8\/2025\/06\/deniel-alvarado-768x768.jpg",768,768,true],"large":["https:\/\/www.uartes.edu.ec\/sitio\/interactos\/wp-content\/uploads\/sites\/8\/2025\/06\/deniel-alvarado.jpg",800,800,false],"1536x1536":["https:\/\/www.uartes.edu.ec\/sitio\/interactos\/wp-content\/uploads\/sites\/8\/2025\/06\/deniel-alvarado.jpg",1000,1000,false],"2048x2048":["https:\/\/www.uartes.edu.ec\/sitio\/interactos\/wp-content\/uploads\/sites\/8\/2025\/06\/deniel-alvarado.jpg",1000,1000,false]},"uagb_author_info":{"display_name":"Universidad de las Artes","author_link":"https:\/\/www.uartes.edu.ec\/sitio\/interactos\/author\/dircomadm\/"},"uagb_comment_info":0,"uagb_excerpt":"Artista pl\u00e1stico guayaquile\u00f1o, mag\u00edster en Artes Pl\u00e1sticas y Visuales por la Universidad Nacional de Colombia (2019). Es cofundador de Letr\u00e1n Arte contempor\u00e1neo (2019), un espacio de investigaci\u00f3n y acompa\u00f1amiento pedag\u00f3gico alrededor de los procesos de creaci\u00f3n en artes. Fue docente investigador del ITAE (2012-2016) y actualmente se desempe\u00f1a como profesor de varias asignaturas de creaci\u00f3n&hellip;","distributor_meta":false,"distributor_terms":false,"distributor_media":false,"distributor_original_site_name":"inter [\u2022] actos","distributor_original_site_url":"https:\/\/www.uartes.edu.ec\/sitio\/interactos","push-errors":false,"_links":{"self":[{"href":"https:\/\/www.uartes.edu.ec\/sitio\/interactos\/wp-json\/wp\/v2\/posts\/1606","targetHints":{"allow":["GET"]}}],"collection":[{"href":"https:\/\/www.uartes.edu.ec\/sitio\/interactos\/wp-json\/wp\/v2\/posts"}],"about":[{"href":"https:\/\/www.uartes.edu.ec\/sitio\/interactos\/wp-json\/wp\/v2\/types\/post"}],"author":[{"embeddable":true,"href":"https:\/\/www.uartes.edu.ec\/sitio\/interactos\/wp-json\/wp\/v2\/users\/1"}],"replies":[{"embeddable":true,"href":"https:\/\/www.uartes.edu.ec\/sitio\/interactos\/wp-json\/wp\/v2\/comments?post=1606"}],"version-history":[{"count":2,"href":"https:\/\/www.uartes.edu.ec\/sitio\/interactos\/wp-json\/wp\/v2\/posts\/1606\/revisions"}],"predecessor-version":[{"id":1723,"href":"https:\/\/www.uartes.edu.ec\/sitio\/interactos\/wp-json\/wp\/v2\/posts\/1606\/revisions\/1723"}],"wp:featuredmedia":[{"embeddable":true,"href":"https:\/\/www.uartes.edu.ec\/sitio\/interactos\/wp-json\/wp\/v2\/media\/1607"}],"wp:attachment":[{"href":"https:\/\/www.uartes.edu.ec\/sitio\/interactos\/wp-json\/wp\/v2\/media?parent=1606"}],"wp:term":[{"taxonomy":"category","embeddable":true,"href":"https:\/\/www.uartes.edu.ec\/sitio\/interactos\/wp-json\/wp\/v2\/categories?post=1606"},{"taxonomy":"post_tag","embeddable":true,"href":"https:\/\/www.uartes.edu.ec\/sitio\/interactos\/wp-json\/wp\/v2\/tags?post=1606"}],"curies":[{"name":"wp","href":"https:\/\/api.w.org\/{rel}","templated":true}]}}