{"id":1615,"date":"2025-06-23T15:00:39","date_gmt":"2025-06-23T20:00:39","guid":{"rendered":"https:\/\/www.uartes.edu.ec\/sitio\/interactos\/?p=1615"},"modified":"2025-07-04T11:02:16","modified_gmt":"2025-07-04T16:02:16","slug":"cristian-villavicencio","status":"publish","type":"post","link":"https:\/\/www.uartes.edu.ec\/sitio\/interactos\/2025\/06\/23\/cristian-villavicencio\/","title":{"rendered":"Cristian Villavicencio"},"content":{"rendered":"\n<p>Artista, docente e investigador. Realiz\u00f3 sus estudios de pregrado en Bellas Artes (2011) y posgrado, Maestr\u00eda en Investigaci\u00f3n en Arte Contempor\u00e1neo (2013), en la Universidad del Pa\u00eds Vasco (UPV\/EHU), donde desarroll\u00f3 tambi\u00e9n su proyecto de tesis doctoral en Investigaci\u00f3n en Arte Contempor\u00e1neo. (Guayaquil, Ecuador).<\/p>\n\n\n\n<p>Es docente titular en la Universidad de las Artes. Ha desempe\u00f1ado roles como coordinador de la Maestr\u00eda en Artes Visuales y Nuevos Medios. Actualmente es el director de la Escuela de Posgrados de la Universidad de las Artes.<\/p>\n\n\n\n<p>Su obra se ha exhibido en diversos espacios y eventos, entre ellos la Fundaci\u00f3n BilbaoArte Fundazioa, el Centro Cultural Montehermoso Kulturunea, el Museo Guggenheim Bilbao, Ars Electronica Festival (Linz, Austria), la exposici\u00f3n 10 years Interface Cultures Exhibition, Arte Actual FLACSO (Quito), y la Universidad de las Artes (Guayaquil). Particip\u00f3 en la 15 Bienal de Cuenca en 2021.<\/p>\n","protected":false},"excerpt":{"rendered":"<p>Artista, docente e investigador. Realiz\u00f3 sus estudios de pregrado en Bellas Artes (2011) y posgrado, Maestr\u00eda en Investigaci\u00f3n en Arte Contempor\u00e1neo (2013), en la Universidad del Pa\u00eds Vasco (UPV\/EHU), donde desarroll\u00f3 tambi\u00e9n su proyecto de tesis doctoral en Investigaci\u00f3n en Arte Contempor\u00e1neo. (Guayaquil, Ecuador). Es docente titular en la Universidad de las Artes. Ha desempe\u00f1ado [&hellip;]<\/p>\n","protected":false},"author":1,"featured_media":1616,"comment_status":"open","ping_status":"open","sticky":false,"template":"","format":"standard","meta":{"_uag_custom_page_level_css":"","_monsterinsights_skip_tracking":false,"_monsterinsights_sitenote_active":false,"_monsterinsights_sitenote_note":"","_monsterinsights_sitenote_category":0,"cybocfi_hide_featured_image":"","footnotes":""},"categories":[44],"tags":[50],"class_list":["post-1615","post","type-post","status-publish","format-standard","has-post-thumbnail","hentry","category-invitados","tag-2025visuales"],"uagb_featured_image_src":{"full":["https:\/\/www.uartes.edu.ec\/sitio\/interactos\/wp-content\/uploads\/sites\/8\/2025\/06\/CRISTIAN-VILLAVICENCIO-1.jpg",1000,1000,false],"thumbnail":["https:\/\/www.uartes.edu.ec\/sitio\/interactos\/wp-content\/uploads\/sites\/8\/2025\/06\/CRISTIAN-VILLAVICENCIO-1-150x150.jpg",150,150,true],"medium":["https:\/\/www.uartes.edu.ec\/sitio\/interactos\/wp-content\/uploads\/sites\/8\/2025\/06\/CRISTIAN-VILLAVICENCIO-1-300x300.jpg",300,300,true],"medium_large":["https:\/\/www.uartes.edu.ec\/sitio\/interactos\/wp-content\/uploads\/sites\/8\/2025\/06\/CRISTIAN-VILLAVICENCIO-1-768x768.jpg",768,768,true],"large":["https:\/\/www.uartes.edu.ec\/sitio\/interactos\/wp-content\/uploads\/sites\/8\/2025\/06\/CRISTIAN-VILLAVICENCIO-1.jpg",800,800,false],"1536x1536":["https:\/\/www.uartes.edu.ec\/sitio\/interactos\/wp-content\/uploads\/sites\/8\/2025\/06\/CRISTIAN-VILLAVICENCIO-1.jpg",1000,1000,false],"2048x2048":["https:\/\/www.uartes.edu.ec\/sitio\/interactos\/wp-content\/uploads\/sites\/8\/2025\/06\/CRISTIAN-VILLAVICENCIO-1.jpg",1000,1000,false]},"uagb_author_info":{"display_name":"Universidad de las Artes","author_link":"https:\/\/www.uartes.edu.ec\/sitio\/interactos\/author\/dircomadm\/"},"uagb_comment_info":0,"uagb_excerpt":"Artista, docente e investigador. Realiz\u00f3 sus estudios de pregrado en Bellas Artes (2011) y posgrado, Maestr\u00eda en Investigaci\u00f3n en Arte Contempor\u00e1neo (2013), en la Universidad del Pa\u00eds Vasco (UPV\/EHU), donde desarroll\u00f3 tambi\u00e9n su proyecto de tesis doctoral en Investigaci\u00f3n en Arte Contempor\u00e1neo. (Guayaquil, Ecuador). Es docente titular en la Universidad de las Artes. Ha desempe\u00f1ado&hellip;","distributor_meta":false,"distributor_terms":false,"distributor_media":false,"distributor_original_site_name":"inter [\u2022] actos","distributor_original_site_url":"https:\/\/www.uartes.edu.ec\/sitio\/interactos","push-errors":false,"_links":{"self":[{"href":"https:\/\/www.uartes.edu.ec\/sitio\/interactos\/wp-json\/wp\/v2\/posts\/1615","targetHints":{"allow":["GET"]}}],"collection":[{"href":"https:\/\/www.uartes.edu.ec\/sitio\/interactos\/wp-json\/wp\/v2\/posts"}],"about":[{"href":"https:\/\/www.uartes.edu.ec\/sitio\/interactos\/wp-json\/wp\/v2\/types\/post"}],"author":[{"embeddable":true,"href":"https:\/\/www.uartes.edu.ec\/sitio\/interactos\/wp-json\/wp\/v2\/users\/1"}],"replies":[{"embeddable":true,"href":"https:\/\/www.uartes.edu.ec\/sitio\/interactos\/wp-json\/wp\/v2\/comments?post=1615"}],"version-history":[{"count":2,"href":"https:\/\/www.uartes.edu.ec\/sitio\/interactos\/wp-json\/wp\/v2\/posts\/1615\/revisions"}],"predecessor-version":[{"id":1721,"href":"https:\/\/www.uartes.edu.ec\/sitio\/interactos\/wp-json\/wp\/v2\/posts\/1615\/revisions\/1721"}],"wp:featuredmedia":[{"embeddable":true,"href":"https:\/\/www.uartes.edu.ec\/sitio\/interactos\/wp-json\/wp\/v2\/media\/1616"}],"wp:attachment":[{"href":"https:\/\/www.uartes.edu.ec\/sitio\/interactos\/wp-json\/wp\/v2\/media?parent=1615"}],"wp:term":[{"taxonomy":"category","embeddable":true,"href":"https:\/\/www.uartes.edu.ec\/sitio\/interactos\/wp-json\/wp\/v2\/categories?post=1615"},{"taxonomy":"post_tag","embeddable":true,"href":"https:\/\/www.uartes.edu.ec\/sitio\/interactos\/wp-json\/wp\/v2\/tags?post=1615"}],"curies":[{"name":"wp","href":"https:\/\/api.w.org\/{rel}","templated":true}]}}