{"id":1619,"date":"2025-06-23T15:01:43","date_gmt":"2025-06-23T20:01:43","guid":{"rendered":"https:\/\/www.uartes.edu.ec\/sitio\/interactos\/?p=1619"},"modified":"2025-07-04T11:01:21","modified_gmt":"2025-07-04T16:01:21","slug":"ruth-cruz","status":"publish","type":"post","link":"https:\/\/www.uartes.edu.ec\/sitio\/interactos\/2025\/06\/23\/ruth-cruz\/","title":{"rendered":"Ruth Cruz"},"content":{"rendered":"\n<p>Artista visual, docente universitaria e investigadora, con una trayectoria que cruza la creaci\u00f3n art\u00edstica, la producci\u00f3n museogr\u00e1fica y el desarrollo de proyectos acad\u00e9micos en torno al arte, la tecnolog\u00eda y la especulaci\u00f3n. Actualmente cursa el Doctorado en Artes y Tecnoest\u00e9ticas en la Universidad Nacional de Tres de Febrero (UNTREF, Argentina). Es M\u00e1ster en Artes Visuales y Nuevos Medios y Licenciada en Artes Pl\u00e1sticas por la Universidad de las Artes del Ecuador, instituci\u00f3n donde actualmente es docente en la Escuela de Artes Visuales.<\/p>\n\n\n\n<p>En el campo museogr\u00e1fico, ha participado como montajista y directora de producci\u00f3n en m\u00e1s de veinte exposiciones, colaborando con museos como el MAAC, el Museo Municipal de Guayaquil y el Museo del Cacao. Ha sido invitada a la Bienal Iberoamericana de Alcal\u00e1 (Espa\u00f1a, 2023), y ha participado como tallerista y conferencista en eventos internacionales. Su obra ha sido reconocida por convocatorias como TECBOXCULTURA, FAAL, Interactos UA y la Bienal de Arte No Visual.<\/p>\n\n\n\n<p>Actualmente vive en Guayaquil, donde articula su pr\u00e1ctica art\u00edstica con la docencia, la producci\u00f3n expositiva y la investigaci\u00f3n cr\u00edtica sobre arte, cuerpo y tecnolog\u00eda.<\/p>\n","protected":false},"excerpt":{"rendered":"<p>Artista visual, docente universitaria e investigadora, con una trayectoria que cruza la creaci\u00f3n art\u00edstica, la producci\u00f3n museogr\u00e1fica y el desarrollo de proyectos acad\u00e9micos en torno al arte, la tecnolog\u00eda y la especulaci\u00f3n. Actualmente cursa el Doctorado en Artes y Tecnoest\u00e9ticas en la Universidad Nacional de Tres de Febrero (UNTREF, Argentina). Es M\u00e1ster en Artes Visuales [&hellip;]<\/p>\n","protected":false},"author":1,"featured_media":1617,"comment_status":"open","ping_status":"open","sticky":false,"template":"","format":"standard","meta":{"_uag_custom_page_level_css":"","_monsterinsights_skip_tracking":false,"_monsterinsights_sitenote_active":false,"_monsterinsights_sitenote_note":"","_monsterinsights_sitenote_category":0,"cybocfi_hide_featured_image":"","footnotes":""},"categories":[44],"tags":[50],"class_list":["post-1619","post","type-post","status-publish","format-standard","has-post-thumbnail","hentry","category-invitados","tag-2025visuales"],"uagb_featured_image_src":{"full":["https:\/\/www.uartes.edu.ec\/sitio\/interactos\/wp-content\/uploads\/sites\/8\/2025\/06\/RUTH-Y-HAROLD.jpg",1000,1000,false],"thumbnail":["https:\/\/www.uartes.edu.ec\/sitio\/interactos\/wp-content\/uploads\/sites\/8\/2025\/06\/RUTH-Y-HAROLD-150x150.jpg",150,150,true],"medium":["https:\/\/www.uartes.edu.ec\/sitio\/interactos\/wp-content\/uploads\/sites\/8\/2025\/06\/RUTH-Y-HAROLD-300x300.jpg",300,300,true],"medium_large":["https:\/\/www.uartes.edu.ec\/sitio\/interactos\/wp-content\/uploads\/sites\/8\/2025\/06\/RUTH-Y-HAROLD-768x768.jpg",768,768,true],"large":["https:\/\/www.uartes.edu.ec\/sitio\/interactos\/wp-content\/uploads\/sites\/8\/2025\/06\/RUTH-Y-HAROLD.jpg",800,800,false],"1536x1536":["https:\/\/www.uartes.edu.ec\/sitio\/interactos\/wp-content\/uploads\/sites\/8\/2025\/06\/RUTH-Y-HAROLD.jpg",1000,1000,false],"2048x2048":["https:\/\/www.uartes.edu.ec\/sitio\/interactos\/wp-content\/uploads\/sites\/8\/2025\/06\/RUTH-Y-HAROLD.jpg",1000,1000,false]},"uagb_author_info":{"display_name":"Universidad de las Artes","author_link":"https:\/\/www.uartes.edu.ec\/sitio\/interactos\/author\/dircomadm\/"},"uagb_comment_info":0,"uagb_excerpt":"Artista visual, docente universitaria e investigadora, con una trayectoria que cruza la creaci\u00f3n art\u00edstica, la producci\u00f3n museogr\u00e1fica y el desarrollo de proyectos acad\u00e9micos en torno al arte, la tecnolog\u00eda y la especulaci\u00f3n. Actualmente cursa el Doctorado en Artes y Tecnoest\u00e9ticas en la Universidad Nacional de Tres de Febrero (UNTREF, Argentina). Es M\u00e1ster en Artes Visuales&hellip;","distributor_meta":false,"distributor_terms":false,"distributor_media":false,"distributor_original_site_name":"inter [\u2022] actos","distributor_original_site_url":"https:\/\/www.uartes.edu.ec\/sitio\/interactos","push-errors":false,"_links":{"self":[{"href":"https:\/\/www.uartes.edu.ec\/sitio\/interactos\/wp-json\/wp\/v2\/posts\/1619","targetHints":{"allow":["GET"]}}],"collection":[{"href":"https:\/\/www.uartes.edu.ec\/sitio\/interactos\/wp-json\/wp\/v2\/posts"}],"about":[{"href":"https:\/\/www.uartes.edu.ec\/sitio\/interactos\/wp-json\/wp\/v2\/types\/post"}],"author":[{"embeddable":true,"href":"https:\/\/www.uartes.edu.ec\/sitio\/interactos\/wp-json\/wp\/v2\/users\/1"}],"replies":[{"embeddable":true,"href":"https:\/\/www.uartes.edu.ec\/sitio\/interactos\/wp-json\/wp\/v2\/comments?post=1619"}],"version-history":[{"count":2,"href":"https:\/\/www.uartes.edu.ec\/sitio\/interactos\/wp-json\/wp\/v2\/posts\/1619\/revisions"}],"predecessor-version":[{"id":1720,"href":"https:\/\/www.uartes.edu.ec\/sitio\/interactos\/wp-json\/wp\/v2\/posts\/1619\/revisions\/1720"}],"wp:featuredmedia":[{"embeddable":true,"href":"https:\/\/www.uartes.edu.ec\/sitio\/interactos\/wp-json\/wp\/v2\/media\/1617"}],"wp:attachment":[{"href":"https:\/\/www.uartes.edu.ec\/sitio\/interactos\/wp-json\/wp\/v2\/media?parent=1619"}],"wp:term":[{"taxonomy":"category","embeddable":true,"href":"https:\/\/www.uartes.edu.ec\/sitio\/interactos\/wp-json\/wp\/v2\/categories?post=1619"},{"taxonomy":"post_tag","embeddable":true,"href":"https:\/\/www.uartes.edu.ec\/sitio\/interactos\/wp-json\/wp\/v2\/tags?post=1619"}],"curies":[{"name":"wp","href":"https:\/\/api.w.org\/{rel}","templated":true}]}}