{"id":1621,"date":"2025-06-23T15:58:42","date_gmt":"2025-06-23T20:58:42","guid":{"rendered":"https:\/\/www.uartes.edu.ec\/sitio\/interactos\/?p=1621"},"modified":"2025-06-23T15:58:43","modified_gmt":"2025-06-23T20:58:43","slug":"carlos-moran","status":"publish","type":"post","link":"https:\/\/www.uartes.edu.ec\/sitio\/interactos\/2025\/06\/23\/carlos-moran\/","title":{"rendered":"Carlos Mor\u00e1n"},"content":{"rendered":"\n<p>Carlos Esteban Mor\u00e1n Panchana, nacido el 5 de mayo de 1988 en Guayaquil, Ecuador, es un apasionado profesional y artista digital en el \u00e1mbito multimedia y audiovisual. Su trayectoria acad\u00e9mica comenz\u00f3 en la Universidad de Guayaquil (UG), donde obtuvo el t\u00edtulo de Tecn\u00f3logo en Sistemas Multimedia Educacionales y, posteriormente, la licenciatura en Ciencias de la Educaci\u00f3n con menci\u00f3n en Sistemas Multimedia. M\u00e1s adelante, continu\u00f3 su formaci\u00f3n con una maestr\u00eda en Postproducci\u00f3n Digital Audiovisual en la Escuela Superior Polit\u00e9cnica del Litoral (ESPOL).<\/p>\n\n\n\n<p><\/p>\n","protected":false},"excerpt":{"rendered":"<p>Carlos Esteban Mor\u00e1n Panchana, nacido el 5 de mayo de 1988 en Guayaquil, Ecuador, es un apasionado profesional y artista digital en el \u00e1mbito multimedia y audiovisual. Su trayectoria acad\u00e9mica comenz\u00f3 en la Universidad de Guayaquil (UG), donde obtuvo el t\u00edtulo de Tecn\u00f3logo en Sistemas Multimedia Educacionales y, posteriormente, la licenciatura en Ciencias de la [&hellip;]<\/p>\n","protected":false},"author":1,"featured_media":1624,"comment_status":"open","ping_status":"open","sticky":false,"template":"","format":"standard","meta":{"_uag_custom_page_level_css":"","_monsterinsights_skip_tracking":false,"_monsterinsights_sitenote_active":false,"_monsterinsights_sitenote_note":"","_monsterinsights_sitenote_category":0,"cybocfi_hide_featured_image":"","footnotes":""},"categories":[44],"tags":[50],"class_list":["post-1621","post","type-post","status-publish","format-standard","has-post-thumbnail","hentry","category-invitados","tag-2025visuales"],"uagb_featured_image_src":{"full":["https:\/\/www.uartes.edu.ec\/sitio\/interactos\/wp-content\/uploads\/sites\/8\/2025\/06\/carlos-moran.jpg",1000,1000,false],"thumbnail":["https:\/\/www.uartes.edu.ec\/sitio\/interactos\/wp-content\/uploads\/sites\/8\/2025\/06\/carlos-moran-150x150.jpg",150,150,true],"medium":["https:\/\/www.uartes.edu.ec\/sitio\/interactos\/wp-content\/uploads\/sites\/8\/2025\/06\/carlos-moran-300x300.jpg",300,300,true],"medium_large":["https:\/\/www.uartes.edu.ec\/sitio\/interactos\/wp-content\/uploads\/sites\/8\/2025\/06\/carlos-moran-768x768.jpg",768,768,true],"large":["https:\/\/www.uartes.edu.ec\/sitio\/interactos\/wp-content\/uploads\/sites\/8\/2025\/06\/carlos-moran.jpg",800,800,false],"1536x1536":["https:\/\/www.uartes.edu.ec\/sitio\/interactos\/wp-content\/uploads\/sites\/8\/2025\/06\/carlos-moran.jpg",1000,1000,false],"2048x2048":["https:\/\/www.uartes.edu.ec\/sitio\/interactos\/wp-content\/uploads\/sites\/8\/2025\/06\/carlos-moran.jpg",1000,1000,false]},"uagb_author_info":{"display_name":"Universidad de las Artes","author_link":"https:\/\/www.uartes.edu.ec\/sitio\/interactos\/author\/dircomadm\/"},"uagb_comment_info":0,"uagb_excerpt":"Carlos Esteban Mor\u00e1n Panchana, nacido el 5 de mayo de 1988 en Guayaquil, Ecuador, es un apasionado profesional y artista digital en el \u00e1mbito multimedia y audiovisual. Su trayectoria acad\u00e9mica comenz\u00f3 en la Universidad de Guayaquil (UG), donde obtuvo el t\u00edtulo de Tecn\u00f3logo en Sistemas Multimedia Educacionales y, posteriormente, la licenciatura en Ciencias de la&hellip;","distributor_meta":false,"distributor_terms":false,"distributor_media":false,"distributor_original_site_name":"inter [\u2022] actos","distributor_original_site_url":"https:\/\/www.uartes.edu.ec\/sitio\/interactos","push-errors":false,"_links":{"self":[{"href":"https:\/\/www.uartes.edu.ec\/sitio\/interactos\/wp-json\/wp\/v2\/posts\/1621","targetHints":{"allow":["GET"]}}],"collection":[{"href":"https:\/\/www.uartes.edu.ec\/sitio\/interactos\/wp-json\/wp\/v2\/posts"}],"about":[{"href":"https:\/\/www.uartes.edu.ec\/sitio\/interactos\/wp-json\/wp\/v2\/types\/post"}],"author":[{"embeddable":true,"href":"https:\/\/www.uartes.edu.ec\/sitio\/interactos\/wp-json\/wp\/v2\/users\/1"}],"replies":[{"embeddable":true,"href":"https:\/\/www.uartes.edu.ec\/sitio\/interactos\/wp-json\/wp\/v2\/comments?post=1621"}],"version-history":[{"count":1,"href":"https:\/\/www.uartes.edu.ec\/sitio\/interactos\/wp-json\/wp\/v2\/posts\/1621\/revisions"}],"predecessor-version":[{"id":1626,"href":"https:\/\/www.uartes.edu.ec\/sitio\/interactos\/wp-json\/wp\/v2\/posts\/1621\/revisions\/1626"}],"wp:featuredmedia":[{"embeddable":true,"href":"https:\/\/www.uartes.edu.ec\/sitio\/interactos\/wp-json\/wp\/v2\/media\/1624"}],"wp:attachment":[{"href":"https:\/\/www.uartes.edu.ec\/sitio\/interactos\/wp-json\/wp\/v2\/media?parent=1621"}],"wp:term":[{"taxonomy":"category","embeddable":true,"href":"https:\/\/www.uartes.edu.ec\/sitio\/interactos\/wp-json\/wp\/v2\/categories?post=1621"},{"taxonomy":"post_tag","embeddable":true,"href":"https:\/\/www.uartes.edu.ec\/sitio\/interactos\/wp-json\/wp\/v2\/tags?post=1621"}],"curies":[{"name":"wp","href":"https:\/\/api.w.org\/{rel}","templated":true}]}}