{"id":1631,"date":"2025-06-23T16:03:44","date_gmt":"2025-06-23T21:03:44","guid":{"rendered":"https:\/\/www.uartes.edu.ec\/sitio\/interactos\/?p=1631"},"modified":"2025-06-23T16:03:44","modified_gmt":"2025-06-23T21:03:44","slug":"ana-carrillo","status":"publish","type":"post","link":"https:\/\/www.uartes.edu.ec\/sitio\/interactos\/2025\/06\/23\/ana-carrillo\/","title":{"rendered":"Ana Carrillo"},"content":{"rendered":"\n<p>Ana Mar\u00eda Carrillo (Quito-1978). Artista Visual y Doctora en Antropolog\u00eda por la Universidad Rovira i Virgili (Tarragona-Espa\u00f1a), Maestra en Gobierno de la Ciudad por FLACSO-Ecuador. Fundadora del Colectivo de performance Frente Popular Unidad Pelota Cuadrada-. Trabaja desde el video y la foto performance, los archivos y el trabajo con comunidades problem\u00e1ticas que tienen que ver con el poder, las relaciones con la autoridad y los v\u00ednculos politicos. Sus investigaciones que utilizan el modelo de conformaci\u00f3n de comunidades de interaprendizaje y la ecolog\u00eda de saberes, rondan los procesos pedag\u00f3gicos y los mecanismos de resistencia que las poblaciones han ido desarrollando en la cuna de un contexto colonialista<\/p>\n","protected":false},"excerpt":{"rendered":"<p>Ana Mar\u00eda Carrillo (Quito-1978). Artista Visual y Doctora en Antropolog\u00eda por la Universidad Rovira i Virgili (Tarragona-Espa\u00f1a), Maestra en Gobierno de la Ciudad por FLACSO-Ecuador. Fundadora del Colectivo de performance Frente Popular Unidad Pelota Cuadrada-. Trabaja desde el video y la foto performance, los archivos y el trabajo con comunidades problem\u00e1ticas que tienen que ver [&hellip;]<\/p>\n","protected":false},"author":1,"featured_media":1623,"comment_status":"open","ping_status":"open","sticky":false,"template":"","format":"standard","meta":{"_uag_custom_page_level_css":"","_monsterinsights_skip_tracking":false,"_monsterinsights_sitenote_active":false,"_monsterinsights_sitenote_note":"","_monsterinsights_sitenote_category":0,"cybocfi_hide_featured_image":"","footnotes":""},"categories":[44],"tags":[47],"class_list":["post-1631","post","type-post","status-publish","format-standard","has-post-thumbnail","hentry","category-invitados","tag-2025interdiciplinar"],"uagb_featured_image_src":{"full":["https:\/\/www.uartes.edu.ec\/sitio\/interactos\/wp-content\/uploads\/sites\/8\/2025\/06\/ana-carrillo.jpg",1000,1000,false],"thumbnail":["https:\/\/www.uartes.edu.ec\/sitio\/interactos\/wp-content\/uploads\/sites\/8\/2025\/06\/ana-carrillo-150x150.jpg",150,150,true],"medium":["https:\/\/www.uartes.edu.ec\/sitio\/interactos\/wp-content\/uploads\/sites\/8\/2025\/06\/ana-carrillo-300x300.jpg",300,300,true],"medium_large":["https:\/\/www.uartes.edu.ec\/sitio\/interactos\/wp-content\/uploads\/sites\/8\/2025\/06\/ana-carrillo-768x768.jpg",768,768,true],"large":["https:\/\/www.uartes.edu.ec\/sitio\/interactos\/wp-content\/uploads\/sites\/8\/2025\/06\/ana-carrillo.jpg",800,800,false],"1536x1536":["https:\/\/www.uartes.edu.ec\/sitio\/interactos\/wp-content\/uploads\/sites\/8\/2025\/06\/ana-carrillo.jpg",1000,1000,false],"2048x2048":["https:\/\/www.uartes.edu.ec\/sitio\/interactos\/wp-content\/uploads\/sites\/8\/2025\/06\/ana-carrillo.jpg",1000,1000,false]},"uagb_author_info":{"display_name":"Universidad de las Artes","author_link":"https:\/\/www.uartes.edu.ec\/sitio\/interactos\/author\/dircomadm\/"},"uagb_comment_info":0,"uagb_excerpt":"Ana Mar\u00eda Carrillo (Quito-1978). Artista Visual y Doctora en Antropolog\u00eda por la Universidad Rovira i Virgili (Tarragona-Espa\u00f1a), Maestra en Gobierno de la Ciudad por FLACSO-Ecuador. Fundadora del Colectivo de performance Frente Popular Unidad Pelota Cuadrada-. Trabaja desde el video y la foto performance, los archivos y el trabajo con comunidades problem\u00e1ticas que tienen que ver&hellip;","distributor_meta":false,"distributor_terms":false,"distributor_media":false,"distributor_original_site_name":"inter [\u2022] actos","distributor_original_site_url":"https:\/\/www.uartes.edu.ec\/sitio\/interactos","push-errors":false,"_links":{"self":[{"href":"https:\/\/www.uartes.edu.ec\/sitio\/interactos\/wp-json\/wp\/v2\/posts\/1631","targetHints":{"allow":["GET"]}}],"collection":[{"href":"https:\/\/www.uartes.edu.ec\/sitio\/interactos\/wp-json\/wp\/v2\/posts"}],"about":[{"href":"https:\/\/www.uartes.edu.ec\/sitio\/interactos\/wp-json\/wp\/v2\/types\/post"}],"author":[{"embeddable":true,"href":"https:\/\/www.uartes.edu.ec\/sitio\/interactos\/wp-json\/wp\/v2\/users\/1"}],"replies":[{"embeddable":true,"href":"https:\/\/www.uartes.edu.ec\/sitio\/interactos\/wp-json\/wp\/v2\/comments?post=1631"}],"version-history":[{"count":1,"href":"https:\/\/www.uartes.edu.ec\/sitio\/interactos\/wp-json\/wp\/v2\/posts\/1631\/revisions"}],"predecessor-version":[{"id":1632,"href":"https:\/\/www.uartes.edu.ec\/sitio\/interactos\/wp-json\/wp\/v2\/posts\/1631\/revisions\/1632"}],"wp:featuredmedia":[{"embeddable":true,"href":"https:\/\/www.uartes.edu.ec\/sitio\/interactos\/wp-json\/wp\/v2\/media\/1623"}],"wp:attachment":[{"href":"https:\/\/www.uartes.edu.ec\/sitio\/interactos\/wp-json\/wp\/v2\/media?parent=1631"}],"wp:term":[{"taxonomy":"category","embeddable":true,"href":"https:\/\/www.uartes.edu.ec\/sitio\/interactos\/wp-json\/wp\/v2\/categories?post=1631"},{"taxonomy":"post_tag","embeddable":true,"href":"https:\/\/www.uartes.edu.ec\/sitio\/interactos\/wp-json\/wp\/v2\/tags?post=1631"}],"curies":[{"name":"wp","href":"https:\/\/api.w.org\/{rel}","templated":true}]}}