{"id":1702,"date":"2025-07-04T10:37:02","date_gmt":"2025-07-04T15:37:02","guid":{"rendered":"https:\/\/www.uartes.edu.ec\/sitio\/interactos\/?p=1702"},"modified":"2025-07-04T10:37:05","modified_gmt":"2025-07-04T15:37:05","slug":"juan-jose-ripalda-zenck","status":"publish","type":"post","link":"https:\/\/www.uartes.edu.ec\/sitio\/interactos\/2025\/07\/04\/juan-jose-ripalda-zenck\/","title":{"rendered":"Juan Jos\u00e9 Ripalda Zenck"},"content":{"rendered":"\n<p>Ingeniero en sonido, m\u00fasico, productor y artista multimedia de Guayaquil, M\u00e1ster en Sound Design de la Universidad de Edimburgo. Su trabajo se enfoca en la programaci\u00f3n creativa, tecnolog\u00edas de interacci\u00f3n y la integraci\u00f3n de nuevos medios en todas las formas de pr\u00e1ctica art\u00edstica, formando en 2016 el laboratorio Resonar como colectivo art\u00edstico\/tecnol\u00f3gico de pr\u00e1cticas interdisciplinarias y experimentales.<\/p>\n\n\n\n<p>Su trabajo ha sido reconocido a nivel nacional en la Bienal de Arte no Visual 2016, FAAL 2017, Hausmann 2018 y Festival Internacional de Artes Vivas de Loja 2021-2022; internacionalmente ha participado en el Festival TSONAMI de Arte Sonoro en Valparaiso y en el Symposium on Acoustic Ecology de la Universidad de Kent, adem\u00e1s de ser beneficiario IBERESCENA con el proyecto CostaPac\u00edfico: Aceleraci\u00f3n y Resonancia.<\/p>\n\n\n\n<p>Como docente, actualmente forma parte de la Universidad de las Artes como miembro en el Departamento Transversal de Teor\u00edas Cr\u00edticas y Pr\u00e1cticas Experimentales, enfoc\u00e1ndose en las \u00e1reas del Laboratorio de Arte y Tecnolog\u00eda y Laboratorio Interdisciplinar. Co-dirige la Minga Latinoamericana de Arte y Tecnolog\u00eda (mLAT), iniciativa de colaboraci\u00f3n internacional para la difusi\u00f3n de obras y proyectos interdisciplinarios en artes electr\u00f3nicas y nuevos medios de la regi\u00f3n latinoamericana. Independientemente labora como m\u00fasico, dise\u00f1ador de sonido e iluminaci\u00f3n, direcci\u00f3n en artes esc\u00e9nicas, programador multimedia y productor de eventos y proyectos art\u00edsticos.<\/p>\n\n\n\n<p><a href=\"https:\/\/www.resonar.ec\">www.resonar.ec \u00a0<\/a><\/p>\n\n\n\n<p><a href=\"https:\/\/www.minga-lat.com\">www.minga-lat.com<\/a><\/p>\n","protected":false},"excerpt":{"rendered":"<p>Ingeniero en sonido, m\u00fasico, productor y artista multimedia de Guayaquil, M\u00e1ster en Sound Design de la Universidad de Edimburgo. Su trabajo se enfoca en la programaci\u00f3n creativa, tecnolog\u00edas de interacci\u00f3n y la integraci\u00f3n de nuevos medios en todas las formas de pr\u00e1ctica art\u00edstica, formando en 2016 el laboratorio Resonar como colectivo art\u00edstico\/tecnol\u00f3gico de pr\u00e1cticas interdisciplinarias [&hellip;]<\/p>\n","protected":false},"author":1,"featured_media":1704,"comment_status":"open","ping_status":"open","sticky":false,"template":"","format":"standard","meta":{"_uag_custom_page_level_css":"","_monsterinsights_skip_tracking":false,"_monsterinsights_sitenote_active":false,"_monsterinsights_sitenote_note":"","_monsterinsights_sitenote_category":0,"cybocfi_hide_featured_image":"","footnotes":""},"categories":[44],"tags":[45],"class_list":["post-1702","post","type-post","status-publish","format-standard","has-post-thumbnail","hentry","category-invitados","tag-2025sonoras"],"uagb_featured_image_src":{"full":["https:\/\/www.uartes.edu.ec\/sitio\/interactos\/wp-content\/uploads\/sites\/8\/2025\/07\/FOTO-BIO-JUANJO-RIPALDA.jpg",1000,1000,false],"thumbnail":["https:\/\/www.uartes.edu.ec\/sitio\/interactos\/wp-content\/uploads\/sites\/8\/2025\/07\/FOTO-BIO-JUANJO-RIPALDA-150x150.jpg",150,150,true],"medium":["https:\/\/www.uartes.edu.ec\/sitio\/interactos\/wp-content\/uploads\/sites\/8\/2025\/07\/FOTO-BIO-JUANJO-RIPALDA-300x300.jpg",300,300,true],"medium_large":["https:\/\/www.uartes.edu.ec\/sitio\/interactos\/wp-content\/uploads\/sites\/8\/2025\/07\/FOTO-BIO-JUANJO-RIPALDA-768x768.jpg",768,768,true],"large":["https:\/\/www.uartes.edu.ec\/sitio\/interactos\/wp-content\/uploads\/sites\/8\/2025\/07\/FOTO-BIO-JUANJO-RIPALDA.jpg",800,800,false],"1536x1536":["https:\/\/www.uartes.edu.ec\/sitio\/interactos\/wp-content\/uploads\/sites\/8\/2025\/07\/FOTO-BIO-JUANJO-RIPALDA.jpg",1000,1000,false],"2048x2048":["https:\/\/www.uartes.edu.ec\/sitio\/interactos\/wp-content\/uploads\/sites\/8\/2025\/07\/FOTO-BIO-JUANJO-RIPALDA.jpg",1000,1000,false]},"uagb_author_info":{"display_name":"Universidad de las Artes","author_link":"https:\/\/www.uartes.edu.ec\/sitio\/interactos\/author\/dircomadm\/"},"uagb_comment_info":0,"uagb_excerpt":"Ingeniero en sonido, m\u00fasico, productor y artista multimedia de Guayaquil, M\u00e1ster en Sound Design de la Universidad de Edimburgo. Su trabajo se enfoca en la programaci\u00f3n creativa, tecnolog\u00edas de interacci\u00f3n y la integraci\u00f3n de nuevos medios en todas las formas de pr\u00e1ctica art\u00edstica, formando en 2016 el laboratorio Resonar como colectivo art\u00edstico\/tecnol\u00f3gico de pr\u00e1cticas interdisciplinarias&hellip;","distributor_meta":false,"distributor_terms":false,"distributor_media":false,"distributor_original_site_name":"inter [\u2022] actos","distributor_original_site_url":"https:\/\/www.uartes.edu.ec\/sitio\/interactos","push-errors":false,"_links":{"self":[{"href":"https:\/\/www.uartes.edu.ec\/sitio\/interactos\/wp-json\/wp\/v2\/posts\/1702","targetHints":{"allow":["GET"]}}],"collection":[{"href":"https:\/\/www.uartes.edu.ec\/sitio\/interactos\/wp-json\/wp\/v2\/posts"}],"about":[{"href":"https:\/\/www.uartes.edu.ec\/sitio\/interactos\/wp-json\/wp\/v2\/types\/post"}],"author":[{"embeddable":true,"href":"https:\/\/www.uartes.edu.ec\/sitio\/interactos\/wp-json\/wp\/v2\/users\/1"}],"replies":[{"embeddable":true,"href":"https:\/\/www.uartes.edu.ec\/sitio\/interactos\/wp-json\/wp\/v2\/comments?post=1702"}],"version-history":[{"count":1,"href":"https:\/\/www.uartes.edu.ec\/sitio\/interactos\/wp-json\/wp\/v2\/posts\/1702\/revisions"}],"predecessor-version":[{"id":1706,"href":"https:\/\/www.uartes.edu.ec\/sitio\/interactos\/wp-json\/wp\/v2\/posts\/1702\/revisions\/1706"}],"wp:featuredmedia":[{"embeddable":true,"href":"https:\/\/www.uartes.edu.ec\/sitio\/interactos\/wp-json\/wp\/v2\/media\/1704"}],"wp:attachment":[{"href":"https:\/\/www.uartes.edu.ec\/sitio\/interactos\/wp-json\/wp\/v2\/media?parent=1702"}],"wp:term":[{"taxonomy":"category","embeddable":true,"href":"https:\/\/www.uartes.edu.ec\/sitio\/interactos\/wp-json\/wp\/v2\/categories?post=1702"},{"taxonomy":"post_tag","embeddable":true,"href":"https:\/\/www.uartes.edu.ec\/sitio\/interactos\/wp-json\/wp\/v2\/tags?post=1702"}],"curies":[{"name":"wp","href":"https:\/\/api.w.org\/{rel}","templated":true}]}}