{"id":1707,"date":"2025-07-04T10:37:59","date_gmt":"2025-07-04T15:37:59","guid":{"rendered":"https:\/\/www.uartes.edu.ec\/sitio\/interactos\/?p=1707"},"modified":"2025-07-04T10:38:00","modified_gmt":"2025-07-04T15:38:00","slug":"freddy-vallejos","status":"publish","type":"post","link":"https:\/\/www.uartes.edu.ec\/sitio\/interactos\/2025\/07\/04\/freddy-vallejos\/","title":{"rendered":"Freddy Vallejos"},"content":{"rendered":"\n<p>Ha realizado estudios de composici\u00f3n, percusi\u00f3n, inform\u00e1tica musical, artes y tecnoest\u00e9ticas y musicolog\u00eda en Argentina, Colombia, Francia y Suiza. Su preocupaci\u00f3n art\u00edstica, caracterizada por la exploraci\u00f3n de un universo sonoro m\u00faltiple y heterog\u00e9neo, se basa principalmente en trabajos de investigaci\u00f3n musicol\u00f3gica, formalizados mediante herramientas de CAC (composici\u00f3n asistida por computador) y en la relaci\u00f3n del sonido con otras formas de arte. Sus obras se han presentado en m\u00e1s de 15 pa\u00edses y participado en festivales como AIMAAKO, Archipel, Charlesroi Danses, DOCK.fest, Escuchar-Sonidos Visuales, Encuentros Sonoros, Experimenta Sur, FICCI, IDFA, Milano Musica, MANIFESTE, o Visiones Sonoras entre otros. Laureado del Multimedia Prize (Milan), del concurso de composici\u00f3n Andr\u00e9 Jolivet (Francia), del programa Iberescena, del concurso de m\u00fasica tradicional afro colombiana Petronio Alvarez y finalista de los concursos de j\u00f3venes solistas de la Orquesta Filarm\u00f3nica del Valle del Cauca y de la Orquesta Sinf\u00f3nica Nacional de Colombia. Residente en la Cit\u00e9 International des Arts de Paris y becario de la ciudad de Villeurbanne, de la Fundaci\u00f3n Sim\u00f3n Pati\u00f1o, del Instituto Departamental de Bellas Artes (Cali-Colombia) y de la Ciudad de Ginebra (Suiza). Fundador y coordinador de la mMAT &#8211; Minga Multimedia de Arte y Tecnolog\u00eda, un espacio inter y transdisciplinario de estudio, creaci\u00f3n y difusi\u00f3n de nuevas propuestas de exploraci\u00f3n del sonido en torno al arte, la tecnolog\u00eda, la escucha y la sociedad. Actualmente es docente de la carrera de Artes Musicales y Sonoras de la Universidad de las Artes del Ecuador.<\/p>\n\n\n\n<p><a href=\"https:\/\/www.fredyvallejos.com\">www.fredyvallejos.com<\/a><\/p>\n","protected":false},"excerpt":{"rendered":"<p>Ha realizado estudios de composici\u00f3n, percusi\u00f3n, inform\u00e1tica musical, artes y tecnoest\u00e9ticas y musicolog\u00eda en Argentina, Colombia, Francia y Suiza. Su preocupaci\u00f3n art\u00edstica, caracterizada por la exploraci\u00f3n de un universo sonoro m\u00faltiple y heterog\u00e9neo, se basa principalmente en trabajos de investigaci\u00f3n musicol\u00f3gica, formalizados mediante herramientas de CAC (composici\u00f3n asistida por computador) y en la relaci\u00f3n del [&hellip;]<\/p>\n","protected":false},"author":1,"featured_media":1703,"comment_status":"open","ping_status":"open","sticky":false,"template":"","format":"standard","meta":{"_uag_custom_page_level_css":"","_monsterinsights_skip_tracking":false,"_monsterinsights_sitenote_active":false,"_monsterinsights_sitenote_note":"","_monsterinsights_sitenote_category":0,"cybocfi_hide_featured_image":"","footnotes":""},"categories":[44],"tags":[45],"class_list":["post-1707","post","type-post","status-publish","format-standard","has-post-thumbnail","hentry","category-invitados","tag-2025sonoras"],"uagb_featured_image_src":{"full":["https:\/\/www.uartes.edu.ec\/sitio\/interactos\/wp-content\/uploads\/sites\/8\/2025\/07\/FOTO-BIO-FREDY-VALLEJOS.jpg",1000,1000,false],"thumbnail":["https:\/\/www.uartes.edu.ec\/sitio\/interactos\/wp-content\/uploads\/sites\/8\/2025\/07\/FOTO-BIO-FREDY-VALLEJOS-150x150.jpg",150,150,true],"medium":["https:\/\/www.uartes.edu.ec\/sitio\/interactos\/wp-content\/uploads\/sites\/8\/2025\/07\/FOTO-BIO-FREDY-VALLEJOS-300x300.jpg",300,300,true],"medium_large":["https:\/\/www.uartes.edu.ec\/sitio\/interactos\/wp-content\/uploads\/sites\/8\/2025\/07\/FOTO-BIO-FREDY-VALLEJOS-768x768.jpg",768,768,true],"large":["https:\/\/www.uartes.edu.ec\/sitio\/interactos\/wp-content\/uploads\/sites\/8\/2025\/07\/FOTO-BIO-FREDY-VALLEJOS.jpg",800,800,false],"1536x1536":["https:\/\/www.uartes.edu.ec\/sitio\/interactos\/wp-content\/uploads\/sites\/8\/2025\/07\/FOTO-BIO-FREDY-VALLEJOS.jpg",1000,1000,false],"2048x2048":["https:\/\/www.uartes.edu.ec\/sitio\/interactos\/wp-content\/uploads\/sites\/8\/2025\/07\/FOTO-BIO-FREDY-VALLEJOS.jpg",1000,1000,false]},"uagb_author_info":{"display_name":"Universidad de las Artes","author_link":"https:\/\/www.uartes.edu.ec\/sitio\/interactos\/author\/dircomadm\/"},"uagb_comment_info":0,"uagb_excerpt":"Ha realizado estudios de composici\u00f3n, percusi\u00f3n, inform\u00e1tica musical, artes y tecnoest\u00e9ticas y musicolog\u00eda en Argentina, Colombia, Francia y Suiza. Su preocupaci\u00f3n art\u00edstica, caracterizada por la exploraci\u00f3n de un universo sonoro m\u00faltiple y heterog\u00e9neo, se basa principalmente en trabajos de investigaci\u00f3n musicol\u00f3gica, formalizados mediante herramientas de CAC (composici\u00f3n asistida por computador) y en la relaci\u00f3n del&hellip;","distributor_meta":false,"distributor_terms":false,"distributor_media":false,"distributor_original_site_name":"inter [\u2022] actos","distributor_original_site_url":"https:\/\/www.uartes.edu.ec\/sitio\/interactos","push-errors":false,"_links":{"self":[{"href":"https:\/\/www.uartes.edu.ec\/sitio\/interactos\/wp-json\/wp\/v2\/posts\/1707","targetHints":{"allow":["GET"]}}],"collection":[{"href":"https:\/\/www.uartes.edu.ec\/sitio\/interactos\/wp-json\/wp\/v2\/posts"}],"about":[{"href":"https:\/\/www.uartes.edu.ec\/sitio\/interactos\/wp-json\/wp\/v2\/types\/post"}],"author":[{"embeddable":true,"href":"https:\/\/www.uartes.edu.ec\/sitio\/interactos\/wp-json\/wp\/v2\/users\/1"}],"replies":[{"embeddable":true,"href":"https:\/\/www.uartes.edu.ec\/sitio\/interactos\/wp-json\/wp\/v2\/comments?post=1707"}],"version-history":[{"count":1,"href":"https:\/\/www.uartes.edu.ec\/sitio\/interactos\/wp-json\/wp\/v2\/posts\/1707\/revisions"}],"predecessor-version":[{"id":1708,"href":"https:\/\/www.uartes.edu.ec\/sitio\/interactos\/wp-json\/wp\/v2\/posts\/1707\/revisions\/1708"}],"wp:featuredmedia":[{"embeddable":true,"href":"https:\/\/www.uartes.edu.ec\/sitio\/interactos\/wp-json\/wp\/v2\/media\/1703"}],"wp:attachment":[{"href":"https:\/\/www.uartes.edu.ec\/sitio\/interactos\/wp-json\/wp\/v2\/media?parent=1707"}],"wp:term":[{"taxonomy":"category","embeddable":true,"href":"https:\/\/www.uartes.edu.ec\/sitio\/interactos\/wp-json\/wp\/v2\/categories?post=1707"},{"taxonomy":"post_tag","embeddable":true,"href":"https:\/\/www.uartes.edu.ec\/sitio\/interactos\/wp-json\/wp\/v2\/tags?post=1707"}],"curies":[{"name":"wp","href":"https:\/\/api.w.org\/{rel}","templated":true}]}}