{"id":1709,"date":"2025-07-04T10:39:02","date_gmt":"2025-07-04T15:39:02","guid":{"rendered":"https:\/\/www.uartes.edu.ec\/sitio\/interactos\/?p=1709"},"modified":"2025-07-04T10:39:05","modified_gmt":"2025-07-04T15:39:05","slug":"olmedo-guerra","status":"publish","type":"post","link":"https:\/\/www.uartes.edu.ec\/sitio\/interactos\/2025\/07\/04\/olmedo-guerra\/","title":{"rendered":"Olmedo Guerra"},"content":{"rendered":"\n<p>Alumni de la Universidad de las Artes, por la carrera de Literatura, Olmedo Guerra es un joven escritor que se desenvuelve en las \u00e1reas de la escritura creativa y acad\u00e9mica, la educaci\u00f3n y la gesti\u00f3n cultural.<\/p>\n\n\n\n<p>Le interesa la educaci\u00f3n basada en pedagog\u00edas cr\u00edticas y creativas. Ha desarrollado varios procesos art\u00edsticos. En marzo de 2022 public\u00f3 su primer libro \u201cMareas\u201d con la editorial Recodo Press.<\/p>\n","protected":false},"excerpt":{"rendered":"<p>Alumni de la Universidad de las Artes, por la carrera de Literatura, Olmedo Guerra es un joven escritor que se desenvuelve en las \u00e1reas de la escritura creativa y acad\u00e9mica, la educaci\u00f3n y la gesti\u00f3n cultural. Le interesa la educaci\u00f3n basada en pedagog\u00edas cr\u00edticas y creativas. Ha desarrollado varios procesos art\u00edsticos. En marzo de 2022 [&hellip;]<\/p>\n","protected":false},"author":1,"featured_media":1705,"comment_status":"open","ping_status":"open","sticky":false,"template":"","format":"standard","meta":{"_uag_custom_page_level_css":"","_monsterinsights_skip_tracking":false,"_monsterinsights_sitenote_active":false,"_monsterinsights_sitenote_note":"","_monsterinsights_sitenote_category":0,"cybocfi_hide_featured_image":"","footnotes":""},"categories":[44],"tags":[48],"class_list":["post-1709","post","type-post","status-publish","format-standard","has-post-thumbnail","hentry","category-invitados","tag-2025literatura"],"uagb_featured_image_src":{"full":["https:\/\/www.uartes.edu.ec\/sitio\/interactos\/wp-content\/uploads\/sites\/8\/2025\/07\/Olmedo-Guerra-foto.jpg",1000,1000,false],"thumbnail":["https:\/\/www.uartes.edu.ec\/sitio\/interactos\/wp-content\/uploads\/sites\/8\/2025\/07\/Olmedo-Guerra-foto-150x150.jpg",150,150,true],"medium":["https:\/\/www.uartes.edu.ec\/sitio\/interactos\/wp-content\/uploads\/sites\/8\/2025\/07\/Olmedo-Guerra-foto-300x300.jpg",300,300,true],"medium_large":["https:\/\/www.uartes.edu.ec\/sitio\/interactos\/wp-content\/uploads\/sites\/8\/2025\/07\/Olmedo-Guerra-foto-768x768.jpg",768,768,true],"large":["https:\/\/www.uartes.edu.ec\/sitio\/interactos\/wp-content\/uploads\/sites\/8\/2025\/07\/Olmedo-Guerra-foto.jpg",800,800,false],"1536x1536":["https:\/\/www.uartes.edu.ec\/sitio\/interactos\/wp-content\/uploads\/sites\/8\/2025\/07\/Olmedo-Guerra-foto.jpg",1000,1000,false],"2048x2048":["https:\/\/www.uartes.edu.ec\/sitio\/interactos\/wp-content\/uploads\/sites\/8\/2025\/07\/Olmedo-Guerra-foto.jpg",1000,1000,false]},"uagb_author_info":{"display_name":"Universidad de las Artes","author_link":"https:\/\/www.uartes.edu.ec\/sitio\/interactos\/author\/dircomadm\/"},"uagb_comment_info":0,"uagb_excerpt":"Alumni de la Universidad de las Artes, por la carrera de Literatura, Olmedo Guerra es un joven escritor que se desenvuelve en las \u00e1reas de la escritura creativa y acad\u00e9mica, la educaci\u00f3n y la gesti\u00f3n cultural. Le interesa la educaci\u00f3n basada en pedagog\u00edas cr\u00edticas y creativas. Ha desarrollado varios procesos art\u00edsticos. En marzo de 2022&hellip;","distributor_meta":false,"distributor_terms":false,"distributor_media":false,"distributor_original_site_name":"inter [\u2022] actos","distributor_original_site_url":"https:\/\/www.uartes.edu.ec\/sitio\/interactos","push-errors":false,"_links":{"self":[{"href":"https:\/\/www.uartes.edu.ec\/sitio\/interactos\/wp-json\/wp\/v2\/posts\/1709","targetHints":{"allow":["GET"]}}],"collection":[{"href":"https:\/\/www.uartes.edu.ec\/sitio\/interactos\/wp-json\/wp\/v2\/posts"}],"about":[{"href":"https:\/\/www.uartes.edu.ec\/sitio\/interactos\/wp-json\/wp\/v2\/types\/post"}],"author":[{"embeddable":true,"href":"https:\/\/www.uartes.edu.ec\/sitio\/interactos\/wp-json\/wp\/v2\/users\/1"}],"replies":[{"embeddable":true,"href":"https:\/\/www.uartes.edu.ec\/sitio\/interactos\/wp-json\/wp\/v2\/comments?post=1709"}],"version-history":[{"count":1,"href":"https:\/\/www.uartes.edu.ec\/sitio\/interactos\/wp-json\/wp\/v2\/posts\/1709\/revisions"}],"predecessor-version":[{"id":1710,"href":"https:\/\/www.uartes.edu.ec\/sitio\/interactos\/wp-json\/wp\/v2\/posts\/1709\/revisions\/1710"}],"wp:featuredmedia":[{"embeddable":true,"href":"https:\/\/www.uartes.edu.ec\/sitio\/interactos\/wp-json\/wp\/v2\/media\/1705"}],"wp:attachment":[{"href":"https:\/\/www.uartes.edu.ec\/sitio\/interactos\/wp-json\/wp\/v2\/media?parent=1709"}],"wp:term":[{"taxonomy":"category","embeddable":true,"href":"https:\/\/www.uartes.edu.ec\/sitio\/interactos\/wp-json\/wp\/v2\/categories?post=1709"},{"taxonomy":"post_tag","embeddable":true,"href":"https:\/\/www.uartes.edu.ec\/sitio\/interactos\/wp-json\/wp\/v2\/tags?post=1709"}],"curies":[{"name":"wp","href":"https:\/\/api.w.org\/{rel}","templated":true}]}}