{"id":199,"date":"2018-11-10T02:40:38","date_gmt":"2018-11-10T02:40:38","guid":{"rendered":"http:\/\/www.uartes.edu.ec\/sitio\/interactos\/?p=199"},"modified":"2019-06-28T18:41:08","modified_gmt":"2019-06-28T18:41:08","slug":"guayaquil-se-llena-de-arte-con-inter%e2%80%a2actos-2018","status":"publish","type":"post","link":"https:\/\/www.uartes.edu.ec\/sitio\/interactos\/noticias\/guayaquil-se-llena-de-arte-con-inter%e2%80%a2actos-2018\/","title":{"rendered":"Guayaquil se llena de arte con inter[\u2022]actos 2018"},"content":{"rendered":"\n<p>Del 7 al 10 de noviembre se lleva a cabo la tercera edici\u00f3n de\u201cinter[\u2022]actos 2018. Encuentros P\u00fablicos de Artes\u201d, organizado por laUniversidad de las Artes.<\/p>\n\n\n\n<p>Este evento busca, fundamentalmente, potenciar y reforzar el\nv\u00ednculo de los ciudadanos con las artes y establecer la importancia del espacio\npara la libre circulaci\u00f3n de las manifestaciones art\u00edsticas.<\/p>\n\n\n\n<p>En la convocatoria a estas jornadas se incluyen las categor\u00edas\n\u201cTrayectos\u201d y \u201cEmersiones\u201d, para artistas independientes y artistas emergentes,\nrespectivamente. Tambi\u00e9n se cumplir\u00e1n m\u00e1s de 80 actividades entre exposiciones,\nobras de teatro, conciertos, mesa de debates y talleres.<\/p>\n\n\n\n<p>Colaboran en esta ocasi\u00f3n: Rub\u00e9n Albarr\u00e1n, vocalista de Caf\u00e9 Tacvba;\nPap\u00e1 Ronc\u00f3n, m\u00fasico afroecuatoriano; Djo Tunda Wa Munga, director de la\npel\u00edcula \u201cViva Riva\u201d, entre otros. <\/p>\n\n\n\n<p>Durante la jornada del mi\u00e9rcoles 7 de noviembre se brindaron las\nconferencias \u201cUn artista nunca es pobre, el arte como profesi\u00f3n\u201d de Lucas Ospina\ny \u201cLaboratorio Territorio Poligr\u00e1fico\u201d de Oscar Salazar; adem\u00e1s las\nproyecciones de cine \u201cKeyla\u201d de Viviana G\u00f3mez y \u201cMateo\u201d de Mar\u00eda Gamboa. Las\nartes esc\u00e9nicas tuvieron espacio con \u201cImprovisaci\u00f3n\u201d de Pablo Zamorano, \u201cTodo\nlo que est\u00e1 a mi lado\u201d de Fernando Rubio y \u201cCuentos Colorados\u201d de Oswaldo\nFelipe.<\/p>\n\n\n\n<p>Los organizadores del encuentro indicaron que \u201cSe busca\nintercambiar experiencias en el \u00e1mbito acad\u00e9mico y cultural, revelando la\nimportancia de las artes como eje fundamental para la transformaci\u00f3n social del\npa\u00eds\u201d.<\/p>\n","protected":false},"excerpt":{"rendered":"<p>Del 7 al 10 de noviembre se lleva a cabo la tercera edici\u00f3n de\u201cinter[\u2022]actos 2018. Encuentros P\u00fablicos de Artes\u201d, organizado por laUniversidad de las Artes. Este evento busca, fundamentalmente, potenciar y reforzar el v\u00ednculo de los ciudadanos con las artes y establecer la importancia del espacio para la libre circulaci\u00f3n de las manifestaciones art\u00edsticas. En [&hellip;]<\/p>\n","protected":false},"author":1,"featured_media":200,"comment_status":"closed","ping_status":"closed","sticky":false,"template":"","format":"standard","meta":{"_uag_custom_page_level_css":"","_monsterinsights_skip_tracking":false,"_monsterinsights_sitenote_active":false,"_monsterinsights_sitenote_note":"","_monsterinsights_sitenote_category":0,"cybocfi_hide_featured_image":"","footnotes":""},"categories":[6],"tags":[],"class_list":["post-199","post","type-post","status-publish","format-standard","has-post-thumbnail","hentry","category-noticias"],"uagb_featured_image_src":{"full":["https:\/\/www.uartes.edu.ec\/sitio\/interactos\/wp-content\/uploads\/sites\/8\/2018\/11\/interactos.jpg",1212,566,false],"thumbnail":["https:\/\/www.uartes.edu.ec\/sitio\/interactos\/wp-content\/uploads\/sites\/8\/2018\/11\/interactos-150x150.jpg",150,150,true],"medium":["https:\/\/www.uartes.edu.ec\/sitio\/interactos\/wp-content\/uploads\/sites\/8\/2018\/11\/interactos-300x140.jpg",300,140,true],"medium_large":["https:\/\/www.uartes.edu.ec\/sitio\/interactos\/wp-content\/uploads\/sites\/8\/2018\/11\/interactos-768x359.jpg",768,359,true],"large":["https:\/\/www.uartes.edu.ec\/sitio\/interactos\/wp-content\/uploads\/sites\/8\/2018\/11\/interactos-1024x478.jpg",800,373,true],"1536x1536":["https:\/\/www.uartes.edu.ec\/sitio\/interactos\/wp-content\/uploads\/sites\/8\/2018\/11\/interactos.jpg",1212,566,false],"2048x2048":["https:\/\/www.uartes.edu.ec\/sitio\/interactos\/wp-content\/uploads\/sites\/8\/2018\/11\/interactos.jpg",1212,566,false]},"uagb_author_info":{"display_name":"Universidad de las Artes","author_link":"https:\/\/www.uartes.edu.ec\/sitio\/interactos\/author\/dircomadm\/"},"uagb_comment_info":0,"uagb_excerpt":"Del 7 al 10 de noviembre se lleva a cabo la tercera edici\u00f3n de\u201cinter[\u2022]actos 2018. Encuentros P\u00fablicos de Artes\u201d, organizado por laUniversidad de las Artes. Este evento busca, fundamentalmente, potenciar y reforzar el v\u00ednculo de los ciudadanos con las artes y establecer la importancia del espacio para la libre circulaci\u00f3n de las manifestaciones art\u00edsticas. En&hellip;","distributor_meta":false,"distributor_terms":false,"distributor_media":false,"distributor_original_site_name":"inter [\u2022] actos","distributor_original_site_url":"https:\/\/www.uartes.edu.ec\/sitio\/interactos","push-errors":false,"_links":{"self":[{"href":"https:\/\/www.uartes.edu.ec\/sitio\/interactos\/wp-json\/wp\/v2\/posts\/199","targetHints":{"allow":["GET"]}}],"collection":[{"href":"https:\/\/www.uartes.edu.ec\/sitio\/interactos\/wp-json\/wp\/v2\/posts"}],"about":[{"href":"https:\/\/www.uartes.edu.ec\/sitio\/interactos\/wp-json\/wp\/v2\/types\/post"}],"author":[{"embeddable":true,"href":"https:\/\/www.uartes.edu.ec\/sitio\/interactos\/wp-json\/wp\/v2\/users\/1"}],"replies":[{"embeddable":true,"href":"https:\/\/www.uartes.edu.ec\/sitio\/interactos\/wp-json\/wp\/v2\/comments?post=199"}],"version-history":[{"count":1,"href":"https:\/\/www.uartes.edu.ec\/sitio\/interactos\/wp-json\/wp\/v2\/posts\/199\/revisions"}],"predecessor-version":[{"id":202,"href":"https:\/\/www.uartes.edu.ec\/sitio\/interactos\/wp-json\/wp\/v2\/posts\/199\/revisions\/202"}],"wp:featuredmedia":[{"embeddable":true,"href":"https:\/\/www.uartes.edu.ec\/sitio\/interactos\/wp-json\/wp\/v2\/media\/200"}],"wp:attachment":[{"href":"https:\/\/www.uartes.edu.ec\/sitio\/interactos\/wp-json\/wp\/v2\/media?parent=199"}],"wp:term":[{"taxonomy":"category","embeddable":true,"href":"https:\/\/www.uartes.edu.ec\/sitio\/interactos\/wp-json\/wp\/v2\/categories?post=199"},{"taxonomy":"post_tag","embeddable":true,"href":"https:\/\/www.uartes.edu.ec\/sitio\/interactos\/wp-json\/wp\/v2\/tags?post=199"}],"curies":[{"name":"wp","href":"https:\/\/api.w.org\/{rel}","templated":true}]}}