{"id":859,"date":"2019-04-10T11:46:42","date_gmt":"2019-04-10T11:46:42","guid":{"rendered":"http:\/\/www.uartes.edu.ec\/sitio\/interactos\/2019\/04\/10\/pensando-en-las-ninas-y-los-ninos-estudiantes-de-la-uartes-preparan-interactitos\/"},"modified":"2019-06-28T18:41:08","modified_gmt":"2019-06-28T18:41:08","slug":"pensando-en-las-ninas-y-los-ninos-estudiantes-de-la-uartes-preparan-interactitos","status":"publish","type":"post","link":"https:\/\/www.uartes.edu.ec\/sitio\/interactos\/noticias\/pensando-en-las-ninas-y-los-ninos-estudiantes-de-la-uartes-preparan-interactitos\/","title":{"rendered":"Pensando en las ni\u00f1as y los ni\u00f1os, estudiantes de la UArtes preparan \u201cInteractitos\u201d"},"content":{"rendered":"\n<p>Un encuentro de arte para los ni\u00f1os es el que proponen con\n\u201cInteractitos\u201d Mariuxi Alem\u00e1n, Charles Bonilla, Cecilia Salazar, Malena Goya,\nDavid Barber\u00e1n y Diego Camacho. Son estudiantes de Cine, Creaci\u00f3n Teatral y Producci\u00f3n\nMusical y Sonora de la Universidad de las Artes y aunque se encuentran en el\nproceso de construcci\u00f3n de la programaci\u00f3n del proyecto, los objetivos son\nclaros: brindar a ni\u00f1as y ni\u00f1os, de 5 a 12 a\u00f1os, un lugar donde puedan pensar y\nvolverse m\u00e1s interactivos. <\/p>\n\n\n\n<p>Tambi\u00e9n, propiciar a trav\u00e9s del arte y de la educaci\u00f3n\ncambios en el imaginario de los ni\u00f1os y de las familias, para que vayan en\nconjunto formando nuevos criterios. Son intenciones que no surgen de la nada,\ndice Mariuxi Alem\u00e1n, quien revela que hicieron investigaciones cuyos desalentadores\nresultados los direccionaron a la urgente necesidad de crear \u201cInteractitos\u201d.\n\u201cLo que mayormente hay en el arte para ellos son r\u00e9plicas de violencia,\nmachismo y racismo\u201d.<\/p>\n\n\n\n<p>&nbsp;\u201cInteractitos\u201d se\nrealizar\u00e1 del 19 al 20 de octubre, un fin de semana antes de \u201cInteractos\u201d, los\nencuentros p\u00fablicos de arte que organiza la universidad, lleva tres ediciones e\ninspiraron a los estudiantes a plantear algo similar, en cuanto a actividades\nsimult\u00e1neas y diversas, pero para los ni\u00f1os. El escenario ser\u00e1 la planta baja\nde la Biblioteca de las Artes, all\u00ed donde justamente se inaugurar\u00e1 R\u00eda, el\nespacio de creatividad, aprendizaje y acercamiento a diferentes manifestaciones\nart\u00edsticas para ni\u00f1as y ni\u00f1os.<\/p>\n\n\n\n<p>La idea de hacer \u201cInteractitos\u201d surgi\u00f3 en la clase Gesti\u00f3n y\nPol\u00edtica de la Cultura, que dicta el docente William Herrera, tambi\u00e9n\nsecretario acad\u00e9mico de la UArtes. &nbsp;\u201cManifestamos\nnuestra preocupaci\u00f3n porque en Guayaquil no se ofrecen muchos espacios para\nellos \u2013en cuanto a actividad art\u00edstica y puestas en escena se refiere\u2013.&nbsp; Siempre se dice que son el futuro y se los\ndeja para despu\u00e9s, cuando la realidad es que son el presente, el ahora\u201d, indica\nMariuxi Alem\u00e1n.<\/p>\n\n\n\n<p>Los estudiantes prefieren no adelantar detalles de todo lo\nque est\u00e1n preparando para el encuentro, pero s\u00ed anticipan puestas en escena de\nteatro y m\u00fasica, talleres de teatro, cine y m\u00fasica, de m\u00fasica vinculada con la\ntecnolog\u00eda, de literatura y de artes visuales. La idea es que los ni\u00f1os no\nvayan en plan contemplativo, sino que sean part\u00edcipes de lo que \u201cInteractitos\u201d\nles ofrecer\u00e1, expresa Malena Goya. <\/p>\n\n\n\n<p>Cecilia Salazar, quien goza de experiencia en las artes\nesc\u00e9nicas y se identifica como una clown, revela que har\u00e1n una convocatoria para\nque los artistas empiecen a producir para los ni\u00f1os, pensando en ellos. \u201cQue\nsean propuestas l\u00fadicas en teatro, danza y m\u00fasica\u201d.\n\nY si los ni\u00f1os tendr\u00e1n su espacio en\n\u201cInteractitos\u201d, sus padres y familiares tambi\u00e9n, ya que en su programaci\u00f3n\nhabr\u00e1 actividad para ellos e incluso para los docentes y profesionales que\ntrabajen con ni\u00f1os.\n\n\n\n<\/p>\n","protected":false},"excerpt":{"rendered":"<p>Un encuentro de arte para los ni\u00f1os es el que proponen con \u201cInteractitos\u201d Mariuxi Alem\u00e1n, Charles Bonilla, Cecilia Salazar, Malena Goya, David Barber\u00e1n y Diego Camacho. Son estudiantes de Cine, Creaci\u00f3n Teatral y Producci\u00f3n Musical y Sonora de la Universidad de las Artes y aunque se encuentran en el proceso de construcci\u00f3n de la programaci\u00f3n [&hellip;]<\/p>\n","protected":false},"author":1,"featured_media":860,"comment_status":"closed","ping_status":"closed","sticky":false,"template":"","format":"standard","meta":{"_uag_custom_page_level_css":"","_monsterinsights_skip_tracking":false,"_monsterinsights_sitenote_active":false,"_monsterinsights_sitenote_note":"","_monsterinsights_sitenote_category":0,"cybocfi_hide_featured_image":"","footnotes":""},"categories":[6],"tags":[10],"class_list":["post-859","post","type-post","status-publish","format-standard","has-post-thumbnail","hentry","category-noticias","tag-interactos"],"uagb_featured_image_src":{"full":["https:\/\/www.uartes.edu.ec\/sitio\/interactos\/wp-content\/uploads\/sites\/8\/2019\/06\/Equipo-Interactitos-final.jpg",1280,853,false],"thumbnail":["https:\/\/www.uartes.edu.ec\/sitio\/interactos\/wp-content\/uploads\/sites\/8\/2019\/06\/Equipo-Interactitos-final-150x150.jpg",150,150,true],"medium":["https:\/\/www.uartes.edu.ec\/sitio\/interactos\/wp-content\/uploads\/sites\/8\/2019\/06\/Equipo-Interactitos-final-300x200.jpg",300,200,true],"medium_large":["https:\/\/www.uartes.edu.ec\/sitio\/interactos\/wp-content\/uploads\/sites\/8\/2019\/06\/Equipo-Interactitos-final-768x512.jpg",768,512,true],"large":["https:\/\/www.uartes.edu.ec\/sitio\/interactos\/wp-content\/uploads\/sites\/8\/2019\/06\/Equipo-Interactitos-final-1024x682.jpg",800,533,true],"1536x1536":["https:\/\/www.uartes.edu.ec\/sitio\/interactos\/wp-content\/uploads\/sites\/8\/2019\/06\/Equipo-Interactitos-final.jpg",1280,853,false],"2048x2048":["https:\/\/www.uartes.edu.ec\/sitio\/interactos\/wp-content\/uploads\/sites\/8\/2019\/06\/Equipo-Interactitos-final.jpg",1280,853,false]},"uagb_author_info":{"display_name":"Universidad de las Artes","author_link":"https:\/\/www.uartes.edu.ec\/sitio\/interactos\/author\/dircomadm\/"},"uagb_comment_info":0,"uagb_excerpt":"Un encuentro de arte para los ni\u00f1os es el que proponen con \u201cInteractitos\u201d Mariuxi Alem\u00e1n, Charles Bonilla, Cecilia Salazar, Malena Goya, David Barber\u00e1n y Diego Camacho. Son estudiantes de Cine, Creaci\u00f3n Teatral y Producci\u00f3n Musical y Sonora de la Universidad de las Artes y aunque se encuentran en el proceso de construcci\u00f3n de la programaci\u00f3n&hellip;","distributor_meta":false,"distributor_terms":false,"distributor_media":false,"distributor_original_site_name":"inter [\u2022] actos","distributor_original_site_url":"https:\/\/www.uartes.edu.ec\/sitio\/interactos","push-errors":false,"_links":{"self":[{"href":"https:\/\/www.uartes.edu.ec\/sitio\/interactos\/wp-json\/wp\/v2\/posts\/859","targetHints":{"allow":["GET"]}}],"collection":[{"href":"https:\/\/www.uartes.edu.ec\/sitio\/interactos\/wp-json\/wp\/v2\/posts"}],"about":[{"href":"https:\/\/www.uartes.edu.ec\/sitio\/interactos\/wp-json\/wp\/v2\/types\/post"}],"author":[{"embeddable":true,"href":"https:\/\/www.uartes.edu.ec\/sitio\/interactos\/wp-json\/wp\/v2\/users\/1"}],"replies":[{"embeddable":true,"href":"https:\/\/www.uartes.edu.ec\/sitio\/interactos\/wp-json\/wp\/v2\/comments?post=859"}],"version-history":[{"count":1,"href":"https:\/\/www.uartes.edu.ec\/sitio\/interactos\/wp-json\/wp\/v2\/posts\/859\/revisions"}],"predecessor-version":[{"id":884,"href":"https:\/\/www.uartes.edu.ec\/sitio\/interactos\/wp-json\/wp\/v2\/posts\/859\/revisions\/884"}],"wp:featuredmedia":[{"embeddable":true,"href":"https:\/\/www.uartes.edu.ec\/sitio\/interactos\/wp-json\/wp\/v2\/media\/860"}],"wp:attachment":[{"href":"https:\/\/www.uartes.edu.ec\/sitio\/interactos\/wp-json\/wp\/v2\/media?parent=859"}],"wp:term":[{"taxonomy":"category","embeddable":true,"href":"https:\/\/www.uartes.edu.ec\/sitio\/interactos\/wp-json\/wp\/v2\/categories?post=859"},{"taxonomy":"post_tag","embeddable":true,"href":"https:\/\/www.uartes.edu.ec\/sitio\/interactos\/wp-json\/wp\/v2\/tags?post=859"}],"curies":[{"name":"wp","href":"https:\/\/api.w.org\/{rel}","templated":true}]}}