{"id":863,"date":"2017-11-15T15:14:16","date_gmt":"2017-11-15T15:14:16","guid":{"rendered":"http:\/\/www.uartes.edu.ec\/sitio\/interactos\/2017\/11\/15\/yo-estuve-en-interactos-jai-ete-a-interactos\/"},"modified":"2019-06-28T18:41:09","modified_gmt":"2019-06-28T18:41:09","slug":"yo-estuve-en-interactos-jai-ete-a-interactos","status":"publish","type":"post","link":"https:\/\/www.uartes.edu.ec\/sitio\/interactos\/noticias\/yo-estuve-en-interactos-jai-ete-a-interactos\/","title":{"rendered":"Yo estuve en Interactos &#8220;J\u2019ai \u00e9t\u00e9 \u00e0 Interactos&#8221;"},"content":{"rendered":"<p>Estudiantes de UArtes y de la Comunidad, Programa Sociedad Biling\u00fce, presentaron la propuesta creativa denominada <strong>Yo estuve en Interactos &#8220;j\u2019ai \u00e9t\u00e9 a Interactos&#8221;. <\/strong>La presentaci\u00f3n se llev\u00f3 a cabo el mi\u00e9rcoles 1 de noviembre en Malakita, Campus Centro UArtes, y fue concebida gracias a la iniciativa de Rosa Elena Mart\u00ednez y a la motivaci\u00f3n de los estudiantes de Franc\u00e9s I y Franc\u00e9s II, del Departamento de Lenguas Extranjeras de la instituci\u00f3n.<\/p>\n<p>Este encuentro permiti\u00f3 a los alumnos mostrar su percepci\u00f3n frente a los diferentes espacios participativos y, a la maestra, evaluar su implicaci\u00f3n en las actividades acad\u00e9micas y culturales que la UArtes ofrece; haciendo \u00e9nfasis en el aprendizaje de una lengua extranjera como pasarela del desarrollo art\u00edstico.<\/p>\n<p>Los estudiantes utilizaron la m\u00fasica, la danza, la prosa, la dramatizaci\u00f3n para expresar lo que para ellos significaron los Encuentros P\u00fablicos de Artes, Interactos 2017; como ellos vivieron y sintieron la relaci\u00f3n con el arte.<\/p>\n<p>Esta experiencia &nbsp;permiti\u00f3 a los estudiantes apropiarse de los contenidos a trav\u00e9s de objetos de aprendizaje significativos y manifestar libremente sus opiniones y su creatividad&nbsp;&nbsp; rompiendo esquemas &nbsp;con respecto a la concepci\u00f3n, puramente&nbsp; acad\u00e9mica, del arte.<\/p>\n<p>&#8220;J\u2019ai \u00e9t\u00e9 a Interactos&#8221; puso el acento en las nuevas formas de percibir el arte, desde la propia realidad de los sujetos, estimulando la creaci\u00f3n art\u00edstica plena.<\/p>\n","protected":false},"excerpt":{"rendered":"<p>Estudiantes de UArtes y de la Comunidad, Programa Sociedad Biling\u00fce, presentaron la propuesta creativa denominada Yo estuve en Interactos &#8220;j\u2019ai \u00e9t\u00e9 a Interactos&#8221;. La presentaci\u00f3n se llev\u00f3 a cabo el mi\u00e9rcoles 1 de noviembre en Malakita, Campus Centro UArtes, y fue concebida gracias a la iniciativa de Rosa Elena Mart\u00ednez y a la motivaci\u00f3n de [&hellip;]<\/p>\n","protected":false},"author":1,"featured_media":895,"comment_status":"closed","ping_status":"closed","sticky":false,"template":"","format":"standard","meta":{"_uag_custom_page_level_css":"","_monsterinsights_skip_tracking":false,"_monsterinsights_sitenote_active":false,"_monsterinsights_sitenote_note":"","_monsterinsights_sitenote_category":0,"cybocfi_hide_featured_image":"","footnotes":""},"categories":[6],"tags":[12,10],"class_list":["post-863","post","type-post","status-publish","format-standard","has-post-thumbnail","hentry","category-noticias","tag-dle","tag-interactos"],"uagb_featured_image_src":{"full":["https:\/\/www.uartes.edu.ec\/sitio\/interactos\/wp-content\/uploads\/sites\/8\/2017\/11\/Estuve-en-Interactos.jpg",1500,1000,false],"thumbnail":["https:\/\/www.uartes.edu.ec\/sitio\/interactos\/wp-content\/uploads\/sites\/8\/2017\/11\/Estuve-en-Interactos-150x150.jpg",150,150,true],"medium":["https:\/\/www.uartes.edu.ec\/sitio\/interactos\/wp-content\/uploads\/sites\/8\/2017\/11\/Estuve-en-Interactos-300x200.jpg",300,200,true],"medium_large":["https:\/\/www.uartes.edu.ec\/sitio\/interactos\/wp-content\/uploads\/sites\/8\/2017\/11\/Estuve-en-Interactos-768x512.jpg",768,512,true],"large":["https:\/\/www.uartes.edu.ec\/sitio\/interactos\/wp-content\/uploads\/sites\/8\/2017\/11\/Estuve-en-Interactos-1024x683.jpg",800,534,true],"1536x1536":["https:\/\/www.uartes.edu.ec\/sitio\/interactos\/wp-content\/uploads\/sites\/8\/2017\/11\/Estuve-en-Interactos.jpg",1500,1000,false],"2048x2048":["https:\/\/www.uartes.edu.ec\/sitio\/interactos\/wp-content\/uploads\/sites\/8\/2017\/11\/Estuve-en-Interactos.jpg",1500,1000,false]},"uagb_author_info":{"display_name":"Universidad de las Artes","author_link":"https:\/\/www.uartes.edu.ec\/sitio\/interactos\/author\/dircomadm\/"},"uagb_comment_info":0,"uagb_excerpt":"Estudiantes de UArtes y de la Comunidad, Programa Sociedad Biling\u00fce, presentaron la propuesta creativa denominada Yo estuve en Interactos &#8220;j\u2019ai \u00e9t\u00e9 a Interactos&#8221;. La presentaci\u00f3n se llev\u00f3 a cabo el mi\u00e9rcoles 1 de noviembre en Malakita, Campus Centro UArtes, y fue concebida gracias a la iniciativa de Rosa Elena Mart\u00ednez y a la motivaci\u00f3n de&hellip;","distributor_meta":false,"distributor_terms":false,"distributor_media":false,"distributor_original_site_name":"inter [\u2022] actos","distributor_original_site_url":"https:\/\/www.uartes.edu.ec\/sitio\/interactos","push-errors":false,"_links":{"self":[{"href":"https:\/\/www.uartes.edu.ec\/sitio\/interactos\/wp-json\/wp\/v2\/posts\/863","targetHints":{"allow":["GET"]}}],"collection":[{"href":"https:\/\/www.uartes.edu.ec\/sitio\/interactos\/wp-json\/wp\/v2\/posts"}],"about":[{"href":"https:\/\/www.uartes.edu.ec\/sitio\/interactos\/wp-json\/wp\/v2\/types\/post"}],"author":[{"embeddable":true,"href":"https:\/\/www.uartes.edu.ec\/sitio\/interactos\/wp-json\/wp\/v2\/users\/1"}],"replies":[{"embeddable":true,"href":"https:\/\/www.uartes.edu.ec\/sitio\/interactos\/wp-json\/wp\/v2\/comments?post=863"}],"version-history":[{"count":2,"href":"https:\/\/www.uartes.edu.ec\/sitio\/interactos\/wp-json\/wp\/v2\/posts\/863\/revisions"}],"predecessor-version":[{"id":891,"href":"https:\/\/www.uartes.edu.ec\/sitio\/interactos\/wp-json\/wp\/v2\/posts\/863\/revisions\/891"}],"wp:featuredmedia":[{"embeddable":true,"href":"https:\/\/www.uartes.edu.ec\/sitio\/interactos\/wp-json\/wp\/v2\/media\/895"}],"wp:attachment":[{"href":"https:\/\/www.uartes.edu.ec\/sitio\/interactos\/wp-json\/wp\/v2\/media?parent=863"}],"wp:term":[{"taxonomy":"category","embeddable":true,"href":"https:\/\/www.uartes.edu.ec\/sitio\/interactos\/wp-json\/wp\/v2\/categories?post=863"},{"taxonomy":"post_tag","embeddable":true,"href":"https:\/\/www.uartes.edu.ec\/sitio\/interactos\/wp-json\/wp\/v2\/tags?post=863"}],"curies":[{"name":"wp","href":"https:\/\/api.w.org\/{rel}","templated":true}]}}