{"id":865,"date":"2017-10-16T08:55:36","date_gmt":"2017-10-16T08:55:36","guid":{"rendered":"http:\/\/www.uartes.edu.ec\/sitio\/interactos\/2017\/10\/16\/itinerario-de-teatro-y-danza-un-recorrido-escenico-y-performatico-por-interactos\/"},"modified":"2019-06-28T18:41:09","modified_gmt":"2019-06-28T18:41:09","slug":"itinerario-de-teatro-y-danza-un-recorrido-escenico-y-performatico-por-interactos","status":"publish","type":"post","link":"https:\/\/www.uartes.edu.ec\/sitio\/interactos\/noticias\/itinerario-de-teatro-y-danza-un-recorrido-escenico-y-performatico-por-interactos\/","title":{"rendered":"Itinerario de teatro y danza, un recorrido esc\u00e9nico y perform\u00e1tico por Interactos"},"content":{"rendered":"<p>Los itinerarios son propuestas y recorridos sugeridos para que la ciudadan\u00eda recorra las actividades de Interactos de acuerdo a su tiempo y afinidad. Para los interesados en las artes esc\u00e9nicas y el performance, tenemos diversas actividades que atraviesan de manera potente los Encuentro P\u00fablicos de Artes.<\/p>\n<p>Varias Universidades del pa\u00eds estar\u00e1n presentes: la San Francisco de Quito con la obra de danza &#8220;Man\u00edpulo\u201d, la Central del Ecuador con el video instalaci\u00f3n performance &#8220;Register&#8221;, la de Cuenca con la obra de danza &#8220;La distancia es una l\u00ednea imaginaria entre ma\u00f1ana y un pie de lim\u00f3n\u201d; el Centro Cultural Ecuatoriano Alem\u00e1n prepara un ciclo de cine sobre danza; Aar\u00f3n Navia, Yenzer Pinilla, Uriel Bravo, Miguel Palacios, se cuentan entre los artistas esc\u00e9nicos, junto a varios colectivos, que ocupar\u00e1n con sus cuerpos las inmediaciones del Centro C\u00edvico de Guayaquil.<\/p>\n<p>\u201cLa Escuela de Artes Esc\u00e9nicas de la Universidad de las Artes se suma a los Encuentros P\u00fablicos de Artes, Interactos 2017, por segundo a\u00f1o consecutivo con presentaciones art\u00edsticas nacionales e internacionales, mesas de di\u00e1logo, talleres de danza y teatro.<\/p>\n<p>Es un honor para nuestra escuela abrir sus puertas a propuestas art\u00edsticas que vinculen a la comunidad con el entorno art\u00edstico y universitario, as\u00ed como el apoyo a procesos pedag\u00f3gicos, investigativos y creativos de los estudiantes de la carrera de Creaci\u00f3n Teatral y la naciente carrera de Danza\u201d, explican Lorena Delgado y Benjam\u00edn Cort\u00e9s, artistas y docentes de la Escuela de Artes Esc\u00e9nicas de la UArtes.<\/p>\n<p>Descarga <a href=\"https:\/\/goo.gl\/6vqRRe\">la agenda de actividades por itinerarios<\/a>.<\/p>\n<p><em>*Fotograf\u00eda de Roxanne P\u00e9rez.<\/em><\/p>\n","protected":false},"excerpt":{"rendered":"<p>Los itinerarios son propuestas y recorridos sugeridos para que la ciudadan\u00eda recorra las actividades de Interactos de acuerdo a su tiempo y afinidad. Para los interesados en las artes esc\u00e9nicas y el performance, tenemos diversas actividades que atraviesan de manera potente los Encuentro P\u00fablicos de Artes. Varias Universidades del pa\u00eds estar\u00e1n presentes: la San Francisco [&hellip;]<\/p>\n","protected":false},"author":1,"featured_media":896,"comment_status":"closed","ping_status":"closed","sticky":false,"template":"","format":"standard","meta":{"_uag_custom_page_level_css":"","_monsterinsights_skip_tracking":false,"_monsterinsights_sitenote_active":false,"_monsterinsights_sitenote_note":"","_monsterinsights_sitenote_category":0,"cybocfi_hide_featured_image":"","footnotes":""},"categories":[6],"tags":[10],"class_list":["post-865","post","type-post","status-publish","format-standard","has-post-thumbnail","hentry","category-noticias","tag-interactos"],"uagb_featured_image_src":{"full":["https:\/\/www.uartes.edu.ec\/sitio\/interactos\/wp-content\/uploads\/sites\/8\/2017\/10\/Sin-t\u00edtulo.jpg",750,500,false],"thumbnail":["https:\/\/www.uartes.edu.ec\/sitio\/interactos\/wp-content\/uploads\/sites\/8\/2017\/10\/Sin-t\u00edtulo-150x150.jpg",150,150,true],"medium":["https:\/\/www.uartes.edu.ec\/sitio\/interactos\/wp-content\/uploads\/sites\/8\/2017\/10\/Sin-t\u00edtulo-300x200.jpg",300,200,true],"medium_large":["https:\/\/www.uartes.edu.ec\/sitio\/interactos\/wp-content\/uploads\/sites\/8\/2017\/10\/Sin-t\u00edtulo.jpg",750,500,false],"large":["https:\/\/www.uartes.edu.ec\/sitio\/interactos\/wp-content\/uploads\/sites\/8\/2017\/10\/Sin-t\u00edtulo.jpg",750,500,false],"1536x1536":["https:\/\/www.uartes.edu.ec\/sitio\/interactos\/wp-content\/uploads\/sites\/8\/2017\/10\/Sin-t\u00edtulo.jpg",750,500,false],"2048x2048":["https:\/\/www.uartes.edu.ec\/sitio\/interactos\/wp-content\/uploads\/sites\/8\/2017\/10\/Sin-t\u00edtulo.jpg",750,500,false]},"uagb_author_info":{"display_name":"Universidad de las Artes","author_link":"https:\/\/www.uartes.edu.ec\/sitio\/interactos\/author\/dircomadm\/"},"uagb_comment_info":0,"uagb_excerpt":"Los itinerarios son propuestas y recorridos sugeridos para que la ciudadan\u00eda recorra las actividades de Interactos de acuerdo a su tiempo y afinidad. Para los interesados en las artes esc\u00e9nicas y el performance, tenemos diversas actividades que atraviesan de manera potente los Encuentro P\u00fablicos de Artes. Varias Universidades del pa\u00eds estar\u00e1n presentes: la San Francisco&hellip;","distributor_meta":false,"distributor_terms":false,"distributor_media":false,"distributor_original_site_name":"inter [\u2022] actos","distributor_original_site_url":"https:\/\/www.uartes.edu.ec\/sitio\/interactos","push-errors":false,"_links":{"self":[{"href":"https:\/\/www.uartes.edu.ec\/sitio\/interactos\/wp-json\/wp\/v2\/posts\/865","targetHints":{"allow":["GET"]}}],"collection":[{"href":"https:\/\/www.uartes.edu.ec\/sitio\/interactos\/wp-json\/wp\/v2\/posts"}],"about":[{"href":"https:\/\/www.uartes.edu.ec\/sitio\/interactos\/wp-json\/wp\/v2\/types\/post"}],"author":[{"embeddable":true,"href":"https:\/\/www.uartes.edu.ec\/sitio\/interactos\/wp-json\/wp\/v2\/users\/1"}],"replies":[{"embeddable":true,"href":"https:\/\/www.uartes.edu.ec\/sitio\/interactos\/wp-json\/wp\/v2\/comments?post=865"}],"version-history":[{"count":1,"href":"https:\/\/www.uartes.edu.ec\/sitio\/interactos\/wp-json\/wp\/v2\/posts\/865\/revisions"}],"predecessor-version":[{"id":879,"href":"https:\/\/www.uartes.edu.ec\/sitio\/interactos\/wp-json\/wp\/v2\/posts\/865\/revisions\/879"}],"wp:featuredmedia":[{"embeddable":true,"href":"https:\/\/www.uartes.edu.ec\/sitio\/interactos\/wp-json\/wp\/v2\/media\/896"}],"wp:attachment":[{"href":"https:\/\/www.uartes.edu.ec\/sitio\/interactos\/wp-json\/wp\/v2\/media?parent=865"}],"wp:term":[{"taxonomy":"category","embeddable":true,"href":"https:\/\/www.uartes.edu.ec\/sitio\/interactos\/wp-json\/wp\/v2\/categories?post=865"},{"taxonomy":"post_tag","embeddable":true,"href":"https:\/\/www.uartes.edu.ec\/sitio\/interactos\/wp-json\/wp\/v2\/tags?post=865"}],"curies":[{"name":"wp","href":"https:\/\/api.w.org\/{rel}","templated":true}]}}