{"id":868,"date":"2017-10-05T15:29:47","date_gmt":"2017-10-05T15:29:47","guid":{"rendered":"http:\/\/www.uartes.edu.ec\/sitio\/interactos\/2017\/10\/05\/interactos-reafirma-la-importancia-de-las-artes-en-la-sociedad\/"},"modified":"2019-06-28T18:41:09","modified_gmt":"2019-06-28T18:41:09","slug":"interactos-reafirma-la-importancia-de-las-artes-en-la-sociedad","status":"publish","type":"post","link":"https:\/\/www.uartes.edu.ec\/sitio\/interactos\/noticias\/interactos-reafirma-la-importancia-de-las-artes-en-la-sociedad\/","title":{"rendered":"Interactos reafirma la importancia de las artes en la sociedad"},"content":{"rendered":"<p>Interactos, Encuentros P\u00fablicos de Artes, es una iniciativa de la Universidad de las Artes para propiciar el intercambio de experiencias en el \u00e1mbito acad\u00e9mico y cultural, as\u00ed como un espacio para potenciar la relaci\u00f3n de la ciudadan\u00eda con el arte, revelando su importancia como eje fundamental para la transformaci\u00f3n social del pa\u00eds.<\/p>\n<p>Los Encuentros P\u00fablicos de Artes contar\u00e1n con la participaci\u00f3n de m\u00e1s de 80 artistas y acad\u00e9micos nacionales e internacionales en 70 actividades&nbsp;entre exposiciones, recitales, presentaciones musicales y esc\u00e9nicas, muestras de artes visuales y fotograf\u00eda, conversatorios, mesas de debate y talleres.<\/p>\n<p>Entre los invitados y participantes est\u00e1n Rub\u00e9n Castillo (Uruguay), Ram\u00f3n Cabrera Salort (Cuba), Alice de Andrade (Brasil), Yenzer Pinilla (Colombia). Participar\u00e1 en esta segunda edici\u00f3n la Universidad Central del Ecuador, la Pontificia Universidad Cat\u00f3lica del Ecuador, Universidad de Cuenca, el Centro Cultural Ecuatoriano Alem\u00e1n, representantes de la SENESCYT y del Ministerio de Cultura y Patrimonio del Ecuador. Adem\u00e1s, la Orquesta Sinf\u00f3nica de Guayaquil, Mu\u00e9gano Teatro, Tham\u00e9 Teatro de Artesanos, Corporaci\u00f3n Imaginario, Compa\u00f1\u00eda EnNing\u00fanLugar, Compa\u00f1\u00eda Teatral Humor y Vida, Colectivo Fuera de la Caja, Colectivo GWYKQLL, Colectivos afroecuatorianos y el Instituto Superior de Arte Culinario.<\/p>\n<p>En la UArtes trabajamos por enriquecer los procesos creativos para aportar al desarrollo de la sociedad y apostamos por la creaci\u00f3n art\u00edstica como proceso de construcci\u00f3n social de sentidos, narrativas e identidades; creemos en la educaci\u00f3n como proceso de cambio social; propiciamos pr\u00e1cticas interdisciplinares que favorezcan encuentros e intercambios de las artes en las econom\u00edas creativas.<\/p>\n<p>Interactos, del 18 al 22 de octubre de 2017, Plaza de Artes y Oficios, Av. Quito y Bolivia, sur de Guayaquil.<\/p>\n","protected":false},"excerpt":{"rendered":"<p>Interactos, Encuentros P\u00fablicos de Artes, es una iniciativa de la Universidad de las Artes para propiciar el intercambio de experiencias en el \u00e1mbito acad\u00e9mico y cultural, as\u00ed como un espacio para potenciar la relaci\u00f3n de la ciudadan\u00eda con el arte, revelando su importancia como eje fundamental para la transformaci\u00f3n social del pa\u00eds. Los Encuentros P\u00fablicos [&hellip;]<\/p>\n","protected":false},"author":1,"featured_media":901,"comment_status":"closed","ping_status":"closed","sticky":false,"template":"","format":"standard","meta":{"_uag_custom_page_level_css":"","_monsterinsights_skip_tracking":false,"_monsterinsights_sitenote_active":false,"_monsterinsights_sitenote_note":"","_monsterinsights_sitenote_category":0,"cybocfi_hide_featured_image":"","footnotes":""},"categories":[6],"tags":[10],"class_list":["post-868","post","type-post","status-publish","format-standard","has-post-thumbnail","hentry","category-noticias","tag-interactos"],"uagb_featured_image_src":{"full":["https:\/\/www.uartes.edu.ec\/sitio\/interactos\/wp-content\/uploads\/sites\/8\/2017\/10\/El-animal-ma\u0301s-bonito-EAS-Interactos-2016-scaled.jpg",2560,1437,false],"thumbnail":["https:\/\/www.uartes.edu.ec\/sitio\/interactos\/wp-content\/uploads\/sites\/8\/2017\/10\/El-animal-ma\u0301s-bonito-EAS-Interactos-2016-150x150.jpg",150,150,true],"medium":["https:\/\/www.uartes.edu.ec\/sitio\/interactos\/wp-content\/uploads\/sites\/8\/2017\/10\/El-animal-ma\u0301s-bonito-EAS-Interactos-2016-300x168.jpg",300,168,true],"medium_large":["https:\/\/www.uartes.edu.ec\/sitio\/interactos\/wp-content\/uploads\/sites\/8\/2017\/10\/El-animal-ma\u0301s-bonito-EAS-Interactos-2016-768x431.jpg",768,431,true],"large":["https:\/\/www.uartes.edu.ec\/sitio\/interactos\/wp-content\/uploads\/sites\/8\/2017\/10\/El-animal-ma\u0301s-bonito-EAS-Interactos-2016-1024x575.jpg",800,449,true],"1536x1536":["https:\/\/www.uartes.edu.ec\/sitio\/interactos\/wp-content\/uploads\/sites\/8\/2017\/10\/El-animal-ma\u0301s-bonito-EAS-Interactos-2016-scaled.jpg",1536,862,false],"2048x2048":["https:\/\/www.uartes.edu.ec\/sitio\/interactos\/wp-content\/uploads\/sites\/8\/2017\/10\/El-animal-ma\u0301s-bonito-EAS-Interactos-2016-scaled.jpg",2048,1150,false]},"uagb_author_info":{"display_name":"Universidad de las Artes","author_link":"https:\/\/www.uartes.edu.ec\/sitio\/interactos\/author\/dircomadm\/"},"uagb_comment_info":0,"uagb_excerpt":"Interactos, Encuentros P\u00fablicos de Artes, es una iniciativa de la Universidad de las Artes para propiciar el intercambio de experiencias en el \u00e1mbito acad\u00e9mico y cultural, as\u00ed como un espacio para potenciar la relaci\u00f3n de la ciudadan\u00eda con el arte, revelando su importancia como eje fundamental para la transformaci\u00f3n social del pa\u00eds. Los Encuentros P\u00fablicos&hellip;","distributor_meta":false,"distributor_terms":false,"distributor_media":false,"distributor_original_site_name":"inter [\u2022] actos","distributor_original_site_url":"https:\/\/www.uartes.edu.ec\/sitio\/interactos","push-errors":false,"_links":{"self":[{"href":"https:\/\/www.uartes.edu.ec\/sitio\/interactos\/wp-json\/wp\/v2\/posts\/868","targetHints":{"allow":["GET"]}}],"collection":[{"href":"https:\/\/www.uartes.edu.ec\/sitio\/interactos\/wp-json\/wp\/v2\/posts"}],"about":[{"href":"https:\/\/www.uartes.edu.ec\/sitio\/interactos\/wp-json\/wp\/v2\/types\/post"}],"author":[{"embeddable":true,"href":"https:\/\/www.uartes.edu.ec\/sitio\/interactos\/wp-json\/wp\/v2\/users\/1"}],"replies":[{"embeddable":true,"href":"https:\/\/www.uartes.edu.ec\/sitio\/interactos\/wp-json\/wp\/v2\/comments?post=868"}],"version-history":[{"count":2,"href":"https:\/\/www.uartes.edu.ec\/sitio\/interactos\/wp-json\/wp\/v2\/posts\/868\/revisions"}],"predecessor-version":[{"id":902,"href":"https:\/\/www.uartes.edu.ec\/sitio\/interactos\/wp-json\/wp\/v2\/posts\/868\/revisions\/902"}],"wp:featuredmedia":[{"embeddable":true,"href":"https:\/\/www.uartes.edu.ec\/sitio\/interactos\/wp-json\/wp\/v2\/media\/901"}],"wp:attachment":[{"href":"https:\/\/www.uartes.edu.ec\/sitio\/interactos\/wp-json\/wp\/v2\/media?parent=868"}],"wp:term":[{"taxonomy":"category","embeddable":true,"href":"https:\/\/www.uartes.edu.ec\/sitio\/interactos\/wp-json\/wp\/v2\/categories?post=868"},{"taxonomy":"post_tag","embeddable":true,"href":"https:\/\/www.uartes.edu.ec\/sitio\/interactos\/wp-json\/wp\/v2\/tags?post=868"}],"curies":[{"name":"wp","href":"https:\/\/api.w.org\/{rel}","templated":true}]}}