{"id":871,"date":"2017-05-29T12:00:20","date_gmt":"2017-05-29T12:00:20","guid":{"rendered":"http:\/\/www.uartes.edu.ec\/sitio\/interactos\/2017\/05\/29\/cartel-de-interactos-seleccionado-para-la-bicebe-de-bolivia-2017\/"},"modified":"2019-06-28T18:41:09","modified_gmt":"2019-06-28T18:41:09","slug":"cartel-de-interactos-seleccionado-para-la-bicebe-de-bolivia-2017","status":"publish","type":"post","link":"https:\/\/www.uartes.edu.ec\/sitio\/interactos\/noticias\/cartel-de-interactos-seleccionado-para-la-bicebe-de-bolivia-2017\/","title":{"rendered":"Cartel de Interactos seleccionado para la BICeB\u00e9 de Bolivia 2017"},"content":{"rendered":"<p><a href=\"http:\/\/www.bicebebolivia.com\/9871639\">Uno de los carteles<\/a> de promoci\u00f3n de los Encuentros P\u00fablicos de Artes \u2013 Interactos 2016, de creaci\u00f3n de Mar\u00eda Mercedes Salgado, Paola Serrano, Tyrone Maridue\u00f1a y Kenia Luna, del Departamento de Comunicaci\u00f3n de la Universidad de las Artes del Ecuador (UArtes), fue seleccionado en la categor\u00eda Carteles Culturales para la Bienal del Cartel Bolivia, BICeB\u00e9 2017.<\/p>\n<p>La&nbsp;Bienal del Cartel Bolivia es el evento internacional de dise\u00f1o y comunicaci\u00f3n visual m\u00e1s importante y ventana del dise\u00f1o boliviano y latinoamericano al mundo. Desde su inicio en 2009, la BICeB\u00e9 promueve la excelencia y la formaci\u00f3n en dise\u00f1o; y para ello ha trabajado conjuntamente con los espacios de formaci\u00f3n del pa\u00eds, y el mundo.<\/p>\n<p>En la edici\u00f3n 2017 de la Bienal, 6 carteles de Ecuador, pa\u00eds invitado, de entre 6.444, ingresaron como seleccionados para la siguiente edici\u00f3n que se realizar\u00e1 en noviembre. 1 de los 6 carteles seleccionados de Ecuador, pertenece a la Universidad de las Artes.<\/p>\n<p>El elemento principal del cartel, dice Mar\u00eda Mercedes Salgado, es la fotograf\u00eda que representa la creaci\u00f3n art\u00edstica; danza, coreograf\u00eda, crom\u00e1ticas, sonido, movimiento. \u201cLuego est\u00e1 la informaci\u00f3n concreta a trav\u00e9s del logotipo, lugar y fechas. El equilibrio global se encuentra en la relaci\u00f3n entre imagen y tipograf\u00eda\u201d, afirma.<\/p>\n<p>El concepto fotogr\u00e1fico corresponde a Tyrone Maridue\u00f1a, quien muestra a Carolina Pepper, core\u00f3grafa, int\u00e9rprete y docente de la UArtes, en un ejercicio de danza memoria.<\/p>\n<p><img fetchpriority=\"high\" decoding=\"async\" class=\"aligncenter size-full wp-image-453\" src=\"http:\/\/www.uartes.edu.ec\/infouartes\/wp-content\/uploads\/2017\/05\/cartel-interactos.jpg\" alt=\"\" width=\"525\" height=\"787\"><\/p>\n<p>Los carteles ecuatorianos seleccionados son:<\/p>\n<ul>\n<li>Mar\u00eda Mercedes Salgado, Paola Serrano, Tyrone Maridue\u00f1a y Kenia Luna en la categor\u00eda <strong>Carteles Culturales<\/strong><\/li>\n<li>Pablo Iturralde en la categor\u00eda <strong>Carteles Culturales<\/strong><\/li>\n<li>Erika Coello en la categor\u00eda <strong>Carteles pol\u00edticos y sociales<\/strong><\/li>\n<li>Lissette Mac\u00edas Mej\u00eda en la categor\u00eda<strong> Basura Electr\u00f3nica<\/strong><\/li>\n<li>Nicol\u00e1s Reyes en la categor\u00eda <strong>Basura Electr\u00f3nica<\/strong><\/li>\n<li>David Feria y Christian Lasso en la categor\u00eda<strong> GIF Animado<\/strong><\/li>\n<\/ul>\n<p>La BICeB\u00e9 muestra lo mejor de los carteles producidos en el mundo entre el 2015 y el 2017, este a\u00f1o 340 carteles, la mayor\u00eda de ellos europeos y asi\u00e1ticos, han sido seleccionados. M\u00e1s informaci\u00f3n en el <a href=\"http:\/\/www.bicebebolivia.com\/\">siguiente enlace<\/a>.<\/p>\n","protected":false},"excerpt":{"rendered":"<p>Uno de los carteles de promoci\u00f3n de los Encuentros P\u00fablicos de Artes \u2013 Interactos 2016, de creaci\u00f3n de Mar\u00eda Mercedes Salgado, Paola Serrano, Tyrone Maridue\u00f1a y Kenia Luna, del Departamento de Comunicaci\u00f3n de la Universidad de las Artes del Ecuador (UArtes), fue seleccionado en la categor\u00eda Carteles Culturales para la Bienal del Cartel Bolivia, BICeB\u00e9 [&hellip;]<\/p>\n","protected":false},"author":1,"featured_media":907,"comment_status":"closed","ping_status":"closed","sticky":false,"template":"","format":"standard","meta":{"_uag_custom_page_level_css":"","_monsterinsights_skip_tracking":false,"_monsterinsights_sitenote_active":false,"_monsterinsights_sitenote_note":"","_monsterinsights_sitenote_category":0,"cybocfi_hide_featured_image":"","footnotes":""},"categories":[6],"tags":[],"class_list":["post-871","post","type-post","status-publish","format-standard","has-post-thumbnail","hentry","category-noticias"],"uagb_featured_image_src":{"full":["https:\/\/www.uartes.edu.ec\/sitio\/interactos\/wp-content\/uploads\/sites\/8\/2017\/05\/interactos2-scaled.jpg",2560,1399,false],"thumbnail":["https:\/\/www.uartes.edu.ec\/sitio\/interactos\/wp-content\/uploads\/sites\/8\/2017\/05\/interactos2-150x150.jpg",150,150,true],"medium":["https:\/\/www.uartes.edu.ec\/sitio\/interactos\/wp-content\/uploads\/sites\/8\/2017\/05\/interactos2-300x164.jpg",300,164,true],"medium_large":["https:\/\/www.uartes.edu.ec\/sitio\/interactos\/wp-content\/uploads\/sites\/8\/2017\/05\/interactos2-768x420.jpg",768,420,true],"large":["https:\/\/www.uartes.edu.ec\/sitio\/interactos\/wp-content\/uploads\/sites\/8\/2017\/05\/interactos2-1024x559.jpg",800,437,true],"1536x1536":["https:\/\/www.uartes.edu.ec\/sitio\/interactos\/wp-content\/uploads\/sites\/8\/2017\/05\/interactos2-scaled.jpg",1536,839,false],"2048x2048":["https:\/\/www.uartes.edu.ec\/sitio\/interactos\/wp-content\/uploads\/sites\/8\/2017\/05\/interactos2-scaled.jpg",2048,1119,false]},"uagb_author_info":{"display_name":"Universidad de las Artes","author_link":"https:\/\/www.uartes.edu.ec\/sitio\/interactos\/author\/dircomadm\/"},"uagb_comment_info":0,"uagb_excerpt":"Uno de los carteles de promoci\u00f3n de los Encuentros P\u00fablicos de Artes \u2013 Interactos 2016, de creaci\u00f3n de Mar\u00eda Mercedes Salgado, Paola Serrano, Tyrone Maridue\u00f1a y Kenia Luna, del Departamento de Comunicaci\u00f3n de la Universidad de las Artes del Ecuador (UArtes), fue seleccionado en la categor\u00eda Carteles Culturales para la Bienal del Cartel Bolivia, BICeB\u00e9&hellip;","distributor_meta":false,"distributor_terms":false,"distributor_media":false,"distributor_original_site_name":"inter [\u2022] actos","distributor_original_site_url":"https:\/\/www.uartes.edu.ec\/sitio\/interactos","push-errors":false,"_links":{"self":[{"href":"https:\/\/www.uartes.edu.ec\/sitio\/interactos\/wp-json\/wp\/v2\/posts\/871","targetHints":{"allow":["GET"]}}],"collection":[{"href":"https:\/\/www.uartes.edu.ec\/sitio\/interactos\/wp-json\/wp\/v2\/posts"}],"about":[{"href":"https:\/\/www.uartes.edu.ec\/sitio\/interactos\/wp-json\/wp\/v2\/types\/post"}],"author":[{"embeddable":true,"href":"https:\/\/www.uartes.edu.ec\/sitio\/interactos\/wp-json\/wp\/v2\/users\/1"}],"replies":[{"embeddable":true,"href":"https:\/\/www.uartes.edu.ec\/sitio\/interactos\/wp-json\/wp\/v2\/comments?post=871"}],"version-history":[{"count":2,"href":"https:\/\/www.uartes.edu.ec\/sitio\/interactos\/wp-json\/wp\/v2\/posts\/871\/revisions"}],"predecessor-version":[{"id":908,"href":"https:\/\/www.uartes.edu.ec\/sitio\/interactos\/wp-json\/wp\/v2\/posts\/871\/revisions\/908"}],"wp:featuredmedia":[{"embeddable":true,"href":"https:\/\/www.uartes.edu.ec\/sitio\/interactos\/wp-json\/wp\/v2\/media\/907"}],"wp:attachment":[{"href":"https:\/\/www.uartes.edu.ec\/sitio\/interactos\/wp-json\/wp\/v2\/media?parent=871"}],"wp:term":[{"taxonomy":"category","embeddable":true,"href":"https:\/\/www.uartes.edu.ec\/sitio\/interactos\/wp-json\/wp\/v2\/categories?post=871"},{"taxonomy":"post_tag","embeddable":true,"href":"https:\/\/www.uartes.edu.ec\/sitio\/interactos\/wp-json\/wp\/v2\/tags?post=871"}],"curies":[{"name":"wp","href":"https:\/\/api.w.org\/{rel}","templated":true}]}}