{"id":909,"date":"2016-11-16T17:00:57","date_gmt":"2016-11-16T17:00:57","guid":{"rendered":"http:\/\/www.uartes.edu.ec\/sitio\/interactos\/?p=909"},"modified":"2019-06-28T20:02:10","modified_gmt":"2019-06-28T20:02:10","slug":"el-mercado-cultural-de-las-artes-de-interactos-abre-sus-puertas","status":"publish","type":"post","link":"https:\/\/www.uartes.edu.ec\/sitio\/interactos\/noticias\/el-mercado-cultural-de-las-artes-de-interactos-abre-sus-puertas\/","title":{"rendered":"El Mercado Cultural de las Artes de Interactos abre sus puertas"},"content":{"rendered":"<p>El&nbsp;<strong>Mercado Cultural de las Artes<\/strong>&nbsp;es una iniciativa de&nbsp;la&nbsp;UArtes&nbsp;quepromueve una econom\u00eda diferente, menos centrada en el consumo de bienes finitos y perecibles y m\u00e1s enfocada en la econom\u00eda de la creatividad.<\/p>\n<p>En el marco de&nbsp;<strong>Interactos<\/strong>&nbsp;se activan&nbsp;espacios de exhibici\u00f3n, producci\u00f3n y muestra de proyectos art\u00edsticos con m\u00e1s de 30 expositores, generando&nbsp;di\u00e1logos e interacciones y compartimento de&nbsp;conocimientos.<\/p>\n<p>El cine contin\u00faa su protagonismo el dia de hoy con mesas de di\u00e1logo con invitados internacionales donde intervienen Ramiro Noriega, Tania Hermida, Javier Olarte, Samuel Larson, Enrique Buchichio, Christian Borges, Marta D\u00edaz, Camilo Luzuriaga, entre otros. Conferencias magistrales de Fernando Vicario sobre Mercados Culturales en Latinoam\u00e9rica, Nelson Garc\u00eda sobre Espacios sonoros en el cine. Muestra de cortos de universidades e institutos latinoamericanos&nbsp;de Uruguay, Brasil y&nbsp;Colombia.<\/p>\n<p>Destaca el lanzamiento de la revista de cine&nbsp;<strong>Fuera de Campo&nbsp;<\/strong>No. 2 de UArtes Ediciones a las 18h30 en la Sala de Lectura Ricardo Maruri Castillo, Campus Sur UArtes.<\/p>\n<p><strong><a href=\"http:\/\/www.uartes.edu.ec\/interactos\/\" target=\"_blank\" rel=\"noopener noreferrer\">Interactos &#8211; Encuentros P\u00fablicos de Artes<\/a><\/strong>&nbsp;permite reconocer a la Universidad de las Artes como un espacio que explora y propone experiencias acad\u00e9micas e interdisciplinarias en las artes.<\/p>\n<p><strong>\u00a1Entrada gratuita!<\/strong><\/p>\n<p>Consulta la programaci\u00f3n de<span>&nbsp;<\/span><strong>Interactos 2016<\/strong><span>&nbsp;<\/span><a href=\"http:\/\/us10.campaign-archive1.com\/?u=aa902dd19e637d521676f9e13&amp;id=aa17b3b5c9\" target=\"_blank\" rel=\"noopener noreferrer\">aqu\u00ed<\/a><\/p>\n","protected":false},"excerpt":{"rendered":"<p>El&nbsp;Mercado Cultural de las Artes&nbsp;es una iniciativa de&nbsp;la&nbsp;UArtes&nbsp;quepromueve una econom\u00eda diferente, menos centrada en el consumo de bienes finitos y perecibles y m\u00e1s enfocada en la econom\u00eda de la creatividad. En el marco de&nbsp;Interactos&nbsp;se activan&nbsp;espacios de exhibici\u00f3n, producci\u00f3n y muestra de proyectos art\u00edsticos con m\u00e1s de 30 expositores, generando&nbsp;di\u00e1logos e interacciones y compartimento de&nbsp;conocimientos. El [&hellip;]<\/p>\n","protected":false},"author":1,"featured_media":927,"comment_status":"closed","ping_status":"closed","sticky":false,"template":"","format":"standard","meta":{"_uag_custom_page_level_css":"","_monsterinsights_skip_tracking":false,"_monsterinsights_sitenote_active":false,"_monsterinsights_sitenote_note":"","_monsterinsights_sitenote_category":0,"cybocfi_hide_featured_image":"","footnotes":""},"categories":[6],"tags":[],"class_list":["post-909","post","type-post","status-publish","format-standard","has-post-thumbnail","hentry","category-noticias"],"uagb_featured_image_src":{"full":["https:\/\/www.uartes.edu.ec\/sitio\/interactos\/wp-content\/uploads\/sites\/8\/2016\/11\/merca2.jpg",1500,1000,false],"thumbnail":["https:\/\/www.uartes.edu.ec\/sitio\/interactos\/wp-content\/uploads\/sites\/8\/2016\/11\/merca2-150x150.jpg",150,150,true],"medium":["https:\/\/www.uartes.edu.ec\/sitio\/interactos\/wp-content\/uploads\/sites\/8\/2016\/11\/merca2-300x200.jpg",300,200,true],"medium_large":["https:\/\/www.uartes.edu.ec\/sitio\/interactos\/wp-content\/uploads\/sites\/8\/2016\/11\/merca2-768x512.jpg",768,512,true],"large":["https:\/\/www.uartes.edu.ec\/sitio\/interactos\/wp-content\/uploads\/sites\/8\/2016\/11\/merca2-1024x683.jpg",800,534,true],"1536x1536":["https:\/\/www.uartes.edu.ec\/sitio\/interactos\/wp-content\/uploads\/sites\/8\/2016\/11\/merca2.jpg",1500,1000,false],"2048x2048":["https:\/\/www.uartes.edu.ec\/sitio\/interactos\/wp-content\/uploads\/sites\/8\/2016\/11\/merca2.jpg",1500,1000,false]},"uagb_author_info":{"display_name":"Universidad de las Artes","author_link":"https:\/\/www.uartes.edu.ec\/sitio\/interactos\/author\/dircomadm\/"},"uagb_comment_info":0,"uagb_excerpt":"El&nbsp;Mercado Cultural de las Artes&nbsp;es una iniciativa de&nbsp;la&nbsp;UArtes&nbsp;quepromueve una econom\u00eda diferente, menos centrada en el consumo de bienes finitos y perecibles y m\u00e1s enfocada en la econom\u00eda de la creatividad. En el marco de&nbsp;Interactos&nbsp;se activan&nbsp;espacios de exhibici\u00f3n, producci\u00f3n y muestra de proyectos art\u00edsticos con m\u00e1s de 30 expositores, generando&nbsp;di\u00e1logos e interacciones y compartimento de&nbsp;conocimientos. El&hellip;","distributor_meta":false,"distributor_terms":false,"distributor_media":false,"distributor_original_site_name":"inter [\u2022] actos","distributor_original_site_url":"https:\/\/www.uartes.edu.ec\/sitio\/interactos","push-errors":false,"_links":{"self":[{"href":"https:\/\/www.uartes.edu.ec\/sitio\/interactos\/wp-json\/wp\/v2\/posts\/909","targetHints":{"allow":["GET"]}}],"collection":[{"href":"https:\/\/www.uartes.edu.ec\/sitio\/interactos\/wp-json\/wp\/v2\/posts"}],"about":[{"href":"https:\/\/www.uartes.edu.ec\/sitio\/interactos\/wp-json\/wp\/v2\/types\/post"}],"author":[{"embeddable":true,"href":"https:\/\/www.uartes.edu.ec\/sitio\/interactos\/wp-json\/wp\/v2\/users\/1"}],"replies":[{"embeddable":true,"href":"https:\/\/www.uartes.edu.ec\/sitio\/interactos\/wp-json\/wp\/v2\/comments?post=909"}],"version-history":[{"count":2,"href":"https:\/\/www.uartes.edu.ec\/sitio\/interactos\/wp-json\/wp\/v2\/posts\/909\/revisions"}],"predecessor-version":[{"id":928,"href":"https:\/\/www.uartes.edu.ec\/sitio\/interactos\/wp-json\/wp\/v2\/posts\/909\/revisions\/928"}],"wp:featuredmedia":[{"embeddable":true,"href":"https:\/\/www.uartes.edu.ec\/sitio\/interactos\/wp-json\/wp\/v2\/media\/927"}],"wp:attachment":[{"href":"https:\/\/www.uartes.edu.ec\/sitio\/interactos\/wp-json\/wp\/v2\/media?parent=909"}],"wp:term":[{"taxonomy":"category","embeddable":true,"href":"https:\/\/www.uartes.edu.ec\/sitio\/interactos\/wp-json\/wp\/v2\/categories?post=909"},{"taxonomy":"post_tag","embeddable":true,"href":"https:\/\/www.uartes.edu.ec\/sitio\/interactos\/wp-json\/wp\/v2\/tags?post=909"}],"curies":[{"name":"wp","href":"https:\/\/api.w.org\/{rel}","templated":true}]}}