{"id":911,"date":"2016-11-14T17:00:35","date_gmt":"2016-11-14T17:00:35","guid":{"rendered":"http:\/\/www.uartes.edu.ec\/sitio\/interactos\/?p=911"},"modified":"2019-06-28T20:06:42","modified_gmt":"2019-06-28T20:06:42","slug":"instituto-latinoamericano-de-investigacion-en-artes-sera-inaugurado-en-guayaquil","status":"publish","type":"post","link":"https:\/\/www.uartes.edu.ec\/sitio\/interactos\/noticias\/instituto-latinoamericano-de-investigacion-en-artes-sera-inaugurado-en-guayaquil\/","title":{"rendered":"Instituto Latinoamericano de Investigaci\u00f3n en Artes ser\u00e1 inaugurado en Guayaquil"},"content":{"rendered":"<p>El d\u00eda de ma\u00f1ana martes 15 de noviembre se realizar\u00e1 la inauguraci\u00f3n de&nbsp;<strong>ILIA<\/strong>&nbsp;&#8211;&nbsp;<strong>Instituto Latinoamericano de Investigaci\u00f3n en Artes,<\/strong>&nbsp;un \u00e1mbito de producci\u00f3n de conocimiento, as\u00ed como de pr\u00e1cticas art\u00edsticas, vinculados a la investigaci\u00f3n en artes, a trav\u00e9s de las artes, sobre arte y para las artes. Su creaci\u00f3n tiene por objetivo la puesta en debate de la cultura y las artes en las sociedades contempor\u00e1neas y en la regi\u00f3n de Am\u00e9rica Latina.<\/p>\n<p>En el marco de&nbsp;<strong>Interactos<\/strong>, su inauguraci\u00f3n por las autoridades de la Universidad de las Artes permitir\u00e1 poner en escena el debate de criterios con distinguidos invitados nacionales e internacionales sobre la cultura y las artes en Latinoam\u00e9rica.&nbsp;La conferencia magistral de Juca Ferreira, ex Ministro de Cultura de Brasil es una actividad vinculada al lanzamiento de ILIA.<\/p>\n<p>Ma\u00f1ana iniciar\u00e1 la<strong>&nbsp;muestra de cortometrajes&nbsp;<\/strong>de seis escuelas cine de Latinoam\u00e9rica y la participaci\u00f3n de<strong>&nbsp;Samuel Larson&nbsp;<\/strong>con una Clase Magistral<strong>: Pensar el sonido.&nbsp;<\/strong>Tendremos adem\u00e1s la participaci\u00f3n de&nbsp;<strong>Cristina Rivera Garza<\/strong>,&nbsp;<strong>Damian Tabarovsky,<\/strong>&nbsp;<strong>Felipe Rosete<\/strong>, entre otros.<\/p>\n<p><strong><a href=\"http:\/\/www.uartes.edu.ec\/interactos\/\" target=\"_blank\" rel=\"noopener noreferrer\">Interactos &#8211; Encuentros P\u00fablicos de Artes<\/a><\/strong>&nbsp;permite&nbsp;activar&nbsp;espacios de exhibici\u00f3n, producci\u00f3n y muestra de proyectos art\u00edsticos, generar&nbsp;di\u00e1logos e interacciones y compartir&nbsp;conocimientos.<\/p>\n<p>Las actividades se realizar\u00e1n en el MAAC Cine y en el Centro C\u00edvico Eloy Alfaro.<\/p>\n<p><strong>\u00a1Entrada gratuita!<\/strong><\/p>\n<p>Consulta la programaci\u00f3n de<span>&nbsp;<\/span><strong>Interactos 2016<\/strong><span>&nbsp;<\/span><a href=\"http:\/\/us10.campaign-archive2.com\/?u=aa902dd19e637d521676f9e13&amp;id=df79b4b8d5\" target=\"_blank\" rel=\"noopener noreferrer\">aqu\u00ed<\/a><\/p>\n","protected":false},"excerpt":{"rendered":"<p>El d\u00eda de ma\u00f1ana martes 15 de noviembre se realizar\u00e1 la inauguraci\u00f3n de&nbsp;ILIA&nbsp;&#8211;&nbsp;Instituto Latinoamericano de Investigaci\u00f3n en Artes,&nbsp;un \u00e1mbito de producci\u00f3n de conocimiento, as\u00ed como de pr\u00e1cticas art\u00edsticas, vinculados a la investigaci\u00f3n en artes, a trav\u00e9s de las artes, sobre arte y para las artes. Su creaci\u00f3n tiene por objetivo la puesta en debate de [&hellip;]<\/p>\n","protected":false},"author":1,"featured_media":931,"comment_status":"closed","ping_status":"closed","sticky":false,"template":"","format":"standard","meta":{"_uag_custom_page_level_css":"","_monsterinsights_skip_tracking":false,"_monsterinsights_sitenote_active":false,"_monsterinsights_sitenote_note":"","_monsterinsights_sitenote_category":0,"cybocfi_hide_featured_image":"","footnotes":""},"categories":[6],"tags":[],"class_list":["post-911","post","type-post","status-publish","format-standard","has-post-thumbnail","hentry","category-noticias"],"uagb_featured_image_src":{"full":["https:\/\/www.uartes.edu.ec\/sitio\/interactos\/wp-content\/uploads\/sites\/8\/2016\/11\/ILIA-ORGENES.jpg",1500,1000,false],"thumbnail":["https:\/\/www.uartes.edu.ec\/sitio\/interactos\/wp-content\/uploads\/sites\/8\/2016\/11\/ILIA-ORGENES-150x150.jpg",150,150,true],"medium":["https:\/\/www.uartes.edu.ec\/sitio\/interactos\/wp-content\/uploads\/sites\/8\/2016\/11\/ILIA-ORGENES-300x200.jpg",300,200,true],"medium_large":["https:\/\/www.uartes.edu.ec\/sitio\/interactos\/wp-content\/uploads\/sites\/8\/2016\/11\/ILIA-ORGENES-768x512.jpg",768,512,true],"large":["https:\/\/www.uartes.edu.ec\/sitio\/interactos\/wp-content\/uploads\/sites\/8\/2016\/11\/ILIA-ORGENES-1024x683.jpg",800,534,true],"1536x1536":["https:\/\/www.uartes.edu.ec\/sitio\/interactos\/wp-content\/uploads\/sites\/8\/2016\/11\/ILIA-ORGENES.jpg",1500,1000,false],"2048x2048":["https:\/\/www.uartes.edu.ec\/sitio\/interactos\/wp-content\/uploads\/sites\/8\/2016\/11\/ILIA-ORGENES.jpg",1500,1000,false]},"uagb_author_info":{"display_name":"Universidad de las Artes","author_link":"https:\/\/www.uartes.edu.ec\/sitio\/interactos\/author\/dircomadm\/"},"uagb_comment_info":0,"uagb_excerpt":"El d\u00eda de ma\u00f1ana martes 15 de noviembre se realizar\u00e1 la inauguraci\u00f3n de&nbsp;ILIA&nbsp;&#8211;&nbsp;Instituto Latinoamericano de Investigaci\u00f3n en Artes,&nbsp;un \u00e1mbito de producci\u00f3n de conocimiento, as\u00ed como de pr\u00e1cticas art\u00edsticas, vinculados a la investigaci\u00f3n en artes, a trav\u00e9s de las artes, sobre arte y para las artes. Su creaci\u00f3n tiene por objetivo la puesta en debate de&hellip;","distributor_meta":false,"distributor_terms":false,"distributor_media":false,"distributor_original_site_name":"inter [\u2022] actos","distributor_original_site_url":"https:\/\/www.uartes.edu.ec\/sitio\/interactos","push-errors":false,"_links":{"self":[{"href":"https:\/\/www.uartes.edu.ec\/sitio\/interactos\/wp-json\/wp\/v2\/posts\/911","targetHints":{"allow":["GET"]}}],"collection":[{"href":"https:\/\/www.uartes.edu.ec\/sitio\/interactos\/wp-json\/wp\/v2\/posts"}],"about":[{"href":"https:\/\/www.uartes.edu.ec\/sitio\/interactos\/wp-json\/wp\/v2\/types\/post"}],"author":[{"embeddable":true,"href":"https:\/\/www.uartes.edu.ec\/sitio\/interactos\/wp-json\/wp\/v2\/users\/1"}],"replies":[{"embeddable":true,"href":"https:\/\/www.uartes.edu.ec\/sitio\/interactos\/wp-json\/wp\/v2\/comments?post=911"}],"version-history":[{"count":2,"href":"https:\/\/www.uartes.edu.ec\/sitio\/interactos\/wp-json\/wp\/v2\/posts\/911\/revisions"}],"predecessor-version":[{"id":932,"href":"https:\/\/www.uartes.edu.ec\/sitio\/interactos\/wp-json\/wp\/v2\/posts\/911\/revisions\/932"}],"wp:featuredmedia":[{"embeddable":true,"href":"https:\/\/www.uartes.edu.ec\/sitio\/interactos\/wp-json\/wp\/v2\/media\/931"}],"wp:attachment":[{"href":"https:\/\/www.uartes.edu.ec\/sitio\/interactos\/wp-json\/wp\/v2\/media?parent=911"}],"wp:term":[{"taxonomy":"category","embeddable":true,"href":"https:\/\/www.uartes.edu.ec\/sitio\/interactos\/wp-json\/wp\/v2\/categories?post=911"},{"taxonomy":"post_tag","embeddable":true,"href":"https:\/\/www.uartes.edu.ec\/sitio\/interactos\/wp-json\/wp\/v2\/tags?post=911"}],"curies":[{"name":"wp","href":"https:\/\/api.w.org\/{rel}","templated":true}]}}