{"id":913,"date":"2016-10-18T17:00:59","date_gmt":"2016-10-18T17:00:59","guid":{"rendered":"http:\/\/www.uartes.edu.ec\/sitio\/interactos\/?p=913"},"modified":"2019-06-28T20:23:49","modified_gmt":"2019-06-28T20:23:49","slug":"interactos-un-encuentro-para-dialogar-con-los-publicos-sobre-las-artes-y-su-importancia-en-la-vida-cotidiana","status":"publish","type":"post","link":"https:\/\/www.uartes.edu.ec\/sitio\/interactos\/noticias\/interactos-un-encuentro-para-dialogar-con-los-publicos-sobre-las-artes-y-su-importancia-en-la-vida-cotidiana\/","title":{"rendered":"Interactos, un encuentro para dialogar con los p\u00fablicos sobre las artes y su importancia en la vida cotidiana"},"content":{"rendered":"<p>La<span>&nbsp;<\/span><strong>Universidad de las Artes del Ecuador<\/strong><span>&nbsp;<\/span>(UArtes) es la primera universidad p\u00fablica de car\u00e1cter nacional creada el 17 de diciembre de 2013 con la intenci\u00f3n de impulsar la formaci\u00f3n de artistas en Ecuador y Am\u00e9rica Latina. Est\u00e1 formada por las escuelas de Cine, Literatura, Artes Sonoras, Artes Visuales y Artes Esc\u00e9nicas. Esta universidad es un espacio interdisciplinario en el campo de la formaci\u00f3n, investigaci\u00f3n, producci\u00f3n y difusi\u00f3n de las artes.<\/p>\n<p>En la Universidad de las Artes trabajamos por enriquecer los procesos creativos para aportar al desarrollo de la sociedad. Hist\u00f3ricamente, las artes no han sido consideradas como un componente transversal de incidencia en el espacio p\u00fablico ni en la vida en comunidad; por eso apostamos por la creaci\u00f3n art\u00edstica como proceso de construcci\u00f3n social de sentidos, narrativas e identidades; creemos en la educaci\u00f3n como proceso de cambio social; propiciamos pr\u00e1cticas interdisciplinares que favorezcan encuentros e intercambios de las artes en las econom\u00edas creativas.<\/p>\n<p>Es importante comprender y problematizar la presencia de la universidad en el espacio p\u00fablico considerando que el sistema cultural requiere ser transformado. En el campo de las artes encontramos maneras de activar sensibilidades y provocar giros en las relaciones de las personas con diversos actos de la vida cotidiana.<\/p>\n<p>Para pasar del acto individual al acto colectivo, la Universidad de las Artes presenta Interactos, Encuentros P\u00fablicos de Artes 2016, un espacio interdisciplinario de las artes para activar la exhibici\u00f3n, producci\u00f3n y muestra de proyectos art\u00edsticos, para generar di\u00e1logos e interacciones y compartir conocimientos, con el prop\u00f3sito de:<strong><\/strong><\/p>\n<div class=\"lists-check\">\n<ul>\n<li>Promover la participaci\u00f3n activa de los p\u00fablicos en los eventos y presentaciones.<\/li>\n<li>Ofrecer un espacio para compartir y visibilizar pr\u00e1cticas de artistas que son referentes nacionales e internacionales.<\/li>\n<li>Intercambiar experiencias y saberes en torno a la necesidad de pensar y desarrollar pr\u00e1cticas y procesos art\u00edsticos, en el marco de la interdisciplinariedad y en la generaci\u00f3n de expresiones art\u00edsticas a partir de m\u00faltiples lugares de enunciaci\u00f3n.<\/li>\n<li>Reconocer a la UArtes como un espacio que explora y propone experiencias acad\u00e9micas e interdisciplinarias en las artes.<\/li>\n<\/ul>\n<\/div>\n<p><strong>Programaci\u00f3n:<\/strong><\/p>\n<p>Los Encuentros P\u00fablicos de Artes 2016 comprenden m\u00e1s de 80 actos de artes interdisciplinarios entre conciertos, espect\u00e1culos multimedia, muestras de artes esc\u00e9nicas, cortometrajes, fotograf\u00eda, di\u00e1logos, charlas magistrales, talleres, presentaciones de libros y muchos m\u00e1s.<\/p>\n<p>M\u00e1s de 150 personas en escena entre art\u00edsticas, investigadores, colectivos y agrupaciones entre ellos: el grupo Los Pira\u00f1a, Orquesta Sinf\u00f3nica Juvenil del Departamento de Nari\u00f1o, la Compa\u00f1\u00eda Nacional de Danza, Humanum Company, Cerros Vivos-Grupo Tham\u00e9, La F\u00e1brica, Nelson Garc\u00eda, Samuel Larson Guerra, Camilo Luzuriaga, Cristina Rivera Garza, Fernando Vicario, entre otros.<\/p>\n<p>En el marco de Interactos se realizar\u00e1 la segunda edici\u00f3n del Encuentro de Editores y Feria de libros independientes, Libre Libro, con 25 editoriales, nacionales e internacionales, y el Mercado Cultural de las Artes con m\u00e1s de 30 expositores.<\/p>\n<p>Estos actos se llevar\u00e1n a cabo del 10 al 18 de noviembre en el Campus Sur de la Universidad de las Artes, Centro C\u00edvico Eloy Alfaro, Av. Quito y Bolivia; adem\u00e1s, en la Concha Ac\u00fastica del Parque Samanes y el Museo Antropol\u00f3gico y de Arte Contempor\u00e1neo (MAAC).<\/p>\n<p><strong>Rueda de prensa:<\/strong><\/p>\n<p>Para dar a conocer detalles de la programaci\u00f3n de Interactos, la Universidad de las Artes invita a los medios de comunicaci\u00f3n a una rueda de prensa este jueves 20 de octubre de 2016 a las 10h00 en la Sala de Lectura Ricardo Maruri, ubicada en el Campus Sur UArtes, Centro C\u00edvico Eloy Alfaro, Av. Venezuela entre Av. Quito y Guaranda<\/p>\n","protected":false},"excerpt":{"rendered":"<p>La&nbsp;Universidad de las Artes del Ecuador&nbsp;(UArtes) es la primera universidad p\u00fablica de car\u00e1cter nacional creada el 17 de diciembre de 2013 con la intenci\u00f3n de impulsar la formaci\u00f3n de artistas en Ecuador y Am\u00e9rica Latina. Est\u00e1 formada por las escuelas de Cine, Literatura, Artes Sonoras, Artes Visuales y Artes Esc\u00e9nicas. Esta universidad es un espacio [&hellip;]<\/p>\n","protected":false},"author":1,"featured_media":938,"comment_status":"closed","ping_status":"closed","sticky":false,"template":"","format":"standard","meta":{"_uag_custom_page_level_css":"","_monsterinsights_skip_tracking":false,"_monsterinsights_sitenote_active":false,"_monsterinsights_sitenote_note":"","_monsterinsights_sitenote_category":0,"cybocfi_hide_featured_image":"","footnotes":""},"categories":[6],"tags":[],"class_list":["post-913","post","type-post","status-publish","format-standard","has-post-thumbnail","hentry","category-noticias"],"uagb_featured_image_src":{"full":["https:\/\/www.uartes.edu.ec\/sitio\/interactos\/wp-content\/uploads\/sites\/8\/2016\/10\/Poe\u0301ticas-del-espacio2.jpg",1500,1000,false],"thumbnail":["https:\/\/www.uartes.edu.ec\/sitio\/interactos\/wp-content\/uploads\/sites\/8\/2016\/10\/Poe\u0301ticas-del-espacio2-150x150.jpg",150,150,true],"medium":["https:\/\/www.uartes.edu.ec\/sitio\/interactos\/wp-content\/uploads\/sites\/8\/2016\/10\/Poe\u0301ticas-del-espacio2-300x200.jpg",300,200,true],"medium_large":["https:\/\/www.uartes.edu.ec\/sitio\/interactos\/wp-content\/uploads\/sites\/8\/2016\/10\/Poe\u0301ticas-del-espacio2-768x512.jpg",768,512,true],"large":["https:\/\/www.uartes.edu.ec\/sitio\/interactos\/wp-content\/uploads\/sites\/8\/2016\/10\/Poe\u0301ticas-del-espacio2-1024x683.jpg",800,534,true],"1536x1536":["https:\/\/www.uartes.edu.ec\/sitio\/interactos\/wp-content\/uploads\/sites\/8\/2016\/10\/Poe\u0301ticas-del-espacio2.jpg",1500,1000,false],"2048x2048":["https:\/\/www.uartes.edu.ec\/sitio\/interactos\/wp-content\/uploads\/sites\/8\/2016\/10\/Poe\u0301ticas-del-espacio2.jpg",1500,1000,false]},"uagb_author_info":{"display_name":"Universidad de las Artes","author_link":"https:\/\/www.uartes.edu.ec\/sitio\/interactos\/author\/dircomadm\/"},"uagb_comment_info":0,"uagb_excerpt":"La&nbsp;Universidad de las Artes del Ecuador&nbsp;(UArtes) es la primera universidad p\u00fablica de car\u00e1cter nacional creada el 17 de diciembre de 2013 con la intenci\u00f3n de impulsar la formaci\u00f3n de artistas en Ecuador y Am\u00e9rica Latina. Est\u00e1 formada por las escuelas de Cine, Literatura, Artes Sonoras, Artes Visuales y Artes Esc\u00e9nicas. Esta universidad es un espacio&hellip;","distributor_meta":false,"distributor_terms":false,"distributor_media":false,"distributor_original_site_name":"inter [\u2022] actos","distributor_original_site_url":"https:\/\/www.uartes.edu.ec\/sitio\/interactos","push-errors":false,"_links":{"self":[{"href":"https:\/\/www.uartes.edu.ec\/sitio\/interactos\/wp-json\/wp\/v2\/posts\/913","targetHints":{"allow":["GET"]}}],"collection":[{"href":"https:\/\/www.uartes.edu.ec\/sitio\/interactos\/wp-json\/wp\/v2\/posts"}],"about":[{"href":"https:\/\/www.uartes.edu.ec\/sitio\/interactos\/wp-json\/wp\/v2\/types\/post"}],"author":[{"embeddable":true,"href":"https:\/\/www.uartes.edu.ec\/sitio\/interactos\/wp-json\/wp\/v2\/users\/1"}],"replies":[{"embeddable":true,"href":"https:\/\/www.uartes.edu.ec\/sitio\/interactos\/wp-json\/wp\/v2\/comments?post=913"}],"version-history":[{"count":2,"href":"https:\/\/www.uartes.edu.ec\/sitio\/interactos\/wp-json\/wp\/v2\/posts\/913\/revisions"}],"predecessor-version":[{"id":937,"href":"https:\/\/www.uartes.edu.ec\/sitio\/interactos\/wp-json\/wp\/v2\/posts\/913\/revisions\/937"}],"wp:featuredmedia":[{"embeddable":true,"href":"https:\/\/www.uartes.edu.ec\/sitio\/interactos\/wp-json\/wp\/v2\/media\/938"}],"wp:attachment":[{"href":"https:\/\/www.uartes.edu.ec\/sitio\/interactos\/wp-json\/wp\/v2\/media?parent=913"}],"wp:term":[{"taxonomy":"category","embeddable":true,"href":"https:\/\/www.uartes.edu.ec\/sitio\/interactos\/wp-json\/wp\/v2\/categories?post=913"},{"taxonomy":"post_tag","embeddable":true,"href":"https:\/\/www.uartes.edu.ec\/sitio\/interactos\/wp-json\/wp\/v2\/tags?post=913"}],"curies":[{"name":"wp","href":"https:\/\/api.w.org\/{rel}","templated":true}]}}