{"id":915,"date":"2016-11-17T17:00:30","date_gmt":"2016-11-17T17:00:30","guid":{"rendered":"http:\/\/www.uartes.edu.ec\/sitio\/interactos\/?p=915"},"modified":"2019-06-28T20:00:24","modified_gmt":"2019-06-28T20:00:24","slug":"los-chigualeros-clausuran-los-encuentros-publicos-de-artes-2016","status":"publish","type":"post","link":"https:\/\/www.uartes.edu.ec\/sitio\/interactos\/noticias\/los-chigualeros-clausuran-los-encuentros-publicos-de-artes-2016\/","title":{"rendered":"Los Chigualeros clausuran los Encuentros P\u00fablicos de Artes 2016"},"content":{"rendered":"<p>Este viernes 18, en el dia de cierre de&nbsp;<strong>I<\/strong>nteractos &#8211; Encuentros P\u00fablicos de Artes,<span>&nbsp;<\/span><strong>LOS CHIGUALEROS<\/strong>, la internacionalmente exitosa&nbsp;y&nbsp;talentosa banda esmeralde\u00f1a de salsa y m\u00fasica afro compuesta por m\u00fasicos afroecuatorianos, nos deleitar\u00e1 con m\u00fasica salsa, montuno y currulao. El conjunto es dirigido por&nbsp;\u2018Segundillo\u2019.&nbsp;No se lo pierda, a las 20h00 en la explanada del Centro C\u00edvico Eloy Alfaro.<\/p>\n<p>\u00daltimo d\u00eda del&nbsp;<strong>Mercado Cultural de las Artes,&nbsp;<\/strong>iniciativa de&nbsp;la&nbsp;UArtes&nbsp;parapromover una econom\u00eda centrada en la creatividad.&nbsp;Encontrar\u00e1n espacios de exhibici\u00f3n, producci\u00f3n y muestra de proyectos art\u00edsticos donde podr\u00e1 interactuar con m\u00e1s de 30 expositores.<\/p>\n<p>Tambi\u00e9n tendremos a lo largo del d\u00eda presentaciones de libros: &#8216;Tefaruru&#8217; de Jorge Izquierdo, &#8216;Ciudad pretexto&#8217; y &#8216;La obscuridad&#8217; de la Editorial Cactus Pink; charla sobre archivos fotogr\u00e1ficos (Ricardo Boh\u00f3rquez), charlas magistrales: sobre mercados culturales latinoamericanos (Ram\u00f3n L\u00f3pez Barranco) y &#8216;La producci\u00f3n Musical en el Ecuador&#8217; (Ivis Flies); Di\u00e1logo &#8216;La escritura de frontera&#8217; con&nbsp;<strong>Cristina Rivera Garza<\/strong>, conversatorio sobre &#8216;Arte Gastron\u00f3mico&#8217; y muestra de &#8216;Portafolio abierto&#8217; con Spaik y M\u00f3nica Mir\u00f3s.<\/p>\n<p><strong><a href=\"http:\/\/www.uartes.edu.ec\/interactos\/\" target=\"_blank\" rel=\"noopener noreferrer\">Interactos &#8211; Encuentros P\u00fablicos de Artes<\/a><\/strong>&nbsp;permite&nbsp;activar&nbsp;espacios de exhibici\u00f3n, producci\u00f3n y muestra de proyectos art\u00edsticos, generar&nbsp;di\u00e1logos e interacciones y compartir&nbsp;conocimientos.<\/p>\n<p><strong>\u00a1Entrada gratuita!<\/strong><\/p>\n<p>Consulta la programaci\u00f3n de<span>&nbsp;<\/span><strong>Interactos 2016<\/strong><span>&nbsp;<\/span><a href=\"http:\/\/us10.campaign-archive1.com\/?u=aa902dd19e637d521676f9e13&amp;id=d328e58403&amp;e=deb3882e66\" target=\"_blank\" rel=\"noopener noreferrer\">aqu\u00ed<\/a><\/p>\n","protected":false},"excerpt":{"rendered":"<p>Este viernes 18, en el dia de cierre de&nbsp;Interactos &#8211; Encuentros P\u00fablicos de Artes,&nbsp;LOS CHIGUALEROS, la internacionalmente exitosa&nbsp;y&nbsp;talentosa banda esmeralde\u00f1a de salsa y m\u00fasica afro compuesta por m\u00fasicos afroecuatorianos, nos deleitar\u00e1 con m\u00fasica salsa, montuno y currulao. El conjunto es dirigido por&nbsp;\u2018Segundillo\u2019.&nbsp;No se lo pierda, a las 20h00 en la explanada del Centro C\u00edvico Eloy [&hellip;]<\/p>\n","protected":false},"author":1,"featured_media":925,"comment_status":"closed","ping_status":"closed","sticky":false,"template":"","format":"standard","meta":{"_uag_custom_page_level_css":"","_monsterinsights_skip_tracking":false,"_monsterinsights_sitenote_active":false,"_monsterinsights_sitenote_note":"","_monsterinsights_sitenote_category":0,"cybocfi_hide_featured_image":"","footnotes":""},"categories":[6],"tags":[],"class_list":["post-915","post","type-post","status-publish","format-standard","has-post-thumbnail","hentry","category-noticias"],"uagb_featured_image_src":{"full":["https:\/\/www.uartes.edu.ec\/sitio\/interactos\/wp-content\/uploads\/sites\/8\/2016\/11\/IMG_7432.jpg",1500,1000,false],"thumbnail":["https:\/\/www.uartes.edu.ec\/sitio\/interactos\/wp-content\/uploads\/sites\/8\/2016\/11\/IMG_7432-150x150.jpg",150,150,true],"medium":["https:\/\/www.uartes.edu.ec\/sitio\/interactos\/wp-content\/uploads\/sites\/8\/2016\/11\/IMG_7432-300x200.jpg",300,200,true],"medium_large":["https:\/\/www.uartes.edu.ec\/sitio\/interactos\/wp-content\/uploads\/sites\/8\/2016\/11\/IMG_7432-768x512.jpg",768,512,true],"large":["https:\/\/www.uartes.edu.ec\/sitio\/interactos\/wp-content\/uploads\/sites\/8\/2016\/11\/IMG_7432-1024x683.jpg",800,534,true],"1536x1536":["https:\/\/www.uartes.edu.ec\/sitio\/interactos\/wp-content\/uploads\/sites\/8\/2016\/11\/IMG_7432.jpg",1500,1000,false],"2048x2048":["https:\/\/www.uartes.edu.ec\/sitio\/interactos\/wp-content\/uploads\/sites\/8\/2016\/11\/IMG_7432.jpg",1500,1000,false]},"uagb_author_info":{"display_name":"Universidad de las Artes","author_link":"https:\/\/www.uartes.edu.ec\/sitio\/interactos\/author\/dircomadm\/"},"uagb_comment_info":0,"uagb_excerpt":"Este viernes 18, en el dia de cierre de&nbsp;Interactos &#8211; Encuentros P\u00fablicos de Artes,&nbsp;LOS CHIGUALEROS, la internacionalmente exitosa&nbsp;y&nbsp;talentosa banda esmeralde\u00f1a de salsa y m\u00fasica afro compuesta por m\u00fasicos afroecuatorianos, nos deleitar\u00e1 con m\u00fasica salsa, montuno y currulao. El conjunto es dirigido por&nbsp;\u2018Segundillo\u2019.&nbsp;No se lo pierda, a las 20h00 en la explanada del Centro C\u00edvico Eloy&hellip;","distributor_meta":false,"distributor_terms":false,"distributor_media":false,"distributor_original_site_name":"inter [\u2022] actos","distributor_original_site_url":"https:\/\/www.uartes.edu.ec\/sitio\/interactos","push-errors":false,"_links":{"self":[{"href":"https:\/\/www.uartes.edu.ec\/sitio\/interactos\/wp-json\/wp\/v2\/posts\/915","targetHints":{"allow":["GET"]}}],"collection":[{"href":"https:\/\/www.uartes.edu.ec\/sitio\/interactos\/wp-json\/wp\/v2\/posts"}],"about":[{"href":"https:\/\/www.uartes.edu.ec\/sitio\/interactos\/wp-json\/wp\/v2\/types\/post"}],"author":[{"embeddable":true,"href":"https:\/\/www.uartes.edu.ec\/sitio\/interactos\/wp-json\/wp\/v2\/users\/1"}],"replies":[{"embeddable":true,"href":"https:\/\/www.uartes.edu.ec\/sitio\/interactos\/wp-json\/wp\/v2\/comments?post=915"}],"version-history":[{"count":2,"href":"https:\/\/www.uartes.edu.ec\/sitio\/interactos\/wp-json\/wp\/v2\/posts\/915\/revisions"}],"predecessor-version":[{"id":926,"href":"https:\/\/www.uartes.edu.ec\/sitio\/interactos\/wp-json\/wp\/v2\/posts\/915\/revisions\/926"}],"wp:featuredmedia":[{"embeddable":true,"href":"https:\/\/www.uartes.edu.ec\/sitio\/interactos\/wp-json\/wp\/v2\/media\/925"}],"wp:attachment":[{"href":"https:\/\/www.uartes.edu.ec\/sitio\/interactos\/wp-json\/wp\/v2\/media?parent=915"}],"wp:term":[{"taxonomy":"category","embeddable":true,"href":"https:\/\/www.uartes.edu.ec\/sitio\/interactos\/wp-json\/wp\/v2\/categories?post=915"},{"taxonomy":"post_tag","embeddable":true,"href":"https:\/\/www.uartes.edu.ec\/sitio\/interactos\/wp-json\/wp\/v2\/tags?post=915"}],"curies":[{"name":"wp","href":"https:\/\/api.w.org\/{rel}","templated":true}]}}