{"id":919,"date":"2016-11-16T17:00:16","date_gmt":"2016-11-16T17:00:16","guid":{"rendered":"http:\/\/www.uartes.edu.ec\/sitio\/interactos\/?p=919"},"modified":"2025-04-28T11:10:06","modified_gmt":"2025-04-28T16:10:06","slug":"interactos-explorando-nuevas-narrativas","status":"publish","type":"post","link":"https:\/\/www.uartes.edu.ec\/sitio\/interactos\/2016\/11\/16\/interactos-explorando-nuevas-narrativas\/","title":{"rendered":"Interactos, explorando nuevas narrativas"},"content":{"rendered":"<p>Contin\u00faa el&nbsp;<strong>Mercado Cultural de las Artes<\/strong>&nbsp;como iniciativa de&nbsp;la&nbsp;UArtes&nbsp;enpromover una econom\u00eda centrada en la creatividad.&nbsp;Encontrar\u00e1n espacios de exhibici\u00f3n, producci\u00f3n y muestra de proyectos art\u00edsticos donde podr\u00e1 interactuar con m\u00e1s de 30 expositores.<\/p>\n<p>El d\u00eda transcurre con charlas magistrales sobre cultura y artes (Susan Campos, Ricardo Forster, Consuelo Maldonado); Clase magistral sobre m\u00fasica popular ecuatoriana (Alex Alvear); narrativas con los Ts\u00e1chilas (Susana y Jos\u00e9 Aguavil); presentaci\u00f3n de libros de Editorial Rasgu\u00f1o (Andr\u00e9s Land\u00e1zuri) y Editorial Godot.<\/p>\n<p>Adem\u00e1s tendremos la presentaci\u00f3n de &#8216;Po\u00e9ticas del Espacio&#8217; (Santiago Carcel\u00e9n); la muestra sobre el archivo fotogr\u00e1fico (Ricardo Boh\u00f3rquez), un di\u00e1logo sobre el arte gastron\u00f3mico (Inst. Sup. de Arte Culinario) y un concierto para ni\u00f1os &#8216;El animal m\u00e1s bonito&#8217; (dirige Eduardo Manzanilla) &nbsp;y una exposici\u00f3n de trabajos (creaci\u00f3n de ni\u00f1os y ni\u00f1as).<\/p>\n<p><strong><a href=\"http:\/\/www.uartes.edu.ec\/interactos\/\" target=\"_blank\" rel=\"noopener noreferrer\">Interactos &#8211; Encuentros P\u00fablicos de Artes<\/a><\/strong>&nbsp;permite&nbsp;activar&nbsp;espacios de exhibici\u00f3n, producci\u00f3n y muestra de proyectos art\u00edsticos, generar&nbsp;di\u00e1logos e interacciones y compartir&nbsp;conocimientos.<\/p>\n<p>Las actividades se realizar\u00e1n en el MAAC Cine y en el Centro C\u00edvico Eloy Alfaro.<\/p>\n<p><strong>\u00a1Entrada gratuita!<\/strong><\/p>\n<p>Consulta la programaci\u00f3n de<span>&nbsp;<\/span><strong>Interactos 2016<\/strong><span>&nbsp;<\/span><a href=\"http:\/\/us10.campaign-archive2.com\/?u=aa902dd19e637d521676f9e13&amp;id=c3fc7d2ee0&amp;e=d697a38af9\" target=\"_blank\" rel=\"noopener noreferrer\">aqu\u00ed<\/a><\/p>\n","protected":false},"excerpt":{"rendered":"<p>Contin\u00faa el&nbsp;Mercado Cultural de las Artes&nbsp;como iniciativa de&nbsp;la&nbsp;UArtes&nbsp;enpromover una econom\u00eda centrada en la creatividad.&nbsp;Encontrar\u00e1n espacios de exhibici\u00f3n, producci\u00f3n y muestra de proyectos art\u00edsticos donde podr\u00e1 interactuar con m\u00e1s de 30 expositores. El d\u00eda transcurre con charlas magistrales sobre cultura y artes (Susan Campos, Ricardo Forster, Consuelo Maldonado); Clase magistral sobre m\u00fasica popular ecuatoriana (Alex Alvear); [&hellip;]<\/p>\n","protected":false},"author":1,"featured_media":929,"comment_status":"closed","ping_status":"closed","sticky":false,"template":"","format":"standard","meta":{"_uag_custom_page_level_css":"","_monsterinsights_skip_tracking":false,"_monsterinsights_sitenote_active":false,"_monsterinsights_sitenote_note":"","_monsterinsights_sitenote_category":0,"cybocfi_hide_featured_image":"","footnotes":""},"categories":[6],"tags":[],"class_list":["post-919","post","type-post","status-publish","format-standard","has-post-thumbnail","hentry","category-noticias"],"uagb_featured_image_src":{"full":["https:\/\/www.uartes.edu.ec\/sitio\/interactos\/wp-content\/uploads\/sites\/8\/2016\/11\/2.jpg",1500,1000,false],"thumbnail":["https:\/\/www.uartes.edu.ec\/sitio\/interactos\/wp-content\/uploads\/sites\/8\/2016\/11\/2-150x150.jpg",150,150,true],"medium":["https:\/\/www.uartes.edu.ec\/sitio\/interactos\/wp-content\/uploads\/sites\/8\/2016\/11\/2-300x200.jpg",300,200,true],"medium_large":["https:\/\/www.uartes.edu.ec\/sitio\/interactos\/wp-content\/uploads\/sites\/8\/2016\/11\/2-768x512.jpg",768,512,true],"large":["https:\/\/www.uartes.edu.ec\/sitio\/interactos\/wp-content\/uploads\/sites\/8\/2016\/11\/2-1024x683.jpg",800,534,true],"1536x1536":["https:\/\/www.uartes.edu.ec\/sitio\/interactos\/wp-content\/uploads\/sites\/8\/2016\/11\/2.jpg",1500,1000,false],"2048x2048":["https:\/\/www.uartes.edu.ec\/sitio\/interactos\/wp-content\/uploads\/sites\/8\/2016\/11\/2.jpg",1500,1000,false]},"uagb_author_info":{"display_name":"Universidad de las Artes","author_link":"https:\/\/www.uartes.edu.ec\/sitio\/interactos\/author\/dircomadm\/"},"uagb_comment_info":0,"uagb_excerpt":"Contin\u00faa el&nbsp;Mercado Cultural de las Artes&nbsp;como iniciativa de&nbsp;la&nbsp;UArtes&nbsp;enpromover una econom\u00eda centrada en la creatividad.&nbsp;Encontrar\u00e1n espacios de exhibici\u00f3n, producci\u00f3n y muestra de proyectos art\u00edsticos donde podr\u00e1 interactuar con m\u00e1s de 30 expositores. El d\u00eda transcurre con charlas magistrales sobre cultura y artes (Susan Campos, Ricardo Forster, Consuelo Maldonado); Clase magistral sobre m\u00fasica popular ecuatoriana (Alex Alvear);&hellip;","distributor_meta":false,"distributor_terms":false,"distributor_media":false,"distributor_original_site_name":"inter [\u2022] actos","distributor_original_site_url":"https:\/\/www.uartes.edu.ec\/sitio\/interactos","push-errors":false,"_links":{"self":[{"href":"https:\/\/www.uartes.edu.ec\/sitio\/interactos\/wp-json\/wp\/v2\/posts\/919","targetHints":{"allow":["GET"]}}],"collection":[{"href":"https:\/\/www.uartes.edu.ec\/sitio\/interactos\/wp-json\/wp\/v2\/posts"}],"about":[{"href":"https:\/\/www.uartes.edu.ec\/sitio\/interactos\/wp-json\/wp\/v2\/types\/post"}],"author":[{"embeddable":true,"href":"https:\/\/www.uartes.edu.ec\/sitio\/interactos\/wp-json\/wp\/v2\/users\/1"}],"replies":[{"embeddable":true,"href":"https:\/\/www.uartes.edu.ec\/sitio\/interactos\/wp-json\/wp\/v2\/comments?post=919"}],"version-history":[{"count":2,"href":"https:\/\/www.uartes.edu.ec\/sitio\/interactos\/wp-json\/wp\/v2\/posts\/919\/revisions"}],"predecessor-version":[{"id":930,"href":"https:\/\/www.uartes.edu.ec\/sitio\/interactos\/wp-json\/wp\/v2\/posts\/919\/revisions\/930"}],"wp:featuredmedia":[{"embeddable":true,"href":"https:\/\/www.uartes.edu.ec\/sitio\/interactos\/wp-json\/wp\/v2\/media\/929"}],"wp:attachment":[{"href":"https:\/\/www.uartes.edu.ec\/sitio\/interactos\/wp-json\/wp\/v2\/media?parent=919"}],"wp:term":[{"taxonomy":"category","embeddable":true,"href":"https:\/\/www.uartes.edu.ec\/sitio\/interactos\/wp-json\/wp\/v2\/categories?post=919"},{"taxonomy":"post_tag","embeddable":true,"href":"https:\/\/www.uartes.edu.ec\/sitio\/interactos\/wp-json\/wp\/v2\/tags?post=919"}],"curies":[{"name":"wp","href":"https:\/\/api.w.org\/{rel}","templated":true}]}}