{"id":921,"date":"2016-11-09T17:00:04","date_gmt":"2016-11-09T17:00:04","guid":{"rendered":"http:\/\/www.uartes.edu.ec\/sitio\/interactos\/?p=921"},"modified":"2019-06-28T20:20:59","modified_gmt":"2019-06-28T20:20:59","slug":"compania-nacional-de-danza-del-ecuador-inaugura-interactos-en-guayaquil","status":"publish","type":"post","link":"https:\/\/www.uartes.edu.ec\/sitio\/interactos\/noticias\/compania-nacional-de-danza-del-ecuador-inaugura-interactos-en-guayaquil\/","title":{"rendered":"Compa\u00f1\u00eda Nacional de Danza del Ecuador inaugura Interactos en Guayaquil"},"content":{"rendered":"<p>Con&nbsp;<strong>Indiviso<\/strong>, propuesta interdisciplinaria de Lorena Delgado y Jos\u00e9 Toral que&nbsp;conjuga la danza y la sonoridad, la&nbsp;<strong>Compa\u00f1ia Nacional de Danza del Ecuador<\/strong>&nbsp;inaugura la primera edici\u00f3n de los&nbsp;<strong>Encuentros P\u00fablicos de Artes, Interactos<\/strong>, que se realizan en el Centro Cultural Eloy Alfaro, al sur de Guayaquil, del 10 al 18 de noviembre.<\/p>\n<p>Este primer d\u00eda de actividades incluye la muestra fotogr\u00e1fica del proyecto&nbsp;<strong>Preludio<\/strong>&nbsp;del fot\u00f3grafo Armando Salazar y una&nbsp;<strong>introducci\u00f3n a la literatura como estrategia de animaci\u00f3n a los lectores infantiles<\/strong>&nbsp;por Ver\u00f3nica Coello.<\/p>\n<p><strong>Interactos \u2013 Encuentros P\u00fablicos de Artes<\/strong>&nbsp;permite&nbsp;reflexionar sobre el papel del arte en la sociedad. Hist\u00f3ricamente, las artes no han sido consideradas un componente transversal de incidencia en el espacio p\u00fablico ni en la vida en comunidad; por eso apostamos por la creaci\u00f3n art\u00edstica como proceso de construcci\u00f3n social de sentidos, narrativas e identidades.<\/p>\n<p><strong>\u00a1Entrada gratuita!<\/strong><\/p>\n","protected":false},"excerpt":{"rendered":"<p>Con&nbsp;Indiviso, propuesta interdisciplinaria de Lorena Delgado y Jos\u00e9 Toral que&nbsp;conjuga la danza y la sonoridad, la&nbsp;Compa\u00f1ia Nacional de Danza del Ecuador&nbsp;inaugura la primera edici\u00f3n de los&nbsp;Encuentros P\u00fablicos de Artes, Interactos, que se realizan en el Centro Cultural Eloy Alfaro, al sur de Guayaquil, del 10 al 18 de noviembre. Este primer d\u00eda de actividades incluye [&hellip;]<\/p>\n","protected":false},"author":1,"featured_media":934,"comment_status":"closed","ping_status":"closed","sticky":false,"template":"","format":"standard","meta":{"_uag_custom_page_level_css":"","_monsterinsights_skip_tracking":false,"_monsterinsights_sitenote_active":false,"_monsterinsights_sitenote_note":"","_monsterinsights_sitenote_category":0,"cybocfi_hide_featured_image":"","footnotes":""},"categories":[6],"tags":[],"class_list":["post-921","post","type-post","status-publish","format-standard","has-post-thumbnail","hentry","category-noticias"],"uagb_featured_image_src":{"full":["https:\/\/www.uartes.edu.ec\/sitio\/interactos\/wp-content\/uploads\/sites\/8\/2016\/11\/Indiviso-2.jpg",1500,1000,false],"thumbnail":["https:\/\/www.uartes.edu.ec\/sitio\/interactos\/wp-content\/uploads\/sites\/8\/2016\/11\/Indiviso-2-150x150.jpg",150,150,true],"medium":["https:\/\/www.uartes.edu.ec\/sitio\/interactos\/wp-content\/uploads\/sites\/8\/2016\/11\/Indiviso-2-300x200.jpg",300,200,true],"medium_large":["https:\/\/www.uartes.edu.ec\/sitio\/interactos\/wp-content\/uploads\/sites\/8\/2016\/11\/Indiviso-2-768x512.jpg",768,512,true],"large":["https:\/\/www.uartes.edu.ec\/sitio\/interactos\/wp-content\/uploads\/sites\/8\/2016\/11\/Indiviso-2-1024x683.jpg",800,534,true],"1536x1536":["https:\/\/www.uartes.edu.ec\/sitio\/interactos\/wp-content\/uploads\/sites\/8\/2016\/11\/Indiviso-2.jpg",1500,1000,false],"2048x2048":["https:\/\/www.uartes.edu.ec\/sitio\/interactos\/wp-content\/uploads\/sites\/8\/2016\/11\/Indiviso-2.jpg",1500,1000,false]},"uagb_author_info":{"display_name":"Universidad de las Artes","author_link":"https:\/\/www.uartes.edu.ec\/sitio\/interactos\/author\/dircomadm\/"},"uagb_comment_info":0,"uagb_excerpt":"Con&nbsp;Indiviso, propuesta interdisciplinaria de Lorena Delgado y Jos\u00e9 Toral que&nbsp;conjuga la danza y la sonoridad, la&nbsp;Compa\u00f1ia Nacional de Danza del Ecuador&nbsp;inaugura la primera edici\u00f3n de los&nbsp;Encuentros P\u00fablicos de Artes, Interactos, que se realizan en el Centro Cultural Eloy Alfaro, al sur de Guayaquil, del 10 al 18 de noviembre. Este primer d\u00eda de actividades incluye&hellip;","distributor_meta":false,"distributor_terms":false,"distributor_media":false,"distributor_original_site_name":"inter [\u2022] actos","distributor_original_site_url":"https:\/\/www.uartes.edu.ec\/sitio\/interactos","push-errors":false,"_links":{"self":[{"href":"https:\/\/www.uartes.edu.ec\/sitio\/interactos\/wp-json\/wp\/v2\/posts\/921","targetHints":{"allow":["GET"]}}],"collection":[{"href":"https:\/\/www.uartes.edu.ec\/sitio\/interactos\/wp-json\/wp\/v2\/posts"}],"about":[{"href":"https:\/\/www.uartes.edu.ec\/sitio\/interactos\/wp-json\/wp\/v2\/types\/post"}],"author":[{"embeddable":true,"href":"https:\/\/www.uartes.edu.ec\/sitio\/interactos\/wp-json\/wp\/v2\/users\/1"}],"replies":[{"embeddable":true,"href":"https:\/\/www.uartes.edu.ec\/sitio\/interactos\/wp-json\/wp\/v2\/comments?post=921"}],"version-history":[{"count":3,"href":"https:\/\/www.uartes.edu.ec\/sitio\/interactos\/wp-json\/wp\/v2\/posts\/921\/revisions"}],"predecessor-version":[{"id":936,"href":"https:\/\/www.uartes.edu.ec\/sitio\/interactos\/wp-json\/wp\/v2\/posts\/921\/revisions\/936"}],"wp:featuredmedia":[{"embeddable":true,"href":"https:\/\/www.uartes.edu.ec\/sitio\/interactos\/wp-json\/wp\/v2\/media\/934"}],"wp:attachment":[{"href":"https:\/\/www.uartes.edu.ec\/sitio\/interactos\/wp-json\/wp\/v2\/media?parent=921"}],"wp:term":[{"taxonomy":"category","embeddable":true,"href":"https:\/\/www.uartes.edu.ec\/sitio\/interactos\/wp-json\/wp\/v2\/categories?post=921"},{"taxonomy":"post_tag","embeddable":true,"href":"https:\/\/www.uartes.edu.ec\/sitio\/interactos\/wp-json\/wp\/v2\/tags?post=921"}],"curies":[{"name":"wp","href":"https:\/\/api.w.org\/{rel}","templated":true}]}}