{"id":954,"date":"2019-07-01T13:28:07","date_gmt":"2019-07-01T18:28:07","guid":{"rendered":"http:\/\/www.uartes.edu.ec\/sitio\/interactos\/?p=954"},"modified":"2019-07-01T13:35:08","modified_gmt":"2019-07-01T18:35:08","slug":"se-abren-las-convocatorias-para-emersiones-y-trayectos-de-interactos-2019","status":"publish","type":"post","link":"https:\/\/www.uartes.edu.ec\/sitio\/interactos\/noticias\/se-abren-las-convocatorias-para-emersiones-y-trayectos-de-interactos-2019\/","title":{"rendered":"Se abren las convocatorias para Emersiones y Trayectos de Interactos 2019"},"content":{"rendered":"\n<p>Interactos, Encuentros P\u00fablicos de Artes, es una iniciativa de la Universidad de las Artes para dialogar con los p\u00fablicos sobre las artes y su importancia en la vida cotidiana y propiciar el intercambio de experiencias en el \u00e1mbito acad\u00e9mico y cultural.<\/p>\n\n\n\n<p>Para pasar del acto individual al acto colectivo, los Encuentros P\u00fablicos de Artes son concebidos como un espacio interdisciplinario de las artes para activar la exhibici\u00f3n, producci\u00f3n y muestra de proyectos art\u00edsticos, para compartir experiencias y conocimientos con el objetivo de afianzar la importancia de las artes en el espacio p\u00fablico y su relaci\u00f3n con la construcci\u00f3n social de sentidos.<\/p>\n\n\n\n<p>Descarga las bases de <a href=\"http:\/\/bit.ly\/emersiones2019\">Emersiones<\/a> y <a href=\"http:\/\/bit.ly\/trayectos2019\">Trayectos<\/a>. Tienes plazo hasta el 31 de julio para presentar tu propuesta.<\/p>\n","protected":false},"excerpt":{"rendered":"<p>Interactos, Encuentros P\u00fablicos de Artes, es una iniciativa de la Universidad de las Artes para dialogar con los p\u00fablicos sobre las artes y su importancia en la vida cotidiana y propiciar el intercambio de experiencias en el \u00e1mbito acad\u00e9mico y cultural. Para pasar del acto individual al acto colectivo, los Encuentros P\u00fablicos de Artes son [&hellip;]<\/p>\n","protected":false},"author":1,"featured_media":45,"comment_status":"closed","ping_status":"closed","sticky":false,"template":"","format":"standard","meta":{"_uag_custom_page_level_css":"","_monsterinsights_skip_tracking":false,"_monsterinsights_sitenote_active":false,"_monsterinsights_sitenote_note":"","_monsterinsights_sitenote_category":0,"cybocfi_hide_featured_image":"","footnotes":""},"categories":[6],"tags":[16],"class_list":["post-954","post","type-post","status-publish","format-standard","has-post-thumbnail","hentry","category-noticias","tag-interactos-2019"],"uagb_featured_image_src":{"full":["https:\/\/www.uartes.edu.ec\/sitio\/interactos\/wp-content\/uploads\/sites\/8\/2018\/10\/INTERActos2018-e1562005585767-scaled.jpg",2560,1704,false],"thumbnail":["https:\/\/www.uartes.edu.ec\/sitio\/interactos\/wp-content\/uploads\/sites\/8\/2018\/10\/INTERActos2018-e1562005585767-150x150.jpg",150,150,true],"medium":["https:\/\/www.uartes.edu.ec\/sitio\/interactos\/wp-content\/uploads\/sites\/8\/2018\/10\/INTERActos2018-e1562005585767-300x200.jpg",300,200,true],"medium_large":["https:\/\/www.uartes.edu.ec\/sitio\/interactos\/wp-content\/uploads\/sites\/8\/2018\/10\/INTERActos2018-e1562005585767-768x511.jpg",768,511,true],"large":["https:\/\/www.uartes.edu.ec\/sitio\/interactos\/wp-content\/uploads\/sites\/8\/2018\/10\/INTERActos2018-e1562005585767-1024x682.jpg",800,533,true],"1536x1536":["https:\/\/www.uartes.edu.ec\/sitio\/interactos\/wp-content\/uploads\/sites\/8\/2018\/10\/INTERActos2018-e1562005585767-scaled.jpg",1536,1022,false],"2048x2048":["https:\/\/www.uartes.edu.ec\/sitio\/interactos\/wp-content\/uploads\/sites\/8\/2018\/10\/INTERActos2018-e1562005585767-scaled.jpg",2048,1363,false]},"uagb_author_info":{"display_name":"Universidad de las Artes","author_link":"https:\/\/www.uartes.edu.ec\/sitio\/interactos\/author\/dircomadm\/"},"uagb_comment_info":0,"uagb_excerpt":"Interactos, Encuentros P\u00fablicos de Artes, es una iniciativa de la Universidad de las Artes para dialogar con los p\u00fablicos sobre las artes y su importancia en la vida cotidiana y propiciar el intercambio de experiencias en el \u00e1mbito acad\u00e9mico y cultural. Para pasar del acto individual al acto colectivo, los Encuentros P\u00fablicos de Artes son&hellip;","distributor_meta":false,"distributor_terms":false,"distributor_media":false,"distributor_original_site_name":"inter [\u2022] actos","distributor_original_site_url":"https:\/\/www.uartes.edu.ec\/sitio\/interactos","push-errors":false,"_links":{"self":[{"href":"https:\/\/www.uartes.edu.ec\/sitio\/interactos\/wp-json\/wp\/v2\/posts\/954","targetHints":{"allow":["GET"]}}],"collection":[{"href":"https:\/\/www.uartes.edu.ec\/sitio\/interactos\/wp-json\/wp\/v2\/posts"}],"about":[{"href":"https:\/\/www.uartes.edu.ec\/sitio\/interactos\/wp-json\/wp\/v2\/types\/post"}],"author":[{"embeddable":true,"href":"https:\/\/www.uartes.edu.ec\/sitio\/interactos\/wp-json\/wp\/v2\/users\/1"}],"replies":[{"embeddable":true,"href":"https:\/\/www.uartes.edu.ec\/sitio\/interactos\/wp-json\/wp\/v2\/comments?post=954"}],"version-history":[{"count":3,"href":"https:\/\/www.uartes.edu.ec\/sitio\/interactos\/wp-json\/wp\/v2\/posts\/954\/revisions"}],"predecessor-version":[{"id":959,"href":"https:\/\/www.uartes.edu.ec\/sitio\/interactos\/wp-json\/wp\/v2\/posts\/954\/revisions\/959"}],"wp:featuredmedia":[{"embeddable":true,"href":"https:\/\/www.uartes.edu.ec\/sitio\/interactos\/wp-json\/wp\/v2\/media\/45"}],"wp:attachment":[{"href":"https:\/\/www.uartes.edu.ec\/sitio\/interactos\/wp-json\/wp\/v2\/media?parent=954"}],"wp:term":[{"taxonomy":"category","embeddable":true,"href":"https:\/\/www.uartes.edu.ec\/sitio\/interactos\/wp-json\/wp\/v2\/categories?post=954"},{"taxonomy":"post_tag","embeddable":true,"href":"https:\/\/www.uartes.edu.ec\/sitio\/interactos\/wp-json\/wp\/v2\/tags?post=954"}],"curies":[{"name":"wp","href":"https:\/\/api.w.org\/{rel}","templated":true}]}}