{"id":3314,"date":"2025-09-25T15:53:45","date_gmt":"2025-09-25T20:53:45","guid":{"rendered":"https:\/\/www.uartes.edu.ec\/sitio\/librelibro\/?p=3314"},"modified":"2025-09-25T15:55:50","modified_gmt":"2025-09-25T20:55:50","slug":"pedro-bonfim","status":"publish","type":"post","link":"http:\/\/www.uartes.edu.ec\/sitio\/librelibro\/2025\/09\/25\/pedro-bonfim\/","title":{"rendered":"Pedro Bonfim"},"content":{"rendered":"\n<p>Pedro Bonfim es un artista ecuatoriano-brasile\u00f1o nacido en Quito. Es Licenciado en Literatura por la Universidad de las Artes, pero ha ejercido desde la m\u00fasica por m\u00e1s de diez a\u00f1os. Ha publicado tres discos como solista y cinco con su banda Lolab\u00fam. Con una escritura polifac\u00e9tica sus letras han sido uno de los principales ganchos de sus proyectos musicales. En 2024 lanz\u00f3 Coraz\u00f3n de Guagua, una producci\u00f3n realizada en Colombia con excelente recepci\u00f3n de parte del p\u00fablico y la cr\u00edtica llegando a aparecer entre las mejores 25 canciones en espa\u00f1ol de 2024 seg\u00fan la revista Rolling Stone. En 2025 realiz\u00f3 una gira por Colombia, Chile, Argentina, Uruguay y Ecuador como parte de la promoci\u00f3n del \u00e1lbum.<\/p>\n\n\n\n<p><\/p>\n","protected":false},"excerpt":{"rendered":"<p>Pedro Bonfim es un artista ecuatoriano-brasile\u00f1o nacido en Quito. Es Licenciado en Literatura por la Universidad de las Artes, pero ha ejercido desde la m\u00fasica por m\u00e1s de diez a\u00f1os. Ha publicado tres discos como solista y cinco con su banda Lolab\u00fam. Con una escritura polifac\u00e9tica sus letras han sido uno de los principales ganchos [&hellip;]<\/p>\n","protected":false},"author":1,"featured_media":3326,"comment_status":"open","ping_status":"open","sticky":false,"template":"","format":"standard","meta":{"_uag_custom_page_level_css":"","_monsterinsights_skip_tracking":false,"_monsterinsights_sitenote_active":false,"_monsterinsights_sitenote_note":"","_monsterinsights_sitenote_category":0,"cybocfi_hide_featured_image":"","footnotes":""},"categories":[72],"tags":[86],"class_list":["post-3314","post","type-post","status-publish","format-standard","has-post-thumbnail","hentry","category-invitados","tag-25invautores"],"uagb_featured_image_src":{"full":["https:\/\/www.uartes.edu.ec\/sitio\/librelibro\/wp-content\/uploads\/sites\/6\/2025\/09\/pedro-bonfim.jpg",1000,1000,false],"thumbnail":["https:\/\/www.uartes.edu.ec\/sitio\/librelibro\/wp-content\/uploads\/sites\/6\/2025\/09\/pedro-bonfim-150x150.jpg",150,150,true],"medium":["https:\/\/www.uartes.edu.ec\/sitio\/librelibro\/wp-content\/uploads\/sites\/6\/2025\/09\/pedro-bonfim-300x300.jpg",300,300,true],"medium_large":["https:\/\/www.uartes.edu.ec\/sitio\/librelibro\/wp-content\/uploads\/sites\/6\/2025\/09\/pedro-bonfim-768x768.jpg",768,768,true],"large":["https:\/\/www.uartes.edu.ec\/sitio\/librelibro\/wp-content\/uploads\/sites\/6\/2025\/09\/pedro-bonfim-644x644.jpg",644,644,true],"1536x1536":["https:\/\/www.uartes.edu.ec\/sitio\/librelibro\/wp-content\/uploads\/sites\/6\/2025\/09\/pedro-bonfim.jpg",1000,1000,false],"2048x2048":["https:\/\/www.uartes.edu.ec\/sitio\/librelibro\/wp-content\/uploads\/sites\/6\/2025\/09\/pedro-bonfim.jpg",1000,1000,false],"gb-block-post-grid-landscape":["https:\/\/www.uartes.edu.ec\/sitio\/librelibro\/wp-content\/uploads\/sites\/6\/2025\/09\/pedro-bonfim-600x400.jpg",600,400,true],"gb-block-post-grid-square":["https:\/\/www.uartes.edu.ec\/sitio\/librelibro\/wp-content\/uploads\/sites\/6\/2025\/09\/pedro-bonfim-600x600.jpg",600,600,true]},"uagb_author_info":{"display_name":"Universidad de las Artes","author_link":"https:\/\/www.uartes.edu.ec\/sitio\/librelibro\/author\/dircomadm\/"},"uagb_comment_info":0,"uagb_excerpt":"Pedro Bonfim es un artista ecuatoriano-brasile\u00f1o nacido en Quito. Es Licenciado en Literatura por la Universidad de las Artes, pero ha ejercido desde la m\u00fasica por m\u00e1s de diez a\u00f1os. Ha publicado tres discos como solista y cinco con su banda Lolab\u00fam. Con una escritura polifac\u00e9tica sus letras han sido uno de los principales ganchos&hellip;","featured_image_src":"https:\/\/www.uartes.edu.ec\/sitio\/librelibro\/wp-content\/uploads\/sites\/6\/2025\/09\/pedro-bonfim-600x400.jpg","featured_image_src_square":"https:\/\/www.uartes.edu.ec\/sitio\/librelibro\/wp-content\/uploads\/sites\/6\/2025\/09\/pedro-bonfim-600x600.jpg","author_info":{"display_name":"Universidad de las Artes","author_link":"https:\/\/www.uartes.edu.ec\/sitio\/librelibro\/author\/dircomadm\/"},"distributor_meta":false,"distributor_terms":false,"distributor_media":false,"distributor_original_site_name":"LibreLibro 2025 - Las independientes","distributor_original_site_url":"https:\/\/www.uartes.edu.ec\/sitio\/librelibro","push-errors":false,"_links":{"self":[{"href":"https:\/\/www.uartes.edu.ec\/sitio\/librelibro\/wp-json\/wp\/v2\/posts\/3314","targetHints":{"allow":["GET"]}}],"collection":[{"href":"https:\/\/www.uartes.edu.ec\/sitio\/librelibro\/wp-json\/wp\/v2\/posts"}],"about":[{"href":"https:\/\/www.uartes.edu.ec\/sitio\/librelibro\/wp-json\/wp\/v2\/types\/post"}],"author":[{"embeddable":true,"href":"https:\/\/www.uartes.edu.ec\/sitio\/librelibro\/wp-json\/wp\/v2\/users\/1"}],"replies":[{"embeddable":true,"href":"https:\/\/www.uartes.edu.ec\/sitio\/librelibro\/wp-json\/wp\/v2\/comments?post=3314"}],"version-history":[{"count":1,"href":"https:\/\/www.uartes.edu.ec\/sitio\/librelibro\/wp-json\/wp\/v2\/posts\/3314\/revisions"}],"predecessor-version":[{"id":3327,"href":"https:\/\/www.uartes.edu.ec\/sitio\/librelibro\/wp-json\/wp\/v2\/posts\/3314\/revisions\/3327"}],"wp:featuredmedia":[{"embeddable":true,"href":"https:\/\/www.uartes.edu.ec\/sitio\/librelibro\/wp-json\/wp\/v2\/media\/3326"}],"wp:attachment":[{"href":"https:\/\/www.uartes.edu.ec\/sitio\/librelibro\/wp-json\/wp\/v2\/media?parent=3314"}],"wp:term":[{"taxonomy":"category","embeddable":true,"href":"https:\/\/www.uartes.edu.ec\/sitio\/librelibro\/wp-json\/wp\/v2\/categories?post=3314"},{"taxonomy":"post_tag","embeddable":true,"href":"https:\/\/www.uartes.edu.ec\/sitio\/librelibro\/wp-json\/wp\/v2\/tags?post=3314"}],"curies":[{"name":"wp","href":"https:\/\/api.w.org\/{rel}","templated":true}]}}