{"id":3331,"date":"2025-09-25T16:01:47","date_gmt":"2025-09-25T21:01:47","guid":{"rendered":"https:\/\/www.uartes.edu.ec\/sitio\/librelibro\/?p=3331"},"modified":"2025-09-25T16:01:47","modified_gmt":"2025-09-25T21:01:47","slug":"daniela-alcivar-bellolio","status":"publish","type":"post","link":"http:\/\/www.uartes.edu.ec\/sitio\/librelibro\/2025\/09\/25\/daniela-alcivar-bellolio\/","title":{"rendered":"Daniela Alc\u00edvar Bellolio"},"content":{"rendered":"\n<p>Escritora, cr\u00edtica literaria, investigadora acad\u00e9mica, docente universitaria y editora. Doctora en Literatura por la Facultad de Filosof\u00eda y Letras de la Universidad de Buenos Aires. Becaria doctoral del Consejo Nacional de Investigaciones Cient\u00edficas y T\u00e9cnicas (CONICET) y del Fondo Nacional de las Artes (FNA), en Argentina. Miembro del Comit\u00e9 Editorial de la revista Sycorax (www.proyectosycorax.com). Editora general en Editorial Turbina (Quito).<\/p>\n\n\n\n<p>Es autora de los libros de ensayos Pararrayos. Paisajes, lecturas, memorias y Ciencia de objeto \u00fanico. Ensayos sobre el silencio de las im\u00e1genes, del libro de relatos Para esta ma\u00f1ana di\u00e1fana, y de las novelas Siberia y Lo que fue el futuro.<\/p>\n\n\n\n<p>Ha publicado art\u00edculos acad\u00e9micos y ensayos en revistas de Estados Unidos, Colombia, Argentina, Chile, Ecuador, Alemania, Italia, Espa\u00f1a y Francia.<\/p>\n\n\n\n<p>Relatos suyos han sido antologados en Ecuador, Israel, Francia, Espa\u00f1a, Argentina y Uruguay.<\/p>\n\n\n\n<p>Vivi\u00f3 en Buenos Aires entre 2005 y 2017.<\/p>\n\n\n\n<p>Dirige el Centro Cultural Benjam\u00edn Carri\u00f3n en Quito desde 2019.<\/p>\n","protected":false},"excerpt":{"rendered":"<p>Escritora, cr\u00edtica literaria, investigadora acad\u00e9mica, docente universitaria y editora. Doctora en Literatura por la Facultad de Filosof\u00eda y Letras de la Universidad de Buenos Aires. Becaria doctoral del Consejo Nacional de Investigaciones Cient\u00edficas y T\u00e9cnicas (CONICET) y del Fondo Nacional de las Artes (FNA), en Argentina. Miembro del Comit\u00e9 Editorial de la revista Sycorax (www.proyectosycorax.com). [&hellip;]<\/p>\n","protected":false},"author":1,"featured_media":3318,"comment_status":"open","ping_status":"open","sticky":false,"template":"","format":"standard","meta":{"_uag_custom_page_level_css":"","_monsterinsights_skip_tracking":false,"_monsterinsights_sitenote_active":false,"_monsterinsights_sitenote_note":"","_monsterinsights_sitenote_category":0,"cybocfi_hide_featured_image":"","footnotes":""},"categories":[72],"tags":[86],"class_list":["post-3331","post","type-post","status-publish","format-standard","has-post-thumbnail","hentry","category-invitados","tag-25invautores"],"uagb_featured_image_src":{"full":["https:\/\/www.uartes.edu.ec\/sitio\/librelibro\/wp-content\/uploads\/sites\/6\/2025\/09\/daniela-alcivar.jpg",1000,1000,false],"thumbnail":["https:\/\/www.uartes.edu.ec\/sitio\/librelibro\/wp-content\/uploads\/sites\/6\/2025\/09\/daniela-alcivar-150x150.jpg",150,150,true],"medium":["https:\/\/www.uartes.edu.ec\/sitio\/librelibro\/wp-content\/uploads\/sites\/6\/2025\/09\/daniela-alcivar-300x300.jpg",300,300,true],"medium_large":["https:\/\/www.uartes.edu.ec\/sitio\/librelibro\/wp-content\/uploads\/sites\/6\/2025\/09\/daniela-alcivar-768x768.jpg",768,768,true],"large":["https:\/\/www.uartes.edu.ec\/sitio\/librelibro\/wp-content\/uploads\/sites\/6\/2025\/09\/daniela-alcivar-644x644.jpg",644,644,true],"1536x1536":["https:\/\/www.uartes.edu.ec\/sitio\/librelibro\/wp-content\/uploads\/sites\/6\/2025\/09\/daniela-alcivar.jpg",1000,1000,false],"2048x2048":["https:\/\/www.uartes.edu.ec\/sitio\/librelibro\/wp-content\/uploads\/sites\/6\/2025\/09\/daniela-alcivar.jpg",1000,1000,false],"gb-block-post-grid-landscape":["https:\/\/www.uartes.edu.ec\/sitio\/librelibro\/wp-content\/uploads\/sites\/6\/2025\/09\/daniela-alcivar-600x400.jpg",600,400,true],"gb-block-post-grid-square":["https:\/\/www.uartes.edu.ec\/sitio\/librelibro\/wp-content\/uploads\/sites\/6\/2025\/09\/daniela-alcivar-600x600.jpg",600,600,true]},"uagb_author_info":{"display_name":"Universidad de las Artes","author_link":"https:\/\/www.uartes.edu.ec\/sitio\/librelibro\/author\/dircomadm\/"},"uagb_comment_info":0,"uagb_excerpt":"Escritora, cr\u00edtica literaria, investigadora acad\u00e9mica, docente universitaria y editora. Doctora en Literatura por la Facultad de Filosof\u00eda y Letras de la Universidad de Buenos Aires. Becaria doctoral del Consejo Nacional de Investigaciones Cient\u00edficas y T\u00e9cnicas (CONICET) y del Fondo Nacional de las Artes (FNA), en Argentina. Miembro del Comit\u00e9 Editorial de la revista Sycorax (www.proyectosycorax.com).&hellip;","featured_image_src":"https:\/\/www.uartes.edu.ec\/sitio\/librelibro\/wp-content\/uploads\/sites\/6\/2025\/09\/daniela-alcivar-600x400.jpg","featured_image_src_square":"https:\/\/www.uartes.edu.ec\/sitio\/librelibro\/wp-content\/uploads\/sites\/6\/2025\/09\/daniela-alcivar-600x600.jpg","author_info":{"display_name":"Universidad de las Artes","author_link":"https:\/\/www.uartes.edu.ec\/sitio\/librelibro\/author\/dircomadm\/"},"distributor_meta":false,"distributor_terms":false,"distributor_media":false,"distributor_original_site_name":"LibreLibro 2025 - Las independientes","distributor_original_site_url":"https:\/\/www.uartes.edu.ec\/sitio\/librelibro","push-errors":false,"_links":{"self":[{"href":"https:\/\/www.uartes.edu.ec\/sitio\/librelibro\/wp-json\/wp\/v2\/posts\/3331","targetHints":{"allow":["GET"]}}],"collection":[{"href":"https:\/\/www.uartes.edu.ec\/sitio\/librelibro\/wp-json\/wp\/v2\/posts"}],"about":[{"href":"https:\/\/www.uartes.edu.ec\/sitio\/librelibro\/wp-json\/wp\/v2\/types\/post"}],"author":[{"embeddable":true,"href":"https:\/\/www.uartes.edu.ec\/sitio\/librelibro\/wp-json\/wp\/v2\/users\/1"}],"replies":[{"embeddable":true,"href":"https:\/\/www.uartes.edu.ec\/sitio\/librelibro\/wp-json\/wp\/v2\/comments?post=3331"}],"version-history":[{"count":1,"href":"https:\/\/www.uartes.edu.ec\/sitio\/librelibro\/wp-json\/wp\/v2\/posts\/3331\/revisions"}],"predecessor-version":[{"id":3332,"href":"https:\/\/www.uartes.edu.ec\/sitio\/librelibro\/wp-json\/wp\/v2\/posts\/3331\/revisions\/3332"}],"wp:featuredmedia":[{"embeddable":true,"href":"https:\/\/www.uartes.edu.ec\/sitio\/librelibro\/wp-json\/wp\/v2\/media\/3318"}],"wp:attachment":[{"href":"https:\/\/www.uartes.edu.ec\/sitio\/librelibro\/wp-json\/wp\/v2\/media?parent=3331"}],"wp:term":[{"taxonomy":"category","embeddable":true,"href":"https:\/\/www.uartes.edu.ec\/sitio\/librelibro\/wp-json\/wp\/v2\/categories?post=3331"},{"taxonomy":"post_tag","embeddable":true,"href":"https:\/\/www.uartes.edu.ec\/sitio\/librelibro\/wp-json\/wp\/v2\/tags?post=3331"}],"curies":[{"name":"wp","href":"https:\/\/api.w.org\/{rel}","templated":true}]}}