{"id":3335,"date":"2025-09-25T16:04:13","date_gmt":"2025-09-25T21:04:13","guid":{"rendered":"https:\/\/www.uartes.edu.ec\/sitio\/librelibro\/?p=3335"},"modified":"2025-09-25T16:04:14","modified_gmt":"2025-09-25T21:04:14","slug":"azael-alvarez","status":"publish","type":"post","link":"http:\/\/www.uartes.edu.ec\/sitio\/librelibro\/2025\/09\/25\/azael-alvarez\/","title":{"rendered":"Azael \u00c1lvarez"},"content":{"rendered":"\n<p>Guayaquil. 1993.<\/p>\n\n\n\n<p>Escritorx de poes\u00eda, performerx. Investigadorx del gesto y de las palabras.<\/p>\n\n\n\n<p>Ha participado como escritorx, tallerista y artista esc\u00e9nicx en encuentros de poes\u00eda nacionales e internacionales. Primer lugar y finalista en numerosos slams de poes\u00eda dentro de la ciudad. Seleccionadx de Guayaquil para la competencia nacional de slam.<\/p>\n\n\n\n<p>Textos suyos aparecen en libros de cart\u00f3n, revistas que nadie conoce y en tu p\u00e1gina de inicio.<\/p>\n\n\n\n<p>&#8220;Mi voz y mi cuerpx buscan ser un ara\u00f1azo contra el poder&#8221;.<\/p>\n","protected":false},"excerpt":{"rendered":"<p>Guayaquil. 1993. Escritorx de poes\u00eda, performerx. Investigadorx del gesto y de las palabras. Ha participado como escritorx, tallerista y artista esc\u00e9nicx en encuentros de poes\u00eda nacionales e internacionales. Primer lugar y finalista en numerosos slams de poes\u00eda dentro de la ciudad. Seleccionadx de Guayaquil para la competencia nacional de slam. Textos suyos aparecen en libros [&hellip;]<\/p>\n","protected":false},"author":1,"featured_media":3316,"comment_status":"open","ping_status":"open","sticky":false,"template":"","format":"standard","meta":{"_uag_custom_page_level_css":"","_monsterinsights_skip_tracking":false,"_monsterinsights_sitenote_active":false,"_monsterinsights_sitenote_note":"","_monsterinsights_sitenote_category":0,"cybocfi_hide_featured_image":"","footnotes":""},"categories":[72],"tags":[86],"class_list":["post-3335","post","type-post","status-publish","format-standard","has-post-thumbnail","hentry","category-invitados","tag-25invautores"],"uagb_featured_image_src":{"full":["https:\/\/www.uartes.edu.ec\/sitio\/librelibro\/wp-content\/uploads\/sites\/6\/2025\/09\/azael-alvarez.jpg",1000,1000,false],"thumbnail":["https:\/\/www.uartes.edu.ec\/sitio\/librelibro\/wp-content\/uploads\/sites\/6\/2025\/09\/azael-alvarez-150x150.jpg",150,150,true],"medium":["https:\/\/www.uartes.edu.ec\/sitio\/librelibro\/wp-content\/uploads\/sites\/6\/2025\/09\/azael-alvarez-300x300.jpg",300,300,true],"medium_large":["https:\/\/www.uartes.edu.ec\/sitio\/librelibro\/wp-content\/uploads\/sites\/6\/2025\/09\/azael-alvarez-768x768.jpg",768,768,true],"large":["https:\/\/www.uartes.edu.ec\/sitio\/librelibro\/wp-content\/uploads\/sites\/6\/2025\/09\/azael-alvarez-644x644.jpg",644,644,true],"1536x1536":["https:\/\/www.uartes.edu.ec\/sitio\/librelibro\/wp-content\/uploads\/sites\/6\/2025\/09\/azael-alvarez.jpg",1000,1000,false],"2048x2048":["https:\/\/www.uartes.edu.ec\/sitio\/librelibro\/wp-content\/uploads\/sites\/6\/2025\/09\/azael-alvarez.jpg",1000,1000,false],"gb-block-post-grid-landscape":["https:\/\/www.uartes.edu.ec\/sitio\/librelibro\/wp-content\/uploads\/sites\/6\/2025\/09\/azael-alvarez-600x400.jpg",600,400,true],"gb-block-post-grid-square":["https:\/\/www.uartes.edu.ec\/sitio\/librelibro\/wp-content\/uploads\/sites\/6\/2025\/09\/azael-alvarez-600x600.jpg",600,600,true]},"uagb_author_info":{"display_name":"Universidad de las Artes","author_link":"https:\/\/www.uartes.edu.ec\/sitio\/librelibro\/author\/dircomadm\/"},"uagb_comment_info":0,"uagb_excerpt":"Guayaquil. 1993. Escritorx de poes\u00eda, performerx. Investigadorx del gesto y de las palabras. Ha participado como escritorx, tallerista y artista esc\u00e9nicx en encuentros de poes\u00eda nacionales e internacionales. Primer lugar y finalista en numerosos slams de poes\u00eda dentro de la ciudad. Seleccionadx de Guayaquil para la competencia nacional de slam. Textos suyos aparecen en libros&hellip;","featured_image_src":"https:\/\/www.uartes.edu.ec\/sitio\/librelibro\/wp-content\/uploads\/sites\/6\/2025\/09\/azael-alvarez-600x400.jpg","featured_image_src_square":"https:\/\/www.uartes.edu.ec\/sitio\/librelibro\/wp-content\/uploads\/sites\/6\/2025\/09\/azael-alvarez-600x600.jpg","author_info":{"display_name":"Universidad de las Artes","author_link":"https:\/\/www.uartes.edu.ec\/sitio\/librelibro\/author\/dircomadm\/"},"distributor_meta":false,"distributor_terms":false,"distributor_media":false,"distributor_original_site_name":"LibreLibro 2025 - Las independientes","distributor_original_site_url":"https:\/\/www.uartes.edu.ec\/sitio\/librelibro","push-errors":false,"_links":{"self":[{"href":"https:\/\/www.uartes.edu.ec\/sitio\/librelibro\/wp-json\/wp\/v2\/posts\/3335","targetHints":{"allow":["GET"]}}],"collection":[{"href":"https:\/\/www.uartes.edu.ec\/sitio\/librelibro\/wp-json\/wp\/v2\/posts"}],"about":[{"href":"https:\/\/www.uartes.edu.ec\/sitio\/librelibro\/wp-json\/wp\/v2\/types\/post"}],"author":[{"embeddable":true,"href":"https:\/\/www.uartes.edu.ec\/sitio\/librelibro\/wp-json\/wp\/v2\/users\/1"}],"replies":[{"embeddable":true,"href":"https:\/\/www.uartes.edu.ec\/sitio\/librelibro\/wp-json\/wp\/v2\/comments?post=3335"}],"version-history":[{"count":1,"href":"https:\/\/www.uartes.edu.ec\/sitio\/librelibro\/wp-json\/wp\/v2\/posts\/3335\/revisions"}],"predecessor-version":[{"id":3336,"href":"https:\/\/www.uartes.edu.ec\/sitio\/librelibro\/wp-json\/wp\/v2\/posts\/3335\/revisions\/3336"}],"wp:featuredmedia":[{"embeddable":true,"href":"https:\/\/www.uartes.edu.ec\/sitio\/librelibro\/wp-json\/wp\/v2\/media\/3316"}],"wp:attachment":[{"href":"https:\/\/www.uartes.edu.ec\/sitio\/librelibro\/wp-json\/wp\/v2\/media?parent=3335"}],"wp:term":[{"taxonomy":"category","embeddable":true,"href":"https:\/\/www.uartes.edu.ec\/sitio\/librelibro\/wp-json\/wp\/v2\/categories?post=3335"},{"taxonomy":"post_tag","embeddable":true,"href":"https:\/\/www.uartes.edu.ec\/sitio\/librelibro\/wp-json\/wp\/v2\/tags?post=3335"}],"curies":[{"name":"wp","href":"https:\/\/api.w.org\/{rel}","templated":true}]}}