{"id":3337,"date":"2025-09-25T16:06:26","date_gmt":"2025-09-25T21:06:26","guid":{"rendered":"https:\/\/www.uartes.edu.ec\/sitio\/librelibro\/?p=3337"},"modified":"2025-09-25T16:06:26","modified_gmt":"2025-09-25T21:06:26","slug":"diana-vasquez","status":"publish","type":"post","link":"http:\/\/www.uartes.edu.ec\/sitio\/librelibro\/2025\/09\/25\/diana-vasquez\/","title":{"rendered":"Diana V\u00e1squez \u00a0"},"content":{"rendered":"\n<p>Dise\u00f1adora gr\u00e1fica e ilustradora infantil. En 2009 fund\u00f3 el estudio de dise\u00f1o Subte de la Chuna, el que le ha servido de plataforma para desarrollar diversos proyectos colaborativos y multidisciplinarios como M\u00fasica Ecuatoriana Ilustrada, 14 Pink Challenge (2019), <em>Cuentos contados desde la artesan\u00eda <\/em>(2018), 30 Day Storyboard Challenge (2016), entre otros.&nbsp;<\/p>\n\n\n\n<p>Ilustr\u00f3 y dise\u00f1\u00f3 los libros <em>Poemas para ni\u00f1os<\/em>, de Eugenio Moreno Heredia y <em>La niebla y otros cuentos<\/em> de Lina Vintimilla; es autora del libro \u00e1lbum <em>Jos\u00e9 y el Mayor M.<\/em> Tambi\u00e9n cre\u00f3 los personajes ilustrados del proyecto educativo audiovisual Nano Lab y la imagen de algunos festivales como Escenarios del Mundo (2010-2013), C\u00e1mara L\u00facida (2017- 2019), Festival de Artesan\u00edas y Artes Populares del CIDAP (2014), VI Marat\u00f3n del Cuento y las Artes Cuenca (2019), entre otros.<\/p>\n","protected":false},"excerpt":{"rendered":"<p>Dise\u00f1adora gr\u00e1fica e ilustradora infantil. En 2009 fund\u00f3 el estudio de dise\u00f1o Subte de la Chuna, el que le ha servido de plataforma para desarrollar diversos proyectos colaborativos y multidisciplinarios como M\u00fasica Ecuatoriana Ilustrada, 14 Pink Challenge (2019), Cuentos contados desde la artesan\u00eda (2018), 30 Day Storyboard Challenge (2016), entre otros.&nbsp; Ilustr\u00f3 y dise\u00f1\u00f3 los [&hellip;]<\/p>\n","protected":false},"author":1,"featured_media":3319,"comment_status":"open","ping_status":"open","sticky":false,"template":"","format":"standard","meta":{"_uag_custom_page_level_css":"","_monsterinsights_skip_tracking":false,"_monsterinsights_sitenote_active":false,"_monsterinsights_sitenote_note":"","_monsterinsights_sitenote_category":0,"cybocfi_hide_featured_image":"","footnotes":""},"categories":[72],"tags":[86],"class_list":["post-3337","post","type-post","status-publish","format-standard","has-post-thumbnail","hentry","category-invitados","tag-25invautores"],"uagb_featured_image_src":{"full":["https:\/\/www.uartes.edu.ec\/sitio\/librelibro\/wp-content\/uploads\/sites\/6\/2025\/09\/diana-basquez.jpg",1000,1000,false],"thumbnail":["https:\/\/www.uartes.edu.ec\/sitio\/librelibro\/wp-content\/uploads\/sites\/6\/2025\/09\/diana-basquez-150x150.jpg",150,150,true],"medium":["https:\/\/www.uartes.edu.ec\/sitio\/librelibro\/wp-content\/uploads\/sites\/6\/2025\/09\/diana-basquez-300x300.jpg",300,300,true],"medium_large":["https:\/\/www.uartes.edu.ec\/sitio\/librelibro\/wp-content\/uploads\/sites\/6\/2025\/09\/diana-basquez-768x768.jpg",768,768,true],"large":["https:\/\/www.uartes.edu.ec\/sitio\/librelibro\/wp-content\/uploads\/sites\/6\/2025\/09\/diana-basquez-644x644.jpg",644,644,true],"1536x1536":["https:\/\/www.uartes.edu.ec\/sitio\/librelibro\/wp-content\/uploads\/sites\/6\/2025\/09\/diana-basquez.jpg",1000,1000,false],"2048x2048":["https:\/\/www.uartes.edu.ec\/sitio\/librelibro\/wp-content\/uploads\/sites\/6\/2025\/09\/diana-basquez.jpg",1000,1000,false],"gb-block-post-grid-landscape":["https:\/\/www.uartes.edu.ec\/sitio\/librelibro\/wp-content\/uploads\/sites\/6\/2025\/09\/diana-basquez-600x400.jpg",600,400,true],"gb-block-post-grid-square":["https:\/\/www.uartes.edu.ec\/sitio\/librelibro\/wp-content\/uploads\/sites\/6\/2025\/09\/diana-basquez-600x600.jpg",600,600,true]},"uagb_author_info":{"display_name":"Universidad de las Artes","author_link":"https:\/\/www.uartes.edu.ec\/sitio\/librelibro\/author\/dircomadm\/"},"uagb_comment_info":0,"uagb_excerpt":"Dise\u00f1adora gr\u00e1fica e ilustradora infantil. En 2009 fund\u00f3 el estudio de dise\u00f1o Subte de la Chuna, el que le ha servido de plataforma para desarrollar diversos proyectos colaborativos y multidisciplinarios como M\u00fasica Ecuatoriana Ilustrada, 14 Pink Challenge (2019), Cuentos contados desde la artesan\u00eda (2018), 30 Day Storyboard Challenge (2016), entre otros.&nbsp; Ilustr\u00f3 y dise\u00f1\u00f3 los&hellip;","featured_image_src":"https:\/\/www.uartes.edu.ec\/sitio\/librelibro\/wp-content\/uploads\/sites\/6\/2025\/09\/diana-basquez-600x400.jpg","featured_image_src_square":"https:\/\/www.uartes.edu.ec\/sitio\/librelibro\/wp-content\/uploads\/sites\/6\/2025\/09\/diana-basquez-600x600.jpg","author_info":{"display_name":"Universidad de las Artes","author_link":"https:\/\/www.uartes.edu.ec\/sitio\/librelibro\/author\/dircomadm\/"},"distributor_meta":false,"distributor_terms":false,"distributor_media":false,"distributor_original_site_name":"LibreLibro 2025 - Las independientes","distributor_original_site_url":"https:\/\/www.uartes.edu.ec\/sitio\/librelibro","push-errors":false,"_links":{"self":[{"href":"https:\/\/www.uartes.edu.ec\/sitio\/librelibro\/wp-json\/wp\/v2\/posts\/3337","targetHints":{"allow":["GET"]}}],"collection":[{"href":"https:\/\/www.uartes.edu.ec\/sitio\/librelibro\/wp-json\/wp\/v2\/posts"}],"about":[{"href":"https:\/\/www.uartes.edu.ec\/sitio\/librelibro\/wp-json\/wp\/v2\/types\/post"}],"author":[{"embeddable":true,"href":"https:\/\/www.uartes.edu.ec\/sitio\/librelibro\/wp-json\/wp\/v2\/users\/1"}],"replies":[{"embeddable":true,"href":"https:\/\/www.uartes.edu.ec\/sitio\/librelibro\/wp-json\/wp\/v2\/comments?post=3337"}],"version-history":[{"count":1,"href":"https:\/\/www.uartes.edu.ec\/sitio\/librelibro\/wp-json\/wp\/v2\/posts\/3337\/revisions"}],"predecessor-version":[{"id":3338,"href":"https:\/\/www.uartes.edu.ec\/sitio\/librelibro\/wp-json\/wp\/v2\/posts\/3337\/revisions\/3338"}],"wp:featuredmedia":[{"embeddable":true,"href":"https:\/\/www.uartes.edu.ec\/sitio\/librelibro\/wp-json\/wp\/v2\/media\/3319"}],"wp:attachment":[{"href":"https:\/\/www.uartes.edu.ec\/sitio\/librelibro\/wp-json\/wp\/v2\/media?parent=3337"}],"wp:term":[{"taxonomy":"category","embeddable":true,"href":"https:\/\/www.uartes.edu.ec\/sitio\/librelibro\/wp-json\/wp\/v2\/categories?post=3337"},{"taxonomy":"post_tag","embeddable":true,"href":"https:\/\/www.uartes.edu.ec\/sitio\/librelibro\/wp-json\/wp\/v2\/tags?post=3337"}],"curies":[{"name":"wp","href":"https:\/\/api.w.org\/{rel}","templated":true}]}}