{"id":3341,"date":"2025-09-25T16:08:43","date_gmt":"2025-09-25T21:08:43","guid":{"rendered":"https:\/\/www.uartes.edu.ec\/sitio\/librelibro\/?p=3341"},"modified":"2025-09-25T16:08:44","modified_gmt":"2025-09-25T21:08:44","slug":"analia-goldentul","status":"publish","type":"post","link":"http:\/\/www.uartes.edu.ec\/sitio\/librelibro\/2025\/09\/25\/analia-goldentul\/","title":{"rendered":"Anal\u00eda Goldentul"},"content":{"rendered":"\n<p>Es soci\u00f3loga y doctora en Ciencias Sociales por la Universidad de Buenos Aires. Actualmente se desempe\u00f1a como docente e investigadora en esta universidad. Sus l\u00edneas de investigaci\u00f3n se centran en el activismo de familiares de personas condenadas por cr\u00edmenes de lesa humanidad en Argentina. En los \u00faltimos a\u00f1os se ha abocado al estudio de los consumos culturales y las instancias de politizaci\u00f3n de j\u00f3venes de derecha, prestando especial atenci\u00f3n a las sociabilidades pol\u00edticas que nacen y crecen en torno a los libros.<\/p>\n","protected":false},"excerpt":{"rendered":"<p>Es soci\u00f3loga y doctora en Ciencias Sociales por la Universidad de Buenos Aires. Actualmente se desempe\u00f1a como docente e investigadora en esta universidad. Sus l\u00edneas de investigaci\u00f3n se centran en el activismo de familiares de personas condenadas por cr\u00edmenes de lesa humanidad en Argentina. En los \u00faltimos a\u00f1os se ha abocado al estudio de los [&hellip;]<\/p>\n","protected":false},"author":1,"featured_media":3315,"comment_status":"open","ping_status":"open","sticky":false,"template":"","format":"standard","meta":{"_uag_custom_page_level_css":"","_monsterinsights_skip_tracking":false,"_monsterinsights_sitenote_active":false,"_monsterinsights_sitenote_note":"","_monsterinsights_sitenote_category":0,"cybocfi_hide_featured_image":"","footnotes":""},"categories":[72],"tags":[86],"class_list":["post-3341","post","type-post","status-publish","format-standard","has-post-thumbnail","hentry","category-invitados","tag-25invautores"],"uagb_featured_image_src":{"full":["https:\/\/www.uartes.edu.ec\/sitio\/librelibro\/wp-content\/uploads\/sites\/6\/2025\/09\/analia-goldentul.jpg",1000,1000,false],"thumbnail":["https:\/\/www.uartes.edu.ec\/sitio\/librelibro\/wp-content\/uploads\/sites\/6\/2025\/09\/analia-goldentul-150x150.jpg",150,150,true],"medium":["https:\/\/www.uartes.edu.ec\/sitio\/librelibro\/wp-content\/uploads\/sites\/6\/2025\/09\/analia-goldentul-300x300.jpg",300,300,true],"medium_large":["https:\/\/www.uartes.edu.ec\/sitio\/librelibro\/wp-content\/uploads\/sites\/6\/2025\/09\/analia-goldentul-768x768.jpg",768,768,true],"large":["https:\/\/www.uartes.edu.ec\/sitio\/librelibro\/wp-content\/uploads\/sites\/6\/2025\/09\/analia-goldentul-644x644.jpg",644,644,true],"1536x1536":["https:\/\/www.uartes.edu.ec\/sitio\/librelibro\/wp-content\/uploads\/sites\/6\/2025\/09\/analia-goldentul.jpg",1000,1000,false],"2048x2048":["https:\/\/www.uartes.edu.ec\/sitio\/librelibro\/wp-content\/uploads\/sites\/6\/2025\/09\/analia-goldentul.jpg",1000,1000,false],"gb-block-post-grid-landscape":["https:\/\/www.uartes.edu.ec\/sitio\/librelibro\/wp-content\/uploads\/sites\/6\/2025\/09\/analia-goldentul-600x400.jpg",600,400,true],"gb-block-post-grid-square":["https:\/\/www.uartes.edu.ec\/sitio\/librelibro\/wp-content\/uploads\/sites\/6\/2025\/09\/analia-goldentul-600x600.jpg",600,600,true]},"uagb_author_info":{"display_name":"Universidad de las Artes","author_link":"https:\/\/www.uartes.edu.ec\/sitio\/librelibro\/author\/dircomadm\/"},"uagb_comment_info":0,"uagb_excerpt":"Es soci\u00f3loga y doctora en Ciencias Sociales por la Universidad de Buenos Aires. Actualmente se desempe\u00f1a como docente e investigadora en esta universidad. Sus l\u00edneas de investigaci\u00f3n se centran en el activismo de familiares de personas condenadas por cr\u00edmenes de lesa humanidad en Argentina. En los \u00faltimos a\u00f1os se ha abocado al estudio de los&hellip;","featured_image_src":"https:\/\/www.uartes.edu.ec\/sitio\/librelibro\/wp-content\/uploads\/sites\/6\/2025\/09\/analia-goldentul-600x400.jpg","featured_image_src_square":"https:\/\/www.uartes.edu.ec\/sitio\/librelibro\/wp-content\/uploads\/sites\/6\/2025\/09\/analia-goldentul-600x600.jpg","author_info":{"display_name":"Universidad de las Artes","author_link":"https:\/\/www.uartes.edu.ec\/sitio\/librelibro\/author\/dircomadm\/"},"distributor_meta":false,"distributor_terms":false,"distributor_media":false,"distributor_original_site_name":"LibreLibro 2025 - Las independientes","distributor_original_site_url":"https:\/\/www.uartes.edu.ec\/sitio\/librelibro","push-errors":false,"_links":{"self":[{"href":"https:\/\/www.uartes.edu.ec\/sitio\/librelibro\/wp-json\/wp\/v2\/posts\/3341","targetHints":{"allow":["GET"]}}],"collection":[{"href":"https:\/\/www.uartes.edu.ec\/sitio\/librelibro\/wp-json\/wp\/v2\/posts"}],"about":[{"href":"https:\/\/www.uartes.edu.ec\/sitio\/librelibro\/wp-json\/wp\/v2\/types\/post"}],"author":[{"embeddable":true,"href":"https:\/\/www.uartes.edu.ec\/sitio\/librelibro\/wp-json\/wp\/v2\/users\/1"}],"replies":[{"embeddable":true,"href":"https:\/\/www.uartes.edu.ec\/sitio\/librelibro\/wp-json\/wp\/v2\/comments?post=3341"}],"version-history":[{"count":1,"href":"https:\/\/www.uartes.edu.ec\/sitio\/librelibro\/wp-json\/wp\/v2\/posts\/3341\/revisions"}],"predecessor-version":[{"id":3342,"href":"https:\/\/www.uartes.edu.ec\/sitio\/librelibro\/wp-json\/wp\/v2\/posts\/3341\/revisions\/3342"}],"wp:featuredmedia":[{"embeddable":true,"href":"https:\/\/www.uartes.edu.ec\/sitio\/librelibro\/wp-json\/wp\/v2\/media\/3315"}],"wp:attachment":[{"href":"https:\/\/www.uartes.edu.ec\/sitio\/librelibro\/wp-json\/wp\/v2\/media?parent=3341"}],"wp:term":[{"taxonomy":"category","embeddable":true,"href":"https:\/\/www.uartes.edu.ec\/sitio\/librelibro\/wp-json\/wp\/v2\/categories?post=3341"},{"taxonomy":"post_tag","embeddable":true,"href":"https:\/\/www.uartes.edu.ec\/sitio\/librelibro\/wp-json\/wp\/v2\/tags?post=3341"}],"curies":[{"name":"wp","href":"https:\/\/api.w.org\/{rel}","templated":true}]}}