{"id":3347,"date":"2025-09-25T16:13:14","date_gmt":"2025-09-25T21:13:14","guid":{"rendered":"https:\/\/www.uartes.edu.ec\/sitio\/librelibro\/?p=3347"},"modified":"2025-09-25T16:13:15","modified_gmt":"2025-09-25T21:13:15","slug":"damian-matailo","status":"publish","type":"post","link":"http:\/\/www.uartes.edu.ec\/sitio\/librelibro\/2025\/09\/25\/damian-matailo\/","title":{"rendered":"Dami\u00e1n Matailo"},"content":{"rendered":"\n<p>Mi nombre es Edgar Dami\u00e1n Matailo Cede\u00f1o. De los Matailo del Oro y de los Cede\u00f1os manabas, ambas partes montubias. Por eso no tuve opci\u00f3n: soy payaso, escribo cuentos y monto obras de teatro. Desde el 2013 hago vi\u00f1etas de humor gr\u00e1fico. A inicios de este a\u00f1o mi novela gr\u00e1fica \u201clos poetas se la comen completa\u201d gan\u00f3 una convocatoria de narraciones hibridas y ahora anda rodando por librer\u00edas punkies y bazares; hace poco, con la ayuda de mis buenos y bellos amigos, luego de un a\u00f1o de trabajo, estren\u00e9 el mokumental \u201cEl cuento de la abuela\u201d. Vivo en Guayaquil y quisiera poder dormir antes de las 11.<\/p>\n","protected":false},"excerpt":{"rendered":"<p>Mi nombre es Edgar Dami\u00e1n Matailo Cede\u00f1o. De los Matailo del Oro y de los Cede\u00f1os manabas, ambas partes montubias. Por eso no tuve opci\u00f3n: soy payaso, escribo cuentos y monto obras de teatro. Desde el 2013 hago vi\u00f1etas de humor gr\u00e1fico. A inicios de este a\u00f1o mi novela gr\u00e1fica \u201clos poetas se la comen [&hellip;]<\/p>\n","protected":false},"author":1,"featured_media":3317,"comment_status":"open","ping_status":"open","sticky":false,"template":"","format":"standard","meta":{"_uag_custom_page_level_css":"","_monsterinsights_skip_tracking":false,"_monsterinsights_sitenote_active":false,"_monsterinsights_sitenote_note":"","_monsterinsights_sitenote_category":0,"cybocfi_hide_featured_image":"","footnotes":""},"categories":[72],"tags":[86],"class_list":["post-3347","post","type-post","status-publish","format-standard","has-post-thumbnail","hentry","category-invitados","tag-25invautores"],"uagb_featured_image_src":{"full":["https:\/\/www.uartes.edu.ec\/sitio\/librelibro\/wp-content\/uploads\/sites\/6\/2025\/09\/damian-matailo.jpg",1000,1000,false],"thumbnail":["https:\/\/www.uartes.edu.ec\/sitio\/librelibro\/wp-content\/uploads\/sites\/6\/2025\/09\/damian-matailo-150x150.jpg",150,150,true],"medium":["https:\/\/www.uartes.edu.ec\/sitio\/librelibro\/wp-content\/uploads\/sites\/6\/2025\/09\/damian-matailo-300x300.jpg",300,300,true],"medium_large":["https:\/\/www.uartes.edu.ec\/sitio\/librelibro\/wp-content\/uploads\/sites\/6\/2025\/09\/damian-matailo-768x768.jpg",768,768,true],"large":["https:\/\/www.uartes.edu.ec\/sitio\/librelibro\/wp-content\/uploads\/sites\/6\/2025\/09\/damian-matailo-644x644.jpg",644,644,true],"1536x1536":["https:\/\/www.uartes.edu.ec\/sitio\/librelibro\/wp-content\/uploads\/sites\/6\/2025\/09\/damian-matailo.jpg",1000,1000,false],"2048x2048":["https:\/\/www.uartes.edu.ec\/sitio\/librelibro\/wp-content\/uploads\/sites\/6\/2025\/09\/damian-matailo.jpg",1000,1000,false],"gb-block-post-grid-landscape":["https:\/\/www.uartes.edu.ec\/sitio\/librelibro\/wp-content\/uploads\/sites\/6\/2025\/09\/damian-matailo-600x400.jpg",600,400,true],"gb-block-post-grid-square":["https:\/\/www.uartes.edu.ec\/sitio\/librelibro\/wp-content\/uploads\/sites\/6\/2025\/09\/damian-matailo-600x600.jpg",600,600,true]},"uagb_author_info":{"display_name":"Universidad de las Artes","author_link":"https:\/\/www.uartes.edu.ec\/sitio\/librelibro\/author\/dircomadm\/"},"uagb_comment_info":0,"uagb_excerpt":"Mi nombre es Edgar Dami\u00e1n Matailo Cede\u00f1o. De los Matailo del Oro y de los Cede\u00f1os manabas, ambas partes montubias. Por eso no tuve opci\u00f3n: soy payaso, escribo cuentos y monto obras de teatro. Desde el 2013 hago vi\u00f1etas de humor gr\u00e1fico. A inicios de este a\u00f1o mi novela gr\u00e1fica \u201clos poetas se la comen&hellip;","featured_image_src":"https:\/\/www.uartes.edu.ec\/sitio\/librelibro\/wp-content\/uploads\/sites\/6\/2025\/09\/damian-matailo-600x400.jpg","featured_image_src_square":"https:\/\/www.uartes.edu.ec\/sitio\/librelibro\/wp-content\/uploads\/sites\/6\/2025\/09\/damian-matailo-600x600.jpg","author_info":{"display_name":"Universidad de las Artes","author_link":"https:\/\/www.uartes.edu.ec\/sitio\/librelibro\/author\/dircomadm\/"},"distributor_meta":false,"distributor_terms":false,"distributor_media":false,"distributor_original_site_name":"LibreLibro 2025 - Las independientes","distributor_original_site_url":"https:\/\/www.uartes.edu.ec\/sitio\/librelibro","push-errors":false,"_links":{"self":[{"href":"https:\/\/www.uartes.edu.ec\/sitio\/librelibro\/wp-json\/wp\/v2\/posts\/3347","targetHints":{"allow":["GET"]}}],"collection":[{"href":"https:\/\/www.uartes.edu.ec\/sitio\/librelibro\/wp-json\/wp\/v2\/posts"}],"about":[{"href":"https:\/\/www.uartes.edu.ec\/sitio\/librelibro\/wp-json\/wp\/v2\/types\/post"}],"author":[{"embeddable":true,"href":"https:\/\/www.uartes.edu.ec\/sitio\/librelibro\/wp-json\/wp\/v2\/users\/1"}],"replies":[{"embeddable":true,"href":"https:\/\/www.uartes.edu.ec\/sitio\/librelibro\/wp-json\/wp\/v2\/comments?post=3347"}],"version-history":[{"count":1,"href":"https:\/\/www.uartes.edu.ec\/sitio\/librelibro\/wp-json\/wp\/v2\/posts\/3347\/revisions"}],"predecessor-version":[{"id":3348,"href":"https:\/\/www.uartes.edu.ec\/sitio\/librelibro\/wp-json\/wp\/v2\/posts\/3347\/revisions\/3348"}],"wp:featuredmedia":[{"embeddable":true,"href":"https:\/\/www.uartes.edu.ec\/sitio\/librelibro\/wp-json\/wp\/v2\/media\/3317"}],"wp:attachment":[{"href":"https:\/\/www.uartes.edu.ec\/sitio\/librelibro\/wp-json\/wp\/v2\/media?parent=3347"}],"wp:term":[{"taxonomy":"category","embeddable":true,"href":"https:\/\/www.uartes.edu.ec\/sitio\/librelibro\/wp-json\/wp\/v2\/categories?post=3347"},{"taxonomy":"post_tag","embeddable":true,"href":"https:\/\/www.uartes.edu.ec\/sitio\/librelibro\/wp-json\/wp\/v2\/tags?post=3347"}],"curies":[{"name":"wp","href":"https:\/\/api.w.org\/{rel}","templated":true}]}}