{"id":3374,"date":"2025-09-25T16:39:13","date_gmt":"2025-09-25T21:39:13","guid":{"rendered":"https:\/\/www.uartes.edu.ec\/sitio\/librelibro\/?p=3374"},"modified":"2025-09-25T16:39:13","modified_gmt":"2025-09-25T21:39:13","slug":"benjamin-viteri","status":"publish","type":"post","link":"http:\/\/www.uartes.edu.ec\/sitio\/librelibro\/2025\/09\/25\/benjamin-viteri\/","title":{"rendered":"Benjam\u00edn Viteri"},"content":{"rendered":"\n<p>Es Licenciado en Artes Pl\u00e1sticas por la Universidad Central del Ecuador (2021). Su formaci\u00f3n acad\u00e9mica y pasi\u00f3n por las artes visuales le han llevado a desarrollar una carrera en el campo denla gr\u00e1\ufb01ca. Ha participado en exposiciones en galer\u00edas y centros culturales, tanto en su pa\u00eds de origen, Ecuador, como en otros lugares como M\u00e9xico, Per\u00fa, Chile y El Salvador.<\/p>\n\n\n\n<p>Paralelamente, lleva a cabo su proyecto personal llamado &#8220;Otra Vez Lunes&#8221;. Un espacio digital dedicado al desarrollo de los c\u00f3mics, donde busca promover esta forma de expresi\u00f3n art\u00edstica y brindar un espacio de crecimiento y colaboraci\u00f3n para artistas y a\ufb01cionadxs al c\u00f3mic.<\/p>\n\n\n\n<p>Otra Vez Lunes es un espacio que nace en el 2022 para combatir el malestar de nuestras vidas con humor. Pensamos que existen miedos o problemas en la vida que se sienten gigantescos y desproporcionados, nuestro trabajo es usar la caricatura, la vi\u00f1eta o el c\u00f3mic para bajar estos problemas a un nivel donde todo es m\u00e1s vivible y comprensible para nuestxs lectorxs-amigxs.<\/p>\n\n\n\n<p>Frente al malestar est\u00e1 el juego, frente al miedo nos queda la risa, frente al terror el sinsentido.<\/p>\n","protected":false},"excerpt":{"rendered":"<p>Es Licenciado en Artes Pl\u00e1sticas por la Universidad Central del Ecuador (2021). Su formaci\u00f3n acad\u00e9mica y pasi\u00f3n por las artes visuales le han llevado a desarrollar una carrera en el campo denla gr\u00e1\ufb01ca. Ha participado en exposiciones en galer\u00edas y centros culturales, tanto en su pa\u00eds de origen, Ecuador, como en otros lugares como M\u00e9xico, [&hellip;]<\/p>\n","protected":false},"author":1,"featured_media":3368,"comment_status":"open","ping_status":"open","sticky":false,"template":"","format":"standard","meta":{"_uag_custom_page_level_css":"","_monsterinsights_skip_tracking":false,"_monsterinsights_sitenote_active":false,"_monsterinsights_sitenote_note":"","_monsterinsights_sitenote_category":0,"cybocfi_hide_featured_image":"","footnotes":""},"categories":[72],"tags":[97],"class_list":["post-3374","post","type-post","status-publish","format-standard","has-post-thumbnail","hentry","category-invitados","tag-25invtalleristas"],"uagb_featured_image_src":{"full":["https:\/\/www.uartes.edu.ec\/sitio\/librelibro\/wp-content\/uploads\/sites\/6\/2025\/09\/Benjamin-Viteri.jpg",1000,1000,false],"thumbnail":["https:\/\/www.uartes.edu.ec\/sitio\/librelibro\/wp-content\/uploads\/sites\/6\/2025\/09\/Benjamin-Viteri-150x150.jpg",150,150,true],"medium":["https:\/\/www.uartes.edu.ec\/sitio\/librelibro\/wp-content\/uploads\/sites\/6\/2025\/09\/Benjamin-Viteri-300x300.jpg",300,300,true],"medium_large":["https:\/\/www.uartes.edu.ec\/sitio\/librelibro\/wp-content\/uploads\/sites\/6\/2025\/09\/Benjamin-Viteri-768x768.jpg",768,768,true],"large":["https:\/\/www.uartes.edu.ec\/sitio\/librelibro\/wp-content\/uploads\/sites\/6\/2025\/09\/Benjamin-Viteri-644x644.jpg",644,644,true],"1536x1536":["https:\/\/www.uartes.edu.ec\/sitio\/librelibro\/wp-content\/uploads\/sites\/6\/2025\/09\/Benjamin-Viteri.jpg",1000,1000,false],"2048x2048":["https:\/\/www.uartes.edu.ec\/sitio\/librelibro\/wp-content\/uploads\/sites\/6\/2025\/09\/Benjamin-Viteri.jpg",1000,1000,false],"gb-block-post-grid-landscape":["https:\/\/www.uartes.edu.ec\/sitio\/librelibro\/wp-content\/uploads\/sites\/6\/2025\/09\/Benjamin-Viteri-600x400.jpg",600,400,true],"gb-block-post-grid-square":["https:\/\/www.uartes.edu.ec\/sitio\/librelibro\/wp-content\/uploads\/sites\/6\/2025\/09\/Benjamin-Viteri-600x600.jpg",600,600,true]},"uagb_author_info":{"display_name":"Universidad de las Artes","author_link":"https:\/\/www.uartes.edu.ec\/sitio\/librelibro\/author\/dircomadm\/"},"uagb_comment_info":0,"uagb_excerpt":"Es Licenciado en Artes Pl\u00e1sticas por la Universidad Central del Ecuador (2021). Su formaci\u00f3n acad\u00e9mica y pasi\u00f3n por las artes visuales le han llevado a desarrollar una carrera en el campo denla gr\u00e1\ufb01ca. Ha participado en exposiciones en galer\u00edas y centros culturales, tanto en su pa\u00eds de origen, Ecuador, como en otros lugares como M\u00e9xico,&hellip;","featured_image_src":"https:\/\/www.uartes.edu.ec\/sitio\/librelibro\/wp-content\/uploads\/sites\/6\/2025\/09\/Benjamin-Viteri-600x400.jpg","featured_image_src_square":"https:\/\/www.uartes.edu.ec\/sitio\/librelibro\/wp-content\/uploads\/sites\/6\/2025\/09\/Benjamin-Viteri-600x600.jpg","author_info":{"display_name":"Universidad de las Artes","author_link":"https:\/\/www.uartes.edu.ec\/sitio\/librelibro\/author\/dircomadm\/"},"distributor_meta":false,"distributor_terms":false,"distributor_media":false,"distributor_original_site_name":"LibreLibro 2025 - Las independientes","distributor_original_site_url":"https:\/\/www.uartes.edu.ec\/sitio\/librelibro","push-errors":false,"_links":{"self":[{"href":"https:\/\/www.uartes.edu.ec\/sitio\/librelibro\/wp-json\/wp\/v2\/posts\/3374","targetHints":{"allow":["GET"]}}],"collection":[{"href":"https:\/\/www.uartes.edu.ec\/sitio\/librelibro\/wp-json\/wp\/v2\/posts"}],"about":[{"href":"https:\/\/www.uartes.edu.ec\/sitio\/librelibro\/wp-json\/wp\/v2\/types\/post"}],"author":[{"embeddable":true,"href":"https:\/\/www.uartes.edu.ec\/sitio\/librelibro\/wp-json\/wp\/v2\/users\/1"}],"replies":[{"embeddable":true,"href":"https:\/\/www.uartes.edu.ec\/sitio\/librelibro\/wp-json\/wp\/v2\/comments?post=3374"}],"version-history":[{"count":1,"href":"https:\/\/www.uartes.edu.ec\/sitio\/librelibro\/wp-json\/wp\/v2\/posts\/3374\/revisions"}],"predecessor-version":[{"id":3375,"href":"https:\/\/www.uartes.edu.ec\/sitio\/librelibro\/wp-json\/wp\/v2\/posts\/3374\/revisions\/3375"}],"wp:featuredmedia":[{"embeddable":true,"href":"https:\/\/www.uartes.edu.ec\/sitio\/librelibro\/wp-json\/wp\/v2\/media\/3368"}],"wp:attachment":[{"href":"https:\/\/www.uartes.edu.ec\/sitio\/librelibro\/wp-json\/wp\/v2\/media?parent=3374"}],"wp:term":[{"taxonomy":"category","embeddable":true,"href":"https:\/\/www.uartes.edu.ec\/sitio\/librelibro\/wp-json\/wp\/v2\/categories?post=3374"},{"taxonomy":"post_tag","embeddable":true,"href":"https:\/\/www.uartes.edu.ec\/sitio\/librelibro\/wp-json\/wp\/v2\/tags?post=3374"}],"curies":[{"name":"wp","href":"https:\/\/api.w.org\/{rel}","templated":true}]}}