{"id":1632,"date":"2021-03-25T11:01:00","date_gmt":"2021-03-25T16:01:00","guid":{"rendered":"http:\/\/www.uartes.edu.ec\/sitio\/preliminar\/?p=1632"},"modified":"2021-04-07T12:30:12","modified_gmt":"2021-04-07T17:30:12","slug":"sonata-waldstein-majestuosidad-y-sensibilidad-entre-compositor-interprete-y-oyente","status":"publish","type":"post","link":"http:\/\/www.uartes.edu.ec\/sitio\/preliminar\/sonata-waldstein-majestuosidad-y-sensibilidad-entre-compositor-interprete-y-oyente\/","title":{"rendered":"Sonata Waldstein: majestuosidad y sensibilidad entre compositor, int\u00e9rprete y oyente"},"content":{"rendered":"\n<h3 class=\"wp-block-heading\">Autores<\/h3>\n\n\n\n<p>Ingrid Polanco.<\/p>\n\n\n\n<div class=\"wp-block-getwid-icon-box getwid-animation has-icon-right has-text-left\" data-animation=\"pulse\"><div class=\"wp-block-getwid-icon-box__icon-container is-position-top\"><a href=\"http:\/\/www.uartes.edu.ec\/sitio\/preliminar\/download\/sonata-waldstein-majestuosidad-y-sensibilidad-entre-compositor-interprete-y-oyente\/?wpdmdl=1556&amp;masterkey=605ca0370cbb5\" class=\"wp-block-getwid-icon-box__icon-wrapper\"><i class=\"far fa-arrow-alt-circle-down\"><\/i><\/a><\/div><div class=\"wp-block-getwid-icon-box__content\">\n<h3 class=\"wp-block-heading\">Resumen<\/h3>\n\n\n\n<p>Este trabajo tiene como objetivo proporcionar un an\u00e1lisis sensitivo de la Sonata Waldstein de Beethoven. Haciendo uso del m\u00e9todo experimental, este texto controla las variables de investigaci\u00f3n que enaltecen a Waldstein desde la m\u00fasica a la filosof\u00eda.<\/p>\n<\/div><\/div>\n\n\n\n<h3 class=\"wp-block-heading\">Palabras claves<\/h3>\n\n\n\n<p>siniestro, harmoniai, dial\u00e9ctica, m\u00fasica instrumental.<\/p>\n\n\n\n<h3 class=\"wp-block-heading\">A\u00f1o de publicaci\u00f3n<\/h3>\n\n\n\n<p>2021<\/p>\n\n\n\n<h3 class=\"wp-block-heading\">Editor<\/h3>\n\n\n\n<p>Norberto Bayo<\/p>\n\n\n\n<h3 class=\"wp-block-heading\">Editores adjuntos<\/h3>\n\n\n\n<p>Ana Crespo y Carlos Rugel<\/p>\n\n\n\n<h3 class=\"wp-block-heading\">Editorial<\/h3>\n\n\n\n<p>Preliminar, Colecci\u00f3n Docentes<\/p>\n\n\n\n<h3 class=\"wp-block-heading\">Citaci\u00f3n<\/h3>\n\n\n\n<p>Polanco, Ingrid. \u201cSonata Waldstein: majestuosidad y sensibilidad entre compositor, int\u00e9rprete y oyente\u201d. En <em>250 a\u00f1os del nacimiento de Beethoven<\/em>. <em>Preliminar: cuadernos de trabajo<\/em>, N.o 2 (2021): 11-15.<\/p>\n","protected":false},"excerpt":{"rendered":"<p class=\"excerpt\">Autores: Ingrid Polanco.<\/p>\n","protected":false},"author":1,"featured_media":0,"comment_status":"closed","ping_status":"closed","sticky":false,"template":"","format":"standard","meta":{"_uag_custom_page_level_css":"","_monsterinsights_skip_tracking":false,"_monsterinsights_sitenote_active":false,"_monsterinsights_sitenote_note":"","_monsterinsights_sitenote_category":0,"cybocfi_hide_featured_image":"","footnotes":""},"categories":[89,91],"tags":[107,108,109,106],"tnc_tax_2229":[],"class_list":["post-1632","post","type-post","status-publish","format-standard","hentry","category-docentes","category-literatura","tag-dialectica","tag-harmoniai","tag-musica-instrumental","tag-siniestro"],"uagb_featured_image_src":{"full":false,"thumbnail":false,"medium":false,"medium_large":false,"large":false,"1536x1536":false,"2048x2048":false,"tainacan-small":false,"tainacan-medium":false,"tainacan-medium-full":false,"tainacan-large-full":false,"layers-square-large":false,"layers-portrait-large":false,"layers-landscape-large":false,"layers-square-medium":false,"layers-portrait-medium":false,"layers-landscape-medium":false},"uagb_author_info":{"display_name":"Universidad de las Artes","author_link":"https:\/\/www.uartes.edu.ec\/sitio\/preliminar\/author\/dircomadm\/"},"uagb_comment_info":0,"uagb_excerpt":"Autores: Ingrid Polanco.","distributor_meta":false,"distributor_terms":false,"distributor_media":false,"distributor_original_site_name":"Preliminar","distributor_original_site_url":"https:\/\/www.uartes.edu.ec\/sitio\/preliminar","push-errors":false,"_links":{"self":[{"href":"https:\/\/www.uartes.edu.ec\/sitio\/preliminar\/wp-json\/wp\/v2\/posts\/1632","targetHints":{"allow":["GET"]}}],"collection":[{"href":"https:\/\/www.uartes.edu.ec\/sitio\/preliminar\/wp-json\/wp\/v2\/posts"}],"about":[{"href":"https:\/\/www.uartes.edu.ec\/sitio\/preliminar\/wp-json\/wp\/v2\/types\/post"}],"author":[{"embeddable":true,"href":"https:\/\/www.uartes.edu.ec\/sitio\/preliminar\/wp-json\/wp\/v2\/users\/1"}],"replies":[{"embeddable":true,"href":"https:\/\/www.uartes.edu.ec\/sitio\/preliminar\/wp-json\/wp\/v2\/comments?post=1632"}],"version-history":[{"count":4,"href":"https:\/\/www.uartes.edu.ec\/sitio\/preliminar\/wp-json\/wp\/v2\/posts\/1632\/revisions"}],"predecessor-version":[{"id":1743,"href":"https:\/\/www.uartes.edu.ec\/sitio\/preliminar\/wp-json\/wp\/v2\/posts\/1632\/revisions\/1743"}],"wp:attachment":[{"href":"https:\/\/www.uartes.edu.ec\/sitio\/preliminar\/wp-json\/wp\/v2\/media?parent=1632"}],"wp:term":[{"taxonomy":"category","embeddable":true,"href":"https:\/\/www.uartes.edu.ec\/sitio\/preliminar\/wp-json\/wp\/v2\/categories?post=1632"},{"taxonomy":"post_tag","embeddable":true,"href":"https:\/\/www.uartes.edu.ec\/sitio\/preliminar\/wp-json\/wp\/v2\/tags?post=1632"},{"taxonomy":"tnc_tax_2229","embeddable":true,"href":"https:\/\/www.uartes.edu.ec\/sitio\/preliminar\/wp-json\/wp\/v2\/tnc_tax_2229?post=1632"}],"curies":[{"name":"wp","href":"https:\/\/api.w.org\/{rel}","templated":true}]}}