{"id":1634,"date":"2021-03-25T14:09:00","date_gmt":"2021-03-25T19:09:00","guid":{"rendered":"http:\/\/www.uartes.edu.ec\/sitio\/preliminar\/?p=1634"},"modified":"2021-04-07T12:30:42","modified_gmt":"2021-04-07T17:30:42","slug":"analisis-retorico-sobre-el-modelo-persuasivo-implicito-en-la-sinfonia-pastoral","status":"publish","type":"post","link":"http:\/\/www.uartes.edu.ec\/sitio\/preliminar\/analisis-retorico-sobre-el-modelo-persuasivo-implicito-en-la-sinfonia-pastoral\/","title":{"rendered":"An\u00e1lisis ret\u00f3rico sobre el modelo persuasivo impl\u00edcito en la Sinfon\u00eda Pastoral"},"content":{"rendered":"\n<h3 class=\"wp-block-heading\">Autores <\/h3>\n\n\n\n<p>Elio Santana.<\/p>\n\n\n\n<div class=\"wp-block-getwid-icon-box getwid-animation has-icon-right has-text-left\" data-animation=\"pulse\"><div class=\"wp-block-getwid-icon-box__icon-container is-position-top\"><a href=\"http:\/\/www.uartes.edu.ec\/sitio\/preliminar\/download\/analisis-retorico-sobre-el-modelo-persuasivo-implicito-en-la-sinfonia-pastoral\/?wpdmdl=1557&amp;masterkey=605ca15cf19c1\" class=\"wp-block-getwid-icon-box__icon-wrapper\"><i class=\"far fa-arrow-alt-circle-down\"><\/i><\/a><\/div><div class=\"wp-block-getwid-icon-box__content\">\n<h3 class=\"wp-block-heading\">Resumen<\/h3>\n\n\n\n<p>El objetivo de este ensayo es comprender la m\u00fasica de Ludwig van Beethoven hoy en d\u00eda, habiendo elegido su Sexta Sinfon\u00eda (La Pastoral) y teniendo en cuenta lo extensible de su filosof\u00eda donde se aborda la persuasi\u00f3n y la raz\u00f3n kantiana. Llegar a discernir que Beethoven era un m\u00fasico, pero, eventualmente, un fil\u00f3sofo. La m\u00fasica de Beethoven trasciende hipertemporalmente en un corte filos\u00f3fico-musical.<\/p>\n<\/div><\/div>\n\n\n\n<h3 class=\"wp-block-heading\">Palabras claves <\/h3>\n\n\n\n<p>mesura, afinaci\u00f3n temperada, ethos, pathos, logos<\/p>\n\n\n\n<h3 class=\"wp-block-heading\">A\u00f1o de publicaci\u00f3n<\/h3>\n\n\n\n<p>2021<\/p>\n\n\n\n<h3 class=\"wp-block-heading\">Editor<\/h3>\n\n\n\n<p>Norberto Bayo<\/p>\n\n\n\n<h3 class=\"wp-block-heading\">Editores adjuntos<\/h3>\n\n\n\n<p>Ana Crespo y Carlos Rugel<\/p>\n\n\n\n<h3 class=\"wp-block-heading\">Editorial<\/h3>\n\n\n\n<p>Preliminar, Colecci\u00f3n Docentes<\/p>\n\n\n\n<h3 class=\"wp-block-heading\">Citaci\u00f3n<\/h3>\n\n\n\n<p>Santana, Elio. \u201cAn\u00e1lisis ret\u00f3rico sobre el modelo persuasivo impl\u00edcito en la Sinfon\u00eda Pastoral\u201d. En <em>250 a\u00f1os del nacimiento de Beethoven<\/em>. <em>Preliminar: cuadernos de trabajo<\/em>, N.o 2 (2021): 16-21.<\/p>\n","protected":false},"excerpt":{"rendered":"<p class=\"excerpt\">Autores: Elio Santana.<\/p>\n","protected":false},"author":1,"featured_media":0,"comment_status":"closed","ping_status":"closed","sticky":false,"template":"","format":"standard","meta":{"_uag_custom_page_level_css":"","_monsterinsights_skip_tracking":false,"_monsterinsights_sitenote_active":false,"_monsterinsights_sitenote_note":"","_monsterinsights_sitenote_category":0,"cybocfi_hide_featured_image":"","footnotes":""},"categories":[89,91],"tags":[110,111,114,112,113],"tnc_tax_2229":[],"class_list":["post-1634","post","type-post","status-publish","format-standard","hentry","category-docentes","category-literatura","tag-afinacion-temperada","tag-ethos","tag-logos","tag-mesura","tag-pathos"],"uagb_featured_image_src":{"full":false,"thumbnail":false,"medium":false,"medium_large":false,"large":false,"1536x1536":false,"2048x2048":false,"tainacan-small":false,"tainacan-medium":false,"tainacan-medium-full":false,"tainacan-large-full":false,"layers-square-large":false,"layers-portrait-large":false,"layers-landscape-large":false,"layers-square-medium":false,"layers-portrait-medium":false,"layers-landscape-medium":false},"uagb_author_info":{"display_name":"Universidad de las Artes","author_link":"https:\/\/www.uartes.edu.ec\/sitio\/preliminar\/author\/dircomadm\/"},"uagb_comment_info":0,"uagb_excerpt":"Autores: Elio Santana.","distributor_meta":false,"distributor_terms":false,"distributor_media":false,"distributor_original_site_name":"Preliminar","distributor_original_site_url":"https:\/\/www.uartes.edu.ec\/sitio\/preliminar","push-errors":false,"_links":{"self":[{"href":"https:\/\/www.uartes.edu.ec\/sitio\/preliminar\/wp-json\/wp\/v2\/posts\/1634","targetHints":{"allow":["GET"]}}],"collection":[{"href":"https:\/\/www.uartes.edu.ec\/sitio\/preliminar\/wp-json\/wp\/v2\/posts"}],"about":[{"href":"https:\/\/www.uartes.edu.ec\/sitio\/preliminar\/wp-json\/wp\/v2\/types\/post"}],"author":[{"embeddable":true,"href":"https:\/\/www.uartes.edu.ec\/sitio\/preliminar\/wp-json\/wp\/v2\/users\/1"}],"replies":[{"embeddable":true,"href":"https:\/\/www.uartes.edu.ec\/sitio\/preliminar\/wp-json\/wp\/v2\/comments?post=1634"}],"version-history":[{"count":3,"href":"https:\/\/www.uartes.edu.ec\/sitio\/preliminar\/wp-json\/wp\/v2\/posts\/1634\/revisions"}],"predecessor-version":[{"id":1744,"href":"https:\/\/www.uartes.edu.ec\/sitio\/preliminar\/wp-json\/wp\/v2\/posts\/1634\/revisions\/1744"}],"wp:attachment":[{"href":"https:\/\/www.uartes.edu.ec\/sitio\/preliminar\/wp-json\/wp\/v2\/media?parent=1634"}],"wp:term":[{"taxonomy":"category","embeddable":true,"href":"https:\/\/www.uartes.edu.ec\/sitio\/preliminar\/wp-json\/wp\/v2\/categories?post=1634"},{"taxonomy":"post_tag","embeddable":true,"href":"https:\/\/www.uartes.edu.ec\/sitio\/preliminar\/wp-json\/wp\/v2\/tags?post=1634"},{"taxonomy":"tnc_tax_2229","embeddable":true,"href":"https:\/\/www.uartes.edu.ec\/sitio\/preliminar\/wp-json\/wp\/v2\/tnc_tax_2229?post=1634"}],"curies":[{"name":"wp","href":"https:\/\/api.w.org\/{rel}","templated":true}]}}