{"id":1635,"date":"2021-03-25T14:11:00","date_gmt":"2021-03-25T19:11:00","guid":{"rendered":"http:\/\/www.uartes.edu.ec\/sitio\/preliminar\/?p=1635"},"modified":"2021-04-07T16:16:00","modified_gmt":"2021-04-07T21:16:00","slug":"en-torno-a-la-sonata-claro-de-luna","status":"publish","type":"post","link":"http:\/\/www.uartes.edu.ec\/sitio\/preliminar\/en-torno-a-la-sonata-claro-de-luna\/","title":{"rendered":"En torno a la sonata Claro de luna"},"content":{"rendered":"\n<h3 class=\"wp-block-heading\">Autor<\/h3>\n\n\n\n<p>Wilson Guachi.<\/p>\n\n\n\n<div class=\"wp-block-getwid-icon-box getwid-animation has-icon-right has-text-left\" data-animation=\"pulse\"><div class=\"wp-block-getwid-icon-box__icon-container is-position-top\"><a href=\"http:\/\/www.uartes.edu.ec\/sitio\/preliminar\/download\/en-torno-a-la-sonata-claro-de-luna\/?wpdmdl=1558&amp;masterkey=605ca23d16161\" class=\"wp-block-getwid-icon-box__icon-wrapper\"><i class=\"far fa-arrow-alt-circle-down\"><\/i><\/a><\/div><div class=\"wp-block-getwid-icon-box__content\">\n<h3 class=\"wp-block-heading\">Resumen<\/h3>\n\n\n\n<p>Ludwig van Beethoven demuestra su talento a pesar de la discapacidad con la que tuvo que vivir hasta el final de sus d\u00edas. La suya es m\u00fasica que no calma, sino que conmociona y perturba, por eso luego de Beethoven nadie regres\u00f3 sus conciertos tarareando melod\u00edas agradables. As\u00ed que sus tragedias y lamentos quedaron plasmados en sus obras; en primer lugar, porque limitan la filosof\u00eda a una determinada forma de expresi\u00f3n, como si eso no tuviera discusi\u00f3n; en segundo lugar, porque exagera la naturaleza del arte; finalmente, porque la filosof\u00eda del arte entra en contradicci\u00f3n consigo misma, siendo de antemano una tarea imposible y, por tanto, incapaz de aceptar o denegar lo que el arte es o deja de ser. Beethoven es el precursor de la expresi\u00f3n musical y humana, que enaltece a la esencia misma de la m\u00fasica.<\/p>\n<\/div><\/div>\n\n\n\n<h3 class=\"wp-block-heading\">Palabras claves<\/h3>\n\n\n\n<p>mesura, naturaleza, sublime, cant\u00e1bile, Beethoven<\/p>\n\n\n\n<h3 class=\"wp-block-heading\">A\u00f1o de publicaci\u00f3n<\/h3>\n\n\n\n<p>2021<\/p>\n\n\n\n<h3 class=\"wp-block-heading\">Editor<\/h3>\n\n\n\n<p>Norberto Bayo<\/p>\n\n\n\n<h3 class=\"wp-block-heading\">Editores adjuntos<\/h3>\n\n\n\n<p>Ana Crespo y Carlos Rugel<\/p>\n\n\n\n<h3 class=\"wp-block-heading\">Editorial<\/h3>\n\n\n\n<p>Preliminar, Colecci\u00f3n Docentes<\/p>\n\n\n\n<h3 class=\"wp-block-heading\">Citaci\u00f3n<\/h3>\n\n\n\n<p>Guachi, Wilson. \u201cEn torno a la sonata Claro de Luna\u201d. En <em>250 a\u00f1os del nacimiento de Beethoven<\/em>.<em> Preliminar<\/em>: <em>cuadernos de trabajo<\/em>, N.o 2 (2021): 22-26.<\/p>\n","protected":false},"excerpt":{"rendered":"<p class=\"excerpt\">Autor: Wilson Guachi..<\/p>\n","protected":false},"author":1,"featured_media":0,"comment_status":"closed","ping_status":"closed","sticky":false,"template":"","format":"standard","meta":{"_uag_custom_page_level_css":"","_monsterinsights_skip_tracking":false,"_monsterinsights_sitenote_active":false,"_monsterinsights_sitenote_note":"","_monsterinsights_sitenote_category":0,"cybocfi_hide_featured_image":"","footnotes":""},"categories":[89,91],"tags":[122,121,112,43,116],"tnc_tax_2229":[],"class_list":["post-1635","post","type-post","status-publish","format-standard","hentry","category-docentes","category-literatura","tag-beethoven","tag-cantabile","tag-mesura","tag-naturaleza","tag-sublime"],"uagb_featured_image_src":{"full":false,"thumbnail":false,"medium":false,"medium_large":false,"large":false,"1536x1536":false,"2048x2048":false,"tainacan-small":false,"tainacan-medium":false,"tainacan-medium-full":false,"tainacan-large-full":false,"layers-square-large":false,"layers-portrait-large":false,"layers-landscape-large":false,"layers-square-medium":false,"layers-portrait-medium":false,"layers-landscape-medium":false},"uagb_author_info":{"display_name":"Universidad de las Artes","author_link":"https:\/\/www.uartes.edu.ec\/sitio\/preliminar\/author\/dircomadm\/"},"uagb_comment_info":0,"uagb_excerpt":"Autor: Wilson Guachi..","distributor_meta":false,"distributor_terms":false,"distributor_media":false,"distributor_original_site_name":"Preliminar","distributor_original_site_url":"https:\/\/www.uartes.edu.ec\/sitio\/preliminar","push-errors":false,"_links":{"self":[{"href":"https:\/\/www.uartes.edu.ec\/sitio\/preliminar\/wp-json\/wp\/v2\/posts\/1635","targetHints":{"allow":["GET"]}}],"collection":[{"href":"https:\/\/www.uartes.edu.ec\/sitio\/preliminar\/wp-json\/wp\/v2\/posts"}],"about":[{"href":"https:\/\/www.uartes.edu.ec\/sitio\/preliminar\/wp-json\/wp\/v2\/types\/post"}],"author":[{"embeddable":true,"href":"https:\/\/www.uartes.edu.ec\/sitio\/preliminar\/wp-json\/wp\/v2\/users\/1"}],"replies":[{"embeddable":true,"href":"https:\/\/www.uartes.edu.ec\/sitio\/preliminar\/wp-json\/wp\/v2\/comments?post=1635"}],"version-history":[{"count":3,"href":"https:\/\/www.uartes.edu.ec\/sitio\/preliminar\/wp-json\/wp\/v2\/posts\/1635\/revisions"}],"predecessor-version":[{"id":1789,"href":"https:\/\/www.uartes.edu.ec\/sitio\/preliminar\/wp-json\/wp\/v2\/posts\/1635\/revisions\/1789"}],"wp:attachment":[{"href":"https:\/\/www.uartes.edu.ec\/sitio\/preliminar\/wp-json\/wp\/v2\/media?parent=1635"}],"wp:term":[{"taxonomy":"category","embeddable":true,"href":"https:\/\/www.uartes.edu.ec\/sitio\/preliminar\/wp-json\/wp\/v2\/categories?post=1635"},{"taxonomy":"post_tag","embeddable":true,"href":"https:\/\/www.uartes.edu.ec\/sitio\/preliminar\/wp-json\/wp\/v2\/tags?post=1635"},{"taxonomy":"tnc_tax_2229","embeddable":true,"href":"https:\/\/www.uartes.edu.ec\/sitio\/preliminar\/wp-json\/wp\/v2\/tnc_tax_2229?post=1635"}],"curies":[{"name":"wp","href":"https:\/\/api.w.org\/{rel}","templated":true}]}}