{"id":1641,"date":"2021-03-25T14:22:33","date_gmt":"2021-03-25T19:22:33","guid":{"rendered":"http:\/\/www.uartes.edu.ec\/sitio\/preliminar\/?p=1641"},"modified":"2021-04-07T16:21:08","modified_gmt":"2021-04-07T21:21:08","slug":"muerte-y-libertad","status":"publish","type":"post","link":"http:\/\/www.uartes.edu.ec\/sitio\/preliminar\/muerte-y-libertad\/","title":{"rendered":"Muerte y libertad"},"content":{"rendered":"\n<h3 class=\"wp-block-heading\">Autor<\/h3>\n\n\n\n<p>Carlos Ferrin.<\/p>\n\n\n\n<div class=\"wp-block-getwid-icon-box getwid-animation has-icon-right has-text-left\" data-animation=\"pulse\"><div class=\"wp-block-getwid-icon-box__icon-container is-position-top\"><a href=\"http:\/\/www.uartes.edu.ec\/sitio\/preliminar\/download\/muerte-y-libertad\/?wpdmdl=1561&amp;masterkey=605ca33351c99\" class=\"wp-block-getwid-icon-box__icon-wrapper\"><i class=\"far fa-arrow-alt-circle-down\"><\/i><\/a><\/div><div class=\"wp-block-getwid-icon-box__content\">\n<h3 class=\"wp-block-heading\">Resumen<\/h3>\n\n\n\n<p>Han transcurrido 250 a\u00f1os del nacimiento de Ludwig van Beethoven, 193 de su muerte, y a pesar de este tiempo, el m\u00fasico alem\u00e1n parece estar m\u00e1s vivo que nunca. Tratar\u00e9 de aproximarme al compositor analizando la novena sinfon\u00eda, donde Beethoven se enuncia como el ser arrojado al \u201cfuturo\u201d, el ser que se presenta como posibilidad, el ser que es para la muerte y la libertad al mismo tiempo. Para la libertad por ser un transgresor desde los propios esquemas del periodo cl\u00e1sico al que pertenec\u00eda y para la muerte porque es un esp\u00edritu resonando entre vivos, siendo el puente hacia una nueva m\u00fasica.<\/p>\n<\/div><\/div>\n\n\n\n<h3 class=\"wp-block-heading\">Palabras claves<\/h3>\n\n\n\n<p>consonancias, sublime, organicidad, absoluto, Beethoveen.<\/p>\n\n\n\n<h3 class=\"wp-block-heading\">A\u00f1o de publicaci\u00f3n<\/h3>\n\n\n\n<p>2021<\/p>\n\n\n\n<h3 class=\"wp-block-heading\">Editor<\/h3>\n\n\n\n<p>Norberto Bayo<\/p>\n\n\n\n<h3 class=\"wp-block-heading\">Editores adjuntos<\/h3>\n\n\n\n<p>Ana Crespo y Carlos Rugel<\/p>\n\n\n\n<h3 class=\"wp-block-heading\">Editorial<\/h3>\n\n\n\n<p>Preliminar, Colecci\u00f3n Docentes<\/p>\n\n\n\n<h3 class=\"wp-block-heading\">Citaci\u00f3n<\/h3>\n\n\n\n<p>Carlos, Ferr\u00edn. \u201cMuerte y libertad\u201d. En <em>250 a\u00f1os del nacimiento de Beethoven<\/em>. <em>Preliminar: cuadernos de trabajo<\/em>, N.o 2 (2021): 39-44.<\/p>\n","protected":false},"excerpt":{"rendered":"<p class=\"excerpt\">Autor: Carlos Ferrin.<\/p>\n","protected":false},"author":1,"featured_media":0,"comment_status":"closed","ping_status":"closed","sticky":false,"template":"","format":"standard","meta":{"_uag_custom_page_level_css":"","_monsterinsights_skip_tracking":false,"_monsterinsights_sitenote_active":false,"_monsterinsights_sitenote_note":"","_monsterinsights_sitenote_category":0,"cybocfi_hide_featured_image":"","footnotes":""},"categories":[89,91],"tags":[125,126,124,123,116],"tnc_tax_2229":[],"class_list":["post-1641","post","type-post","status-publish","format-standard","hentry","category-docentes","category-literatura","tag-absoluto","tag-beethoveen","tag-consonancias","tag-organicidad","tag-sublime"],"uagb_featured_image_src":{"full":false,"thumbnail":false,"medium":false,"medium_large":false,"large":false,"1536x1536":false,"2048x2048":false,"tainacan-small":false,"tainacan-medium":false,"tainacan-medium-full":false,"tainacan-large-full":false,"layers-square-large":false,"layers-portrait-large":false,"layers-landscape-large":false,"layers-square-medium":false,"layers-portrait-medium":false,"layers-landscape-medium":false},"uagb_author_info":{"display_name":"Universidad de las Artes","author_link":"https:\/\/www.uartes.edu.ec\/sitio\/preliminar\/author\/dircomadm\/"},"uagb_comment_info":0,"uagb_excerpt":"Autor: Carlos Ferrin.","distributor_meta":false,"distributor_terms":false,"distributor_media":false,"distributor_original_site_name":"Preliminar","distributor_original_site_url":"https:\/\/www.uartes.edu.ec\/sitio\/preliminar","push-errors":false,"_links":{"self":[{"href":"https:\/\/www.uartes.edu.ec\/sitio\/preliminar\/wp-json\/wp\/v2\/posts\/1641","targetHints":{"allow":["GET"]}}],"collection":[{"href":"https:\/\/www.uartes.edu.ec\/sitio\/preliminar\/wp-json\/wp\/v2\/posts"}],"about":[{"href":"https:\/\/www.uartes.edu.ec\/sitio\/preliminar\/wp-json\/wp\/v2\/types\/post"}],"author":[{"embeddable":true,"href":"https:\/\/www.uartes.edu.ec\/sitio\/preliminar\/wp-json\/wp\/v2\/users\/1"}],"replies":[{"embeddable":true,"href":"https:\/\/www.uartes.edu.ec\/sitio\/preliminar\/wp-json\/wp\/v2\/comments?post=1641"}],"version-history":[{"count":2,"href":"https:\/\/www.uartes.edu.ec\/sitio\/preliminar\/wp-json\/wp\/v2\/posts\/1641\/revisions"}],"predecessor-version":[{"id":1796,"href":"https:\/\/www.uartes.edu.ec\/sitio\/preliminar\/wp-json\/wp\/v2\/posts\/1641\/revisions\/1796"}],"wp:attachment":[{"href":"https:\/\/www.uartes.edu.ec\/sitio\/preliminar\/wp-json\/wp\/v2\/media?parent=1641"}],"wp:term":[{"taxonomy":"category","embeddable":true,"href":"https:\/\/www.uartes.edu.ec\/sitio\/preliminar\/wp-json\/wp\/v2\/categories?post=1641"},{"taxonomy":"post_tag","embeddable":true,"href":"https:\/\/www.uartes.edu.ec\/sitio\/preliminar\/wp-json\/wp\/v2\/tags?post=1641"},{"taxonomy":"tnc_tax_2229","embeddable":true,"href":"https:\/\/www.uartes.edu.ec\/sitio\/preliminar\/wp-json\/wp\/v2\/tnc_tax_2229?post=1641"}],"curies":[{"name":"wp","href":"https:\/\/api.w.org\/{rel}","templated":true}]}}