{"id":1719,"date":"2021-03-27T18:01:36","date_gmt":"2021-03-27T23:01:36","guid":{"rendered":"http:\/\/www.uartes.edu.ec\/sitio\/preliminar\/?p=1719"},"modified":"2021-03-27T18:07:58","modified_gmt":"2021-03-27T23:07:58","slug":"carlos-rugel-2","status":"publish","type":"post","link":"http:\/\/www.uartes.edu.ec\/sitio\/preliminar\/kimberly-yagual\/","title":{"rendered":"Kimberly Yagual"},"content":{"rendered":"\t\t<div data-elementor-type=\"wp-post\" data-elementor-id=\"1719\" class=\"elementor elementor-1719\" data-elementor-post-type=\"post\">\n\t\t\t\t\t\t<section class=\"elementor-section elementor-top-section elementor-element elementor-element-8743627 elementor-section-boxed elementor-section-height-default elementor-section-height-default\" data-id=\"8743627\" data-element_type=\"section\" data-e-type=\"section\">\n\t\t\t\t\t\t<div class=\"elementor-container elementor-column-gap-default\">\n\t\t\t\t\t<div class=\"elementor-column elementor-col-50 elementor-top-column elementor-element elementor-element-afc1966\" data-id=\"afc1966\" data-element_type=\"column\" data-e-type=\"column\">\n\t\t\t<div class=\"elementor-widget-wrap elementor-element-populated\">\n\t\t\t\t\t\t<section class=\"elementor-section elementor-inner-section elementor-element elementor-element-b63efd4 elementor-section-boxed elementor-section-height-default elementor-section-height-default\" data-id=\"b63efd4\" data-element_type=\"section\" data-e-type=\"section\">\n\t\t\t\t\t\t<div class=\"elementor-container elementor-column-gap-default\">\n\t\t\t\t\t<div class=\"elementor-column elementor-col-50 elementor-inner-column elementor-element elementor-element-7ffae1f\" data-id=\"7ffae1f\" data-element_type=\"column\" data-e-type=\"column\">\n\t\t\t<div class=\"elementor-widget-wrap\">\n\t\t\t\t\t\t\t<\/div>\n\t\t<\/div>\n\t\t\t\t<div class=\"elementor-column elementor-col-50 elementor-inner-column elementor-element elementor-element-9b2e330\" data-id=\"9b2e330\" data-element_type=\"column\" data-e-type=\"column\">\n\t\t\t<div class=\"elementor-widget-wrap elementor-element-populated\">\n\t\t\t\t\t\t<div class=\"elementor-element elementor-element-6e62025 elementor-invisible elementor-widget elementor-widget-image\" data-id=\"6e62025\" data-element_type=\"widget\" data-e-type=\"widget\" data-settings=\"{&quot;_animation&quot;:&quot;fadeInLeft&quot;}\" data-widget_type=\"image.default\">\n\t\t\t\t<div class=\"elementor-widget-container\">\n\t\t\t\t\t\t\t\t\t\t\t\t\t\t\t\t<a href=\"http:\/\/kimberl\">\n\t\t\t\t\t\t\t<img fetchpriority=\"high\" decoding=\"async\" width=\"682\" height=\"1024\" src=\"https:\/\/www.uartes.edu.ec\/sitio\/preliminar\/wp-content\/uploads\/sites\/17\/2021\/03\/WhatsApp-Image-2021-03-23-at-16.37.44-682x1024.jpeg\" class=\"attachment-large size-large wp-image-1554\" alt=\"\" srcset=\"https:\/\/www.uartes.edu.ec\/sitio\/preliminar\/wp-content\/uploads\/sites\/17\/2021\/03\/WhatsApp-Image-2021-03-23-at-16.37.44-682x1024.jpeg 682w, https:\/\/www.uartes.edu.ec\/sitio\/preliminar\/wp-content\/uploads\/sites\/17\/2021\/03\/WhatsApp-Image-2021-03-23-at-16.37.44-200x300.jpeg 200w, https:\/\/www.uartes.edu.ec\/sitio\/preliminar\/wp-content\/uploads\/sites\/17\/2021\/03\/WhatsApp-Image-2021-03-23-at-16.37.44-768x1152.jpeg 768w, https:\/\/www.uartes.edu.ec\/sitio\/preliminar\/wp-content\/uploads\/sites\/17\/2021\/03\/WhatsApp-Image-2021-03-23-at-16.37.44-600x900.jpeg 600w, https:\/\/www.uartes.edu.ec\/sitio\/preliminar\/wp-content\/uploads\/sites\/17\/2021\/03\/WhatsApp-Image-2021-03-23-at-16.37.44.jpeg 853w\" sizes=\"(max-width: 682px) 100vw, 682px\" \/>\t\t\t\t\t\t\t\t<\/a>\n\t\t\t\t\t\t\t\t\t\t\t\t\t\t\t<\/div>\n\t\t\t\t<\/div>\n\t\t\t\t\t<\/div>\n\t\t<\/div>\n\t\t\t\t\t<\/div>\n\t\t<\/section>\n\t\t\t\t\t<\/div>\n\t\t<\/div>\n\t\t\t\t<div class=\"elementor-column elementor-col-50 elementor-top-column elementor-element elementor-element-cd59ca8 elementor-invisible\" data-id=\"cd59ca8\" data-element_type=\"column\" data-e-type=\"column\" data-settings=\"{&quot;animation&quot;:&quot;fadeInRight&quot;}\">\n\t\t\t<div class=\"elementor-widget-wrap elementor-element-populated\">\n\t\t\t\t\t\t<div class=\"elementor-element elementor-element-2eedbdf animated-slow elementor-invisible elementor-widget elementor-widget-heading\" data-id=\"2eedbdf\" data-element_type=\"widget\" data-e-type=\"widget\" data-settings=\"{&quot;_animation&quot;:&quot;fadeIn&quot;}\" data-widget_type=\"heading.default\">\n\t\t\t\t<div class=\"elementor-widget-container\">\n\t\t\t\t\t<h1 class=\"elementor-heading-title elementor-size-default\">Kimberly Yagual<\/h1>\t\t\t\t<\/div>\n\t\t\t\t<\/div>\n\t\t\t\t<div class=\"elementor-element elementor-element-b9602ae animated-slow elementor-invisible elementor-widget elementor-widget-heading\" data-id=\"b9602ae\" data-element_type=\"widget\" data-e-type=\"widget\" data-settings=\"{&quot;_animation&quot;:&quot;fadeIn&quot;}\" data-widget_type=\"heading.default\">\n\t\t\t\t<div class=\"elementor-widget-container\">\n\t\t\t\t\t<h3 class=\"elementor-heading-title elementor-size-default\">Diagramadora<\/h3>\t\t\t\t<\/div>\n\t\t\t\t<\/div>\n\t\t\t\t<div class=\"elementor-element elementor-element-960f18c elementor-invisible elementor-widget elementor-widget-text-editor\" data-id=\"960f18c\" data-element_type=\"widget\" data-e-type=\"widget\" data-settings=\"{&quot;_animation&quot;:&quot;fadeIn&quot;}\" data-widget_type=\"text-editor.default\">\n\t\t\t\t<div class=\"elementor-widget-container\">\n\t\t\t\t\t\t\t\t\t<p>Guayaquil- Ecuador (1995). Estudiante de artes visuales en la Universidad de las Artes del itinerario de Creaci\u00f3n e Investigaci\u00f3n Pict\u00f3rica. Ha participado en exposiciones colectivas de diversas \u00edndoles tales como: Exposici\u00f3n pict\u00f3rica \u201cLos Maestros y sus disc\u00edpulos\u201d (Museo LANN, 2014), Bienal de grabado (MAAC, 2017) Exposici\u00f3n colectiva de fotograf\u00eda (El Tel\u00e9grafo, 2018), Muestra de <em>Proyectos, creaci\u00f3n y pensamiento<\/em> (MZ14, 2019), Muestra de <em>Proyectos y procesos del arte I<\/em> (Galer\u00eda \u201cEl Garaje\u201d, 2019), FAAL 2019 (MUMG, 2019), Exposici\u00f3n de artes visuales \u201cBien Putas\u201d (Edificio T\u00e1bara, 2020), Exposici\u00f3n pict\u00f3rica \u201cLos Experimentales\u201d (instalaciones del MAAC, sal\u00f3n 103, 2020), Muestra colectiva de pintura contempor\u00e1nea \u201cSe me va y viene\u201d(Espacio expositivo <em>Piso 3<\/em>, 2021) y en la muestra colectiva de arte \u201cRetratando Sobrevivir\u201d (MAAC, 2021). Present\u00f3 su proceso art\u00edstico en el espacio cultural \u201cPolicrom\u00edas\u201d producido por <em>Jash\u00eds Cultural<\/em> (2020). Obtuvo un premio material y una menci\u00f3n honor\u00edfica en el proyecto colectivo de arte \u201cRetratando Sobrevivir\u201d<em>.<\/em> Colabor\u00f3 en la propuesta visual para el afiche del <em>XIII Encuentro Internacional de Danza \u201cFragmentos De Junio\u201d<\/em> para <em>Zona Escena<\/em> (2015), con ilustraciones para el libro colectivo <em>Nacido y Criado. Tentativas para entrar al barrio Cuba<\/em> (2018) y para el <em>Libro de las Flores<\/em> del Bosque Protector La Prosperina de la Espol (2020).<\/p>\t\t\t\t\t\t\t\t<\/div>\n\t\t\t\t<\/div>\n\t\t\t\t\t<\/div>\n\t\t<\/div>\n\t\t\t\t\t<\/div>\n\t\t<\/section>\n\t\t\t\t<\/div>\n\t\t","protected":false},"excerpt":{"rendered":"<p class=\"excerpt\">Kimberly Yagual Diagramadora Guayaquil- Ecuador (1995). Estudiante de artes visuales en la Universidad de las Artes del itinerario de Creaci\u00f3n e Investigaci\u00f3n Pict\u00f3rica. Ha participado en exposiciones colectivas de diversas \u00edndoles tales como: Exposici\u00f3n pict\u00f3rica \u201cLos Maestros y sus disc\u00edpulos\u201d (Museo LANN, 2014), Bienal de grabado (MAAC, 2017) Exposici\u00f3n colectiva de fotograf\u00eda (El Tel\u00e9grafo, 2018), [&hellip;]<\/p>\n","protected":false},"author":16,"featured_media":0,"comment_status":"closed","ping_status":"closed","sticky":false,"template":"template-blank.php","format":"standard","meta":{"_uag_custom_page_level_css":"","_monsterinsights_skip_tracking":false,"_monsterinsights_sitenote_active":false,"_monsterinsights_sitenote_note":"","_monsterinsights_sitenote_category":0,"cybocfi_hide_featured_image":"","footnotes":""},"categories":[1],"tags":[],"tnc_tax_2229":[],"class_list":["post-1719","post","type-post","status-publish","format-standard","hentry","category-sin-categoria"],"uagb_featured_image_src":{"full":false,"thumbnail":false,"medium":false,"medium_large":false,"large":false,"1536x1536":false,"2048x2048":false,"tainacan-small":false,"tainacan-medium":false,"tainacan-medium-full":false,"tainacan-large-full":false,"layers-square-large":false,"layers-portrait-large":false,"layers-landscape-large":false,"layers-square-medium":false,"layers-portrait-medium":false,"layers-landscape-medium":false},"uagb_author_info":{"display_name":"","author_link":"https:\/\/www.uartes.edu.ec\/sitio\/preliminar\/author\/"},"uagb_comment_info":0,"uagb_excerpt":"Kimberly Yagual Diagramadora Guayaquil- Ecuador (1995). Estudiante de artes visuales en la Universidad de las Artes del itinerario de Creaci\u00f3n e Investigaci\u00f3n Pict\u00f3rica. Ha participado en exposiciones colectivas de diversas \u00edndoles tales como: Exposici\u00f3n pict\u00f3rica \u201cLos Maestros y sus disc\u00edpulos\u201d (Museo LANN, 2014), Bienal de grabado (MAAC, 2017) Exposici\u00f3n colectiva de fotograf\u00eda (El Tel\u00e9grafo, 2018),&hellip;","distributor_meta":false,"distributor_terms":false,"distributor_media":false,"distributor_original_site_name":"Preliminar","distributor_original_site_url":"https:\/\/www.uartes.edu.ec\/sitio\/preliminar","push-errors":false,"_links":{"self":[{"href":"https:\/\/www.uartes.edu.ec\/sitio\/preliminar\/wp-json\/wp\/v2\/posts\/1719","targetHints":{"allow":["GET"]}}],"collection":[{"href":"https:\/\/www.uartes.edu.ec\/sitio\/preliminar\/wp-json\/wp\/v2\/posts"}],"about":[{"href":"https:\/\/www.uartes.edu.ec\/sitio\/preliminar\/wp-json\/wp\/v2\/types\/post"}],"author":[{"embeddable":true,"href":"https:\/\/www.uartes.edu.ec\/sitio\/preliminar\/wp-json\/wp\/v2\/users\/16"}],"replies":[{"embeddable":true,"href":"https:\/\/www.uartes.edu.ec\/sitio\/preliminar\/wp-json\/wp\/v2\/comments?post=1719"}],"version-history":[{"count":7,"href":"https:\/\/www.uartes.edu.ec\/sitio\/preliminar\/wp-json\/wp\/v2\/posts\/1719\/revisions"}],"predecessor-version":[{"id":1726,"href":"https:\/\/www.uartes.edu.ec\/sitio\/preliminar\/wp-json\/wp\/v2\/posts\/1719\/revisions\/1726"}],"wp:attachment":[{"href":"https:\/\/www.uartes.edu.ec\/sitio\/preliminar\/wp-json\/wp\/v2\/media?parent=1719"}],"wp:term":[{"taxonomy":"category","embeddable":true,"href":"https:\/\/www.uartes.edu.ec\/sitio\/preliminar\/wp-json\/wp\/v2\/categories?post=1719"},{"taxonomy":"post_tag","embeddable":true,"href":"https:\/\/www.uartes.edu.ec\/sitio\/preliminar\/wp-json\/wp\/v2\/tags?post=1719"},{"taxonomy":"tnc_tax_2229","embeddable":true,"href":"https:\/\/www.uartes.edu.ec\/sitio\/preliminar\/wp-json\/wp\/v2\/tnc_tax_2229?post=1719"}],"curies":[{"name":"wp","href":"https:\/\/api.w.org\/{rel}","templated":true}]}}