{"id":2143,"date":"2022-02-03T14:14:21","date_gmt":"2022-02-03T19:14:21","guid":{"rendered":"http:\/\/www.uartes.edu.ec\/sitio\/preliminar\/?p=2143"},"modified":"2022-02-03T14:28:46","modified_gmt":"2022-02-03T19:28:46","slug":"convocatoria-abierta-de-preliminar-cuadernos-de-trabajo-coleccion-estudiantes-y-docentes","status":"publish","type":"post","link":"https:\/\/www.uartes.edu.ec\/sitio\/preliminar\/convocatoria-abierta-de-preliminar-cuadernos-de-trabajo-coleccion-estudiantes-y-docentes\/","title":{"rendered":"Convocatoria abierta de Preliminar, Cuadernos de Trabajo: colecci\u00f3n estudiantes y docentes"},"content":{"rendered":"\t\t<div data-elementor-type=\"wp-post\" data-elementor-id=\"2143\" class=\"elementor elementor-2143\" data-elementor-post-type=\"post\">\n\t\t\t\t\t\t<section class=\"elementor-section elementor-top-section elementor-element elementor-element-e5b150f elementor-section-boxed elementor-section-height-default elementor-section-height-default\" data-id=\"e5b150f\" data-element_type=\"section\" data-e-type=\"section\">\n\t\t\t\t\t\t<div class=\"elementor-container elementor-column-gap-default\">\n\t\t\t\t\t<div class=\"elementor-column elementor-col-100 elementor-top-column elementor-element elementor-element-e9b6c6c\" data-id=\"e9b6c6c\" data-element_type=\"column\" data-e-type=\"column\">\n\t\t\t<div class=\"elementor-widget-wrap elementor-element-populated\">\n\t\t\t\t\t\t<div class=\"elementor-element elementor-element-83f39a0 elementor-widget elementor-widget-text-editor\" data-id=\"83f39a0\" data-element_type=\"widget\" data-e-type=\"widget\" data-widget_type=\"text-editor.default\">\n\t\t\t\t<div class=\"elementor-widget-container\">\n\t\t\t\t\t\t\t\t\t3 de febrero de 2022\t\t\t\t\t\t\t\t<\/div>\n\t\t\t\t<\/div>\n\t\t\t\t<div class=\"elementor-element elementor-element-002d6e0 elementor-widget elementor-widget-heading\" data-id=\"002d6e0\" data-element_type=\"widget\" data-e-type=\"widget\" data-widget_type=\"heading.default\">\n\t\t\t\t<div class=\"elementor-widget-container\">\n\t\t\t\t\t<h2 class=\"elementor-heading-title elementor-size-large\">Convocatoria abierta de Preliminar, Cuadernos de Trabajo: colecci\u00f3n estudiantes y docentes<\/h2>\t\t\t\t<\/div>\n\t\t\t\t<\/div>\n\t\t\t\t<div class=\"elementor-element elementor-element-78c54e7 elementor-widget elementor-widget-spacer\" data-id=\"78c54e7\" data-element_type=\"widget\" data-e-type=\"widget\" data-widget_type=\"spacer.default\">\n\t\t\t\t<div class=\"elementor-widget-container\">\n\t\t\t\t\t\t\t<div class=\"elementor-spacer\">\n\t\t\t<div class=\"elementor-spacer-inner\"><\/div>\n\t\t<\/div>\n\t\t\t\t\t\t<\/div>\n\t\t\t\t<\/div>\n\t\t\t\t<div class=\"elementor-element elementor-element-838587e elementor-widget elementor-widget-image\" data-id=\"838587e\" data-element_type=\"widget\" data-e-type=\"widget\" data-widget_type=\"image.default\">\n\t\t\t\t<div class=\"elementor-widget-container\">\n\t\t\t\t\t\t\t\t\t\t\t\t\t\t\t<img fetchpriority=\"high\" decoding=\"async\" width=\"1024\" height=\"682\" src=\"https:\/\/www.uartes.edu.ec\/sitio\/preliminar\/wp-content\/uploads\/sites\/17\/2022\/02\/Convocatoria-abierta-Preliminar.jpeg\" class=\"attachment-large size-large wp-image-2144\" alt=\"\" srcset=\"https:\/\/www.uartes.edu.ec\/sitio\/preliminar\/wp-content\/uploads\/sites\/17\/2022\/02\/Convocatoria-abierta-Preliminar.jpeg 1024w, https:\/\/www.uartes.edu.ec\/sitio\/preliminar\/wp-content\/uploads\/sites\/17\/2022\/02\/Convocatoria-abierta-Preliminar-300x200.jpeg 300w, https:\/\/www.uartes.edu.ec\/sitio\/preliminar\/wp-content\/uploads\/sites\/17\/2022\/02\/Convocatoria-abierta-Preliminar-768x512.jpeg 768w, https:\/\/www.uartes.edu.ec\/sitio\/preliminar\/wp-content\/uploads\/sites\/17\/2022\/02\/Convocatoria-abierta-Preliminar-600x400.jpeg 600w, https:\/\/www.uartes.edu.ec\/sitio\/preliminar\/wp-content\/uploads\/sites\/17\/2022\/02\/Convocatoria-abierta-Preliminar-272x182.jpeg 272w\" sizes=\"(max-width: 1024px) 100vw, 1024px\" \/>\t\t\t\t\t\t\t\t\t\t\t\t\t\t\t<\/div>\n\t\t\t\t<\/div>\n\t\t\t\t<div class=\"elementor-element elementor-element-c84256f elementor-widget elementor-widget-spacer\" data-id=\"c84256f\" data-element_type=\"widget\" data-e-type=\"widget\" data-widget_type=\"spacer.default\">\n\t\t\t\t<div class=\"elementor-widget-container\">\n\t\t\t\t\t\t\t<div class=\"elementor-spacer\">\n\t\t\t<div class=\"elementor-spacer-inner\"><\/div>\n\t\t<\/div>\n\t\t\t\t\t\t<\/div>\n\t\t\t\t<\/div>\n\t\t\t\t<div class=\"elementor-element elementor-element-bee4a54 elementor-tabs-view-vertical elementor-widget elementor-widget-tabs\" data-id=\"bee4a54\" data-element_type=\"widget\" data-e-type=\"widget\" data-widget_type=\"tabs.default\">\n\t\t\t\t<div class=\"elementor-widget-container\">\n\t\t\t\t\t\t\t<div class=\"elementor-tabs\">\n\t\t\t<div class=\"elementor-tabs-wrapper\" role=\"tablist\" >\n\t\t\t\t\t\t\t\t\t<div id=\"elementor-tab-title-2001\" class=\"elementor-tab-title elementor-tab-desktop-title\" aria-selected=\"true\" data-tab=\"1\" role=\"tab\" tabindex=\"0\" aria-controls=\"elementor-tab-content-2001\" aria-expanded=\"false\">Descripci\u00f3n<\/div>\n\t\t\t\t\t\t\t\t\t<div id=\"elementor-tab-title-2002\" class=\"elementor-tab-title elementor-tab-desktop-title\" aria-selected=\"false\" data-tab=\"2\" role=\"tab\" tabindex=\"-1\" aria-controls=\"elementor-tab-content-2002\" aria-expanded=\"false\">Dirigido a<\/div>\n\t\t\t\t\t\t\t\t\t<div id=\"elementor-tab-title-2003\" class=\"elementor-tab-title elementor-tab-desktop-title\" aria-selected=\"false\" data-tab=\"3\" role=\"tab\" tabindex=\"-1\" aria-controls=\"elementor-tab-content-2003\" aria-expanded=\"false\">Fechas de la convocatoria<\/div>\n\t\t\t\t\t\t\t\t\t<div id=\"elementor-tab-title-2004\" class=\"elementor-tab-title elementor-tab-desktop-title\" aria-selected=\"false\" data-tab=\"4\" role=\"tab\" tabindex=\"-1\" aria-controls=\"elementor-tab-content-2004\" aria-expanded=\"false\">Postula aqu\u00ed<\/div>\n\t\t\t\t\t\t\t\t\t<div id=\"elementor-tab-title-2005\" class=\"elementor-tab-title elementor-tab-desktop-title\" aria-selected=\"false\" data-tab=\"5\" role=\"tab\" tabindex=\"-1\" aria-controls=\"elementor-tab-content-2005\" aria-expanded=\"false\">Bases de postulaci\u00f3n<\/div>\n\t\t\t\t\t\t\t\t\t<div id=\"elementor-tab-title-2006\" class=\"elementor-tab-title elementor-tab-desktop-title\" aria-selected=\"false\" data-tab=\"6\" role=\"tab\" tabindex=\"-1\" aria-controls=\"elementor-tab-content-2006\" aria-expanded=\"false\">Documentos de postulaci\u00f3n<\/div>\n\t\t\t\t\t\t\t<\/div>\n\t\t\t<div class=\"elementor-tabs-content-wrapper\" role=\"tablist\" aria-orientation=\"vertical\">\n\t\t\t\t\t\t\t\t\t<div class=\"elementor-tab-title elementor-tab-mobile-title\" aria-selected=\"true\" data-tab=\"1\" role=\"tab\" tabindex=\"0\" aria-controls=\"elementor-tab-content-2001\" aria-expanded=\"false\">Descripci\u00f3n<\/div>\n\t\t\t\t\t<div id=\"elementor-tab-content-2001\" class=\"elementor-tab-content elementor-clearfix\" data-tab=\"1\" role=\"tabpanel\" aria-labelledby=\"elementor-tab-title-2001\" tabindex=\"0\" hidden=\"false\"><p>Preliminar: cuadernos de trabajo es una colecci\u00f3n digital del ILIA que busca recopilar documentos de texto y proyectos art\u00edsticos de los\/as estudiantes de la UArtes (pregrado, postgrado, egresados y graduados), a trav\u00e9s de colecciones de estudiantes y colecciones curadas por docentes.<\/p><\/div>\n\t\t\t\t\t\t\t\t\t<div class=\"elementor-tab-title elementor-tab-mobile-title\" aria-selected=\"false\" data-tab=\"2\" role=\"tab\" tabindex=\"-1\" aria-controls=\"elementor-tab-content-2002\" aria-expanded=\"false\">Dirigido a<\/div>\n\t\t\t\t\t<div id=\"elementor-tab-content-2002\" class=\"elementor-tab-content elementor-clearfix\" data-tab=\"2\" role=\"tabpanel\" aria-labelledby=\"elementor-tab-title-2002\" tabindex=\"0\" hidden=\"hidden\"><p>Estudiantes (pregrado y posgrado), egresados, graduados y docentes de la Universidad de las Artes.<\/p><\/div>\n\t\t\t\t\t\t\t\t\t<div class=\"elementor-tab-title elementor-tab-mobile-title\" aria-selected=\"false\" data-tab=\"3\" role=\"tab\" tabindex=\"-1\" aria-controls=\"elementor-tab-content-2003\" aria-expanded=\"false\">Fechas de la convocatoria<\/div>\n\t\t\t\t\t<div id=\"elementor-tab-content-2003\" class=\"elementor-tab-content elementor-clearfix\" data-tab=\"3\" role=\"tabpanel\" aria-labelledby=\"elementor-tab-title-2003\" tabindex=\"0\" hidden=\"hidden\"><p>La convocatoria se mantendr\u00e1 abierta permanentemente, de modo que el env\u00edo de los textos puede realizarse en cualquier fecha. El inicio del proceso de edici\u00f3n comenzar\u00e1 una vez que el equipo editorial de Preliminar considere que se han recibido suficientes trabajos para un nuevo n\u00famero.\u00a0<\/p><\/div>\n\t\t\t\t\t\t\t\t\t<div class=\"elementor-tab-title elementor-tab-mobile-title\" aria-selected=\"false\" data-tab=\"4\" role=\"tab\" tabindex=\"-1\" aria-controls=\"elementor-tab-content-2004\" aria-expanded=\"false\">Postula aqu\u00ed<\/div>\n\t\t\t\t\t<div id=\"elementor-tab-content-2004\" class=\"elementor-tab-content elementor-clearfix\" data-tab=\"4\" role=\"tabpanel\" aria-labelledby=\"elementor-tab-title-2004\" tabindex=\"0\" hidden=\"hidden\"><p>Llena la ficha de inscripci\u00f3n seg\u00fan aplique:<\/p><ul><li>Colecci\u00f3n estudiantes: <a href=\"https:\/\/forms.office.com\/r\/JLr8diasCy\">https:\/\/forms.office.com\/r\/JLr8diasCy<\/a><\/li><li>Colecci\u00f3n docentes: <a href=\"https:\/\/forms.office.com\/r\/QUvyuFRkQK\">https:\/\/forms.office.com\/r\/QUvyuFRkQK<\/a><\/li><\/ul><\/div>\n\t\t\t\t\t\t\t\t\t<div class=\"elementor-tab-title elementor-tab-mobile-title\" aria-selected=\"false\" data-tab=\"5\" role=\"tab\" tabindex=\"-1\" aria-controls=\"elementor-tab-content-2005\" aria-expanded=\"false\">Bases de postulaci\u00f3n<\/div>\n\t\t\t\t\t<div id=\"elementor-tab-content-2005\" class=\"elementor-tab-content elementor-clearfix\" data-tab=\"5\" role=\"tabpanel\" aria-labelledby=\"elementor-tab-title-2005\" tabindex=\"0\" hidden=\"hidden\"><ul><li>Descarga las bases de postulaci\u00f3n para manuscritos de Estudiantes <a href=\"http:\/\/www.uartes.edu.ec\/sitio\/preliminar\/wp-content\/uploads\/sites\/17\/2021\/05\/Bases-de-convocatoria-manuscritos.pdf\">aqu\u00ed<\/a>.<\/li><li>Descarga las bases de postulaci\u00f3n de propuestas de Estudiantes en otros formatos <a href=\"http:\/\/www.uartes.edu.ec\/sitio\/preliminar\/wp-content\/uploads\/sites\/17\/2021\/05\/Base-de-convocatoria-otros-formatos.pdf\">aqu\u00ed<\/a>.<\/li><li>Descarga las bases de postulaci\u00f3n para Docentes <a href=\"http:\/\/www.uartes.edu.ec\/sitio\/preliminar\/wp-content\/uploads\/sites\/17\/2021\/05\/Bases-de-postulacion-para-docentes.pdf\">aqu\u00ed<\/a>.<\/li><\/ul><\/div>\n\t\t\t\t\t\t\t\t\t<div class=\"elementor-tab-title elementor-tab-mobile-title\" aria-selected=\"false\" data-tab=\"6\" role=\"tab\" tabindex=\"-1\" aria-controls=\"elementor-tab-content-2006\" aria-expanded=\"false\">Documentos de postulaci\u00f3n<\/div>\n\t\t\t\t\t<div id=\"elementor-tab-content-2006\" class=\"elementor-tab-content elementor-clearfix\" data-tab=\"6\" role=\"tabpanel\" aria-labelledby=\"elementor-tab-title-2006\" tabindex=\"0\" hidden=\"hidden\"><ul><li>Descarga la plantilla Preliminar para manuscritos <a href=\"http:\/\/www.uartes.edu.ec\/sitio\/preliminar\/wp-content\/uploads\/sites\/17\/2021\/05\/Plantilla-Preliminar-manuscritos.doc\">aqu\u00ed<\/a>.<\/li><li>Descarga la plantilla para justificaci\u00f3n de obras en otros formatos <a href=\"http:\/\/www.uartes.edu.ec\/sitio\/preliminar\/wp-content\/uploads\/sites\/17\/2021\/07\/Plantilla-Preliminar-otros-formatos.doc\">aqu\u00ed<\/a>.<\/li><li>Descarga la carta aval y de postulaci\u00f3n <a href=\"http:\/\/www.uartes.edu.ec\/sitio\/preliminar\/wp-content\/uploads\/sites\/17\/2021\/05\/Carta-de-postulacion-aval-Preliminar.docx\">aqu\u00ed<\/a>.<\/li><li>Descarga el documento de recomendaciones generales para la escritura de manuscritos o justificaciones de obras en otros formatos <a href=\"http:\/\/www.uartes.edu.ec\/sitio\/preliminar\/wp-content\/uploads\/sites\/17\/2021\/05\/Recomendaciones-generales-para-la-elaboracion-de-manuscritos-y-otros-formatos.docx\">aqu\u00ed<\/a>.<\/li><\/ul><\/div>\n\t\t\t\t\t\t\t<\/div>\n\t\t<\/div>\n\t\t\t\t\t\t<\/div>\n\t\t\t\t<\/div>\n\t\t\t\t\t<\/div>\n\t\t<\/div>\n\t\t\t\t\t<\/div>\n\t\t<\/section>\n\t\t\t\t<\/div>\n\t\t","protected":false},"excerpt":{"rendered":"<p class=\"excerpt\">Descripci\u00f3n Dirigido a Fechas de la convocatoria Postula aqu\u00ed Bases de postulaci\u00f3n Documentos de postulaci\u00f3n Descripci\u00f3n Preliminar: cuadernos de trabajo es una colecci\u00f3n digital del ILIA que busca recopilar documentos de texto y proyectos art\u00edsticos de los\/as estudiantes de la UArtes (pregrado, postgrado, egresados y graduados), a trav\u00e9s de colecciones de estudiantes y colecciones curadas [&hellip;]<\/p>\n","protected":false},"author":1,"featured_media":2144,"comment_status":"open","ping_status":"open","sticky":false,"template":"template-blank.php","format":"standard","meta":{"_uag_custom_page_level_css":"","_monsterinsights_skip_tracking":false,"_monsterinsights_sitenote_active":false,"_monsterinsights_sitenote_note":"","_monsterinsights_sitenote_category":0,"cybocfi_hide_featured_image":"","footnotes":""},"categories":[128],"tags":[],"tnc_tax_2229":[],"class_list":["post-2143","post","type-post","status-publish","format-standard","has-post-thumbnail","hentry","category-convocatorias"],"uagb_featured_image_src":{"full":["https:\/\/www.uartes.edu.ec\/sitio\/preliminar\/wp-content\/uploads\/sites\/17\/2022\/02\/Convocatoria-abierta-Preliminar.jpeg",1024,682,false],"thumbnail":["https:\/\/www.uartes.edu.ec\/sitio\/preliminar\/wp-content\/uploads\/sites\/17\/2022\/02\/Convocatoria-abierta-Preliminar-150x150.jpeg",150,150,true],"medium":["https:\/\/www.uartes.edu.ec\/sitio\/preliminar\/wp-content\/uploads\/sites\/17\/2022\/02\/Convocatoria-abierta-Preliminar-300x200.jpeg",300,200,true],"medium_large":["https:\/\/www.uartes.edu.ec\/sitio\/preliminar\/wp-content\/uploads\/sites\/17\/2022\/02\/Convocatoria-abierta-Preliminar-768x512.jpeg",768,512,true],"large":["https:\/\/www.uartes.edu.ec\/sitio\/preliminar\/wp-content\/uploads\/sites\/17\/2022\/02\/Convocatoria-abierta-Preliminar.jpeg",1024,682,false],"1536x1536":["https:\/\/www.uartes.edu.ec\/sitio\/preliminar\/wp-content\/uploads\/sites\/17\/2022\/02\/Convocatoria-abierta-Preliminar.jpeg",1024,682,false],"2048x2048":["https:\/\/www.uartes.edu.ec\/sitio\/preliminar\/wp-content\/uploads\/sites\/17\/2022\/02\/Convocatoria-abierta-Preliminar.jpeg",1024,682,false],"tainacan-small":["https:\/\/www.uartes.edu.ec\/sitio\/preliminar\/wp-content\/uploads\/sites\/17\/2022\/02\/Convocatoria-abierta-Preliminar.jpeg",40,27,false],"tainacan-medium":["https:\/\/www.uartes.edu.ec\/sitio\/preliminar\/wp-content\/uploads\/sites\/17\/2022\/02\/Convocatoria-abierta-Preliminar.jpeg",275,183,false],"tainacan-medium-full":["https:\/\/www.uartes.edu.ec\/sitio\/preliminar\/wp-content\/uploads\/sites\/17\/2022\/02\/Convocatoria-abierta-Preliminar.jpeg",205,137,false],"tainacan-large-full":["https:\/\/www.uartes.edu.ec\/sitio\/preliminar\/wp-content\/uploads\/sites\/17\/2022\/02\/Convocatoria-abierta-Preliminar.jpeg",480,320,false],"layers-square-large":["https:\/\/www.uartes.edu.ec\/sitio\/preliminar\/wp-content\/uploads\/sites\/17\/2022\/02\/Convocatoria-abierta-Preliminar-1000x682.jpeg",1000,682,true],"layers-portrait-large":["https:\/\/www.uartes.edu.ec\/sitio\/preliminar\/wp-content\/uploads\/sites\/17\/2022\/02\/Convocatoria-abierta-Preliminar-720x682.jpeg",720,682,true],"layers-landscape-large":["https:\/\/www.uartes.edu.ec\/sitio\/preliminar\/wp-content\/uploads\/sites\/17\/2022\/02\/Convocatoria-abierta-Preliminar-1000x682.jpeg",1000,682,true],"layers-square-medium":["https:\/\/www.uartes.edu.ec\/sitio\/preliminar\/wp-content\/uploads\/sites\/17\/2022\/02\/Convocatoria-abierta-Preliminar-480x480.jpeg",480,480,true],"layers-portrait-medium":["https:\/\/www.uartes.edu.ec\/sitio\/preliminar\/wp-content\/uploads\/sites\/17\/2022\/02\/Convocatoria-abierta-Preliminar-340x480.jpeg",340,480,true],"layers-landscape-medium":["https:\/\/www.uartes.edu.ec\/sitio\/preliminar\/wp-content\/uploads\/sites\/17\/2022\/02\/Convocatoria-abierta-Preliminar-480x340.jpeg",480,340,true]},"uagb_author_info":{"display_name":"Universidad de las Artes","author_link":"https:\/\/www.uartes.edu.ec\/sitio\/preliminar\/author\/dircomadm\/"},"uagb_comment_info":0,"uagb_excerpt":"Descripci\u00f3n Dirigido a Fechas de la convocatoria Postula aqu\u00ed Bases de postulaci\u00f3n Documentos de postulaci\u00f3n Descripci\u00f3n Preliminar: cuadernos de trabajo es una colecci\u00f3n digital del ILIA que busca recopilar documentos de texto y proyectos art\u00edsticos de los\/as estudiantes de la UArtes (pregrado, postgrado, egresados y graduados), a trav\u00e9s de colecciones de estudiantes y colecciones curadas&hellip;","distributor_meta":false,"distributor_terms":false,"distributor_media":false,"distributor_original_site_name":"Preliminar","distributor_original_site_url":"https:\/\/www.uartes.edu.ec\/sitio\/preliminar","push-errors":false,"_links":{"self":[{"href":"https:\/\/www.uartes.edu.ec\/sitio\/preliminar\/wp-json\/wp\/v2\/posts\/2143","targetHints":{"allow":["GET"]}}],"collection":[{"href":"https:\/\/www.uartes.edu.ec\/sitio\/preliminar\/wp-json\/wp\/v2\/posts"}],"about":[{"href":"https:\/\/www.uartes.edu.ec\/sitio\/preliminar\/wp-json\/wp\/v2\/types\/post"}],"author":[{"embeddable":true,"href":"https:\/\/www.uartes.edu.ec\/sitio\/preliminar\/wp-json\/wp\/v2\/users\/1"}],"replies":[{"embeddable":true,"href":"https:\/\/www.uartes.edu.ec\/sitio\/preliminar\/wp-json\/wp\/v2\/comments?post=2143"}],"version-history":[{"count":9,"href":"https:\/\/www.uartes.edu.ec\/sitio\/preliminar\/wp-json\/wp\/v2\/posts\/2143\/revisions"}],"predecessor-version":[{"id":2155,"href":"https:\/\/www.uartes.edu.ec\/sitio\/preliminar\/wp-json\/wp\/v2\/posts\/2143\/revisions\/2155"}],"wp:featuredmedia":[{"embeddable":true,"href":"https:\/\/www.uartes.edu.ec\/sitio\/preliminar\/wp-json\/wp\/v2\/media\/2144"}],"wp:attachment":[{"href":"https:\/\/www.uartes.edu.ec\/sitio\/preliminar\/wp-json\/wp\/v2\/media?parent=2143"}],"wp:term":[{"taxonomy":"category","embeddable":true,"href":"https:\/\/www.uartes.edu.ec\/sitio\/preliminar\/wp-json\/wp\/v2\/categories?post=2143"},{"taxonomy":"post_tag","embeddable":true,"href":"https:\/\/www.uartes.edu.ec\/sitio\/preliminar\/wp-json\/wp\/v2\/tags?post=2143"},{"taxonomy":"tnc_tax_2229","embeddable":true,"href":"https:\/\/www.uartes.edu.ec\/sitio\/preliminar\/wp-json\/wp\/v2\/tnc_tax_2229?post=2143"}],"curies":[{"name":"wp","href":"https:\/\/api.w.org\/{rel}","templated":true}]}}