{"id":373,"date":"2020-05-21T18:08:27","date_gmt":"2020-05-21T18:08:27","guid":{"rendered":"http:\/\/localhost\/pre-liminar\/?p=373"},"modified":"2021-04-06T16:58:22","modified_gmt":"2021-04-06T21:58:22","slug":"elogio-afuera-propuesta-coreografica","status":"publish","type":"post","link":"http:\/\/www.uartes.edu.ec\/sitio\/preliminar\/elogio-afuera-propuesta-coreografica\/","title":{"rendered":"Elogio del afuera: propuesta coreogr\u00e1fica"},"content":{"rendered":"\n<figure class=\"wp-block-embed is-type-video is-provider-youtube wp-block-embed-youtube wp-embed-aspect-4-3 wp-has-aspect-ratio\"><div class=\"wp-block-embed__wrapper\">\n<iframe title=\"Elogio del afuera \u00b7 Tamia S\u00e1nchez\" width=\"1080\" height=\"810\" src=\"https:\/\/www.youtube.com\/embed\/2auJaoMeSdI?list=PLy9Rm1YE7QdTSgem3me756jXoHh8fyF0P\" frameborder=\"0\" allow=\"accelerometer; autoplay; clipboard-write; encrypted-media; gyroscope; picture-in-picture\" allowfullscreen><\/iframe>\n<\/div><\/figure>\n\n\n\n<h3 class=\"wp-block-heading\">Autor <\/h3>\n\n\n\n<p>Tamia S\u00e1nchez<\/p>\n\n\n\n<div class=\"wp-block-getwid-icon-box getwid-animation has-icon-right has-text-left\" data-animation=\"pulse\"><div class=\"wp-block-getwid-icon-box__icon-container is-position-top\"><a href=\"http:\/\/www.uartes.edu.ec\/sitio\/preliminar\/download\/elogio-del-afuera-propuesta-coreografica\/?wpdmdl=1572&amp;masterkey=605cb2dd8db63\" class=\"wp-block-getwid-icon-box__icon-wrapper\"><i class=\"far fa-arrow-alt-circle-down\"><\/i><\/a><\/div><div class=\"wp-block-getwid-icon-box__content\">\n<h3 class=\"wp-block-heading\">Resumen<\/h3>\n\n\n\n<p>Propuesta coreogr\u00e1fica donde la experiencia de habitar la ciudad de Guayaquil se expresa a trav\u00e9s del cuerpo. Mediante el movimiento se ponen en manifiesto interacciones propias de observaci\u00f3n, interpretaci\u00f3n, expresi\u00f3n y adaptaci\u00f3n de formas de pensar la realidad, de recuperar nuestra caracter\u00edstica inherente y sensible como seres creadores.<\/p>\n<\/div><\/div>\n\n\n\n<h3 class=\"wp-block-heading\"><strong>Palabras clave<\/strong><\/h3>\n\n\n\n<p>Danza, vida urbana, Guayaquil, afuera, naturaleza<\/p>\n\n\n\n<h3 class=\"wp-block-heading\"><strong>Fecha de publicaci\u00f3n<\/strong><\/h3>\n\n\n\n<p>2020<\/p>\n\n\n\n<h3 class=\"wp-block-heading\"><strong>Editorial<\/strong><\/h3>\n\n\n\n<p>Preliminar<\/p>\n\n\n\n<h3 class=\"wp-block-heading\"><strong>Citaci\u00f3n<\/strong><\/h3>\n\n\n\n<p>S\u00e1nchez, Tamia \u201cElogio del afuera: propuesta coreogr\u00e1fica\u201d. <em>Preliminar<\/em>, n.\u00b01 (2020).<\/p>\n","protected":false},"excerpt":{"rendered":"<p class=\"excerpt\">Autor: Tamia S\u00e1nchez.<\/p>\n","protected":false},"author":15,"featured_media":0,"comment_status":"closed","ping_status":"closed","sticky":false,"template":"","format":"standard","meta":{"_uag_custom_page_level_css":"","_monsterinsights_skip_tracking":false,"_monsterinsights_sitenote_active":false,"_monsterinsights_sitenote_note":"","_monsterinsights_sitenote_category":0,"cybocfi_hide_featured_image":"","footnotes":""},"categories":[88,94],"tags":[6,16,25,43,62],"tnc_tax_2229":[],"class_list":["post-373","post","type-post","status-publish","format-standard","hentry","category-estudiantes","category-video","tag-afuera","tag-danza","tag-guayaquil","tag-naturaleza","tag-vida-urbana"],"uagb_featured_image_src":{"full":false,"thumbnail":false,"medium":false,"medium_large":false,"large":false,"1536x1536":false,"2048x2048":false,"tainacan-small":false,"tainacan-medium":false,"tainacan-medium-full":false,"tainacan-large-full":false,"layers-square-large":false,"layers-portrait-large":false,"layers-landscape-large":false,"layers-square-medium":false,"layers-portrait-medium":false,"layers-landscape-medium":false},"uagb_author_info":{"display_name":"","author_link":"https:\/\/www.uartes.edu.ec\/sitio\/preliminar\/author\/"},"uagb_comment_info":0,"uagb_excerpt":"Autor: Tamia S\u00e1nchez.","distributor_meta":false,"distributor_terms":false,"distributor_media":false,"distributor_original_site_name":"Preliminar","distributor_original_site_url":"https:\/\/www.uartes.edu.ec\/sitio\/preliminar","push-errors":false,"_links":{"self":[{"href":"https:\/\/www.uartes.edu.ec\/sitio\/preliminar\/wp-json\/wp\/v2\/posts\/373","targetHints":{"allow":["GET"]}}],"collection":[{"href":"https:\/\/www.uartes.edu.ec\/sitio\/preliminar\/wp-json\/wp\/v2\/posts"}],"about":[{"href":"https:\/\/www.uartes.edu.ec\/sitio\/preliminar\/wp-json\/wp\/v2\/types\/post"}],"author":[{"embeddable":true,"href":"https:\/\/www.uartes.edu.ec\/sitio\/preliminar\/wp-json\/wp\/v2\/users\/15"}],"replies":[{"embeddable":true,"href":"https:\/\/www.uartes.edu.ec\/sitio\/preliminar\/wp-json\/wp\/v2\/comments?post=373"}],"version-history":[{"count":21,"href":"https:\/\/www.uartes.edu.ec\/sitio\/preliminar\/wp-json\/wp\/v2\/posts\/373\/revisions"}],"predecessor-version":[{"id":1780,"href":"https:\/\/www.uartes.edu.ec\/sitio\/preliminar\/wp-json\/wp\/v2\/posts\/373\/revisions\/1780"}],"wp:attachment":[{"href":"https:\/\/www.uartes.edu.ec\/sitio\/preliminar\/wp-json\/wp\/v2\/media?parent=373"}],"wp:term":[{"taxonomy":"category","embeddable":true,"href":"https:\/\/www.uartes.edu.ec\/sitio\/preliminar\/wp-json\/wp\/v2\/categories?post=373"},{"taxonomy":"post_tag","embeddable":true,"href":"https:\/\/www.uartes.edu.ec\/sitio\/preliminar\/wp-json\/wp\/v2\/tags?post=373"},{"taxonomy":"tnc_tax_2229","embeddable":true,"href":"https:\/\/www.uartes.edu.ec\/sitio\/preliminar\/wp-json\/wp\/v2\/tnc_tax_2229?post=373"}],"curies":[{"name":"wp","href":"https:\/\/api.w.org\/{rel}","templated":true}]}}