{"id":3997,"date":"2026-03-04T14:49:05","date_gmt":"2026-03-04T19:49:05","guid":{"rendered":"https:\/\/www.uartes.edu.ec\/sitio\/preliminar\/?p=3997"},"modified":"2026-03-04T14:49:18","modified_gmt":"2026-03-04T19:49:18","slug":"convocatoria-noctografias-escrituras-para-sostener-la-noche","status":"publish","type":"post","link":"http:\/\/www.uartes.edu.ec\/sitio\/preliminar\/convocatoria-noctografias-escrituras-para-sostener-la-noche\/","title":{"rendered":"Convocatoria: Noctograf\u00edas &#8211; Escrituras para sostener la noche"},"content":{"rendered":"\n<div class=\"wp-block-getwid-tabs has-layout-vertical-left\" data-active-tab=\"0\"><ul class=\"wp-block-getwid-tabs__nav-links\"><\/ul>\n<div class=\"wp-block-getwid-tabs__nav-link\"><h4 class=\"wp-block-getwid-tabs__title-wrapper\"><a href=\"#\"><span class=\"wp-block-getwid-tabs__title\"><strong>Descripci\u00f3n<\/strong><\/span><\/a><\/h4><\/div><div class=\"wp-block-getwid-tabs__tab-content-wrapper\"><div class=\"wp-block-getwid-tabs__tab-content\">\n<p>Preliminar: Cuadernos de Trabajo es una revista digital que re\u00fane las creaciones de lxs estudiantes de la Universidad de las Artes surgidas de sus procesos de investigaci\u00f3n en, para, sobre y a trav\u00e9s de las artes.<\/p>\n\n\n\n<p>En esta convocatoria de Preliminar, la noche se ubica como experiencia, espacio e inspiraci\u00f3n. Nos interesan las formas en que la escritura se afecta por la noche y sus relaciones con lo nocturno: los ruidos, las im\u00e1genes, el silencio, lo on\u00edrico, la soledad; y c\u00f3mo todo ello se puede transformar en literatura.<\/p>\n\n\n\n<p>Buscamos poes\u00eda, narrativa, ensayo y textos h\u00edbridos: escrituras que exploran lo que se manifiesta tras los velos de lo nocturno. Aquellos textos que no podr\u00edan nacer a plena luz del d\u00eda, sino en la tiniebla, territorio de visiones, de pesadillas, de deleites; lugar donde las im\u00e1genes \u2014con su vegetaci\u00f3n enmara\u00f1ada de animales acechantes\u2014 nos mantienen despiertos y nos hacen imaginar los placeres de su c\u00f3moda oscuridad.&nbsp;<\/p>\n<\/div><\/div>\n\n\n\n<div class=\"wp-block-getwid-tabs__nav-link\"><h4 class=\"wp-block-getwid-tabs__title-wrapper\"><a href=\"#\"><span class=\"wp-block-getwid-tabs__title\"><strong>Dirigido a<\/strong><\/span><\/a><\/h4><\/div><div class=\"wp-block-getwid-tabs__tab-content-wrapper\"><div class=\"wp-block-getwid-tabs__tab-content\">\n<p>Para su pr\u00f3ximo n\u00famero, Preliminar: Cuadernos de Trabajo abre una convocatoria exclusiva para <strong>estudiantes de la Escuela de Literatura<\/strong> de la Universidad de las Artes, bajo un eje tem\u00e1tico com\u00fan: <strong>la noche.<\/strong><\/p>\n<\/div><\/div>\n\n\n\n<div class=\"wp-block-getwid-tabs__nav-link\"><h4 class=\"wp-block-getwid-tabs__title-wrapper\"><a href=\"#\"><span class=\"wp-block-getwid-tabs__title\"><strong>Fechas de la convocatoria<\/strong><\/span><\/a><\/h4><\/div><div class=\"wp-block-getwid-tabs__tab-content-wrapper\"><div class=\"wp-block-getwid-tabs__tab-content\">\n<figure class=\"wp-block-table is-style-stripes\"><table class=\"has-fixed-layout\"><tbody><tr><td><strong>Actividad<\/strong><\/td><td><strong>Fecha<\/strong><\/td><\/tr><tr><td>Lanzamiento de convocatoria<\/td><td>9 de marzo de 2026<\/td><\/tr><tr><td>Cierre de convocatoria<\/td><td>8 de abril de 2026<\/td><\/tr><tr><td>Anuncio de autorxs seleccionados<\/td><td>18 al 29 de mayo de 2026<\/td><\/tr><\/tbody><\/table><\/figure>\n<\/div><\/div>\n\n\n\n<div class=\"wp-block-getwid-tabs__nav-link\"><h4 class=\"wp-block-getwid-tabs__title-wrapper\"><a href=\"#\"><span class=\"wp-block-getwid-tabs__title\"><strong>Categor\u00edas<\/strong><\/span><\/a><\/h4><\/div><div class=\"wp-block-getwid-tabs__tab-content-wrapper\"><div class=\"wp-block-getwid-tabs__tab-content\">\n<ul class=\"wp-block-list\">\n<li><strong>Poes\u00eda: <\/strong>Un poema o conjunto de poemas que tengan un mismo hilo conductor que no excedan las <strong>3 p\u00e1ginas<\/strong>.<\/li>\n\n\n\n<li><strong>Narrativa breve: <\/strong>Textos tales como cuento, relato, cr\u00f3nica, fragmento de novela, perfil, entre otros formatos que se enmarquen en la categor\u00eda. Extensi\u00f3n de <strong>800 a 2.500 palabras<\/strong>.<\/li>\n\n\n\n<li><strong>Ensayo breve: <\/strong>Textos de reflexi\u00f3n cr\u00edtica o literaria de <strong>1.500 a 3.500 palabras<\/strong>.<\/li>\n\n\n\n<li><strong>Textos h\u00edbridos: <\/strong>&nbsp;Escrituras que desborden las fronteras gen\u00e9ricas (diario, fragmento, cr\u00f3nica, ensayo-poes\u00eda, etc.), de <strong>1.000 a 3.000 palabras<\/strong>.<\/li>\n<\/ul>\n<\/div><\/div>\n\n\n\n<div class=\"wp-block-getwid-tabs__nav-link\"><h4 class=\"wp-block-getwid-tabs__title-wrapper\"><a href=\"#\"><span class=\"wp-block-getwid-tabs__title\"><strong>Bases de postulaci\u00f3n<\/strong><\/span><\/a><\/h4><\/div><div class=\"wp-block-getwid-tabs__tab-content-wrapper\"><div class=\"wp-block-getwid-tabs__tab-content\">\n<p>La convocatoria est\u00e1 dirigida <strong>exclusivamente a estudiantes de la Escuela de Literatura de la UA <\/strong>que est\u00e9n cursando la carrera.<\/p>\n\n\n\n<p>Los textos deben ser <strong>in\u00e9ditos<\/strong> y no estar en proceso de publicaci\u00f3n en otros medios.<\/p>\n\n\n\n<p>Cada autor\/a podr\u00e1 enviar <strong>una sola propuesta escritural.<\/strong><\/p>\n\n\n\n<p>Los textos ser\u00e1n evaluados y seleccionados por el comit\u00e9 editorial de la revista.<\/p>\n\n\n\n<p>El env\u00edo implica la aceptaci\u00f3n de posibles <strong>correcciones de estilo<\/strong> en di\u00e1logo con el\/la autor\/a.<\/p>\n\n\n\n<p>Todos los textos deber\u00e1n <strong>seguir los lineamientos<\/strong> de formato y estilo (tama\u00f1o de fuente, interlineado, m\u00e1rgenes, etc.) y citaci\u00f3n expresados en el <strong>Manual de estilo de la UArtes <\/strong>(<a href=\"https:\/\/biblioteca.uartes.edu.ec\/download\/manual-de-estilo-uartes\/\">https:\/\/biblioteca.uartes.edu.ec\/download\/manual-de-estilo-uartes\/<\/a> ).<\/p>\n\n\n\n<p>El archivo debe estar titulado en este orden: [autor__ t\u00edtulo].&nbsp;<\/p>\n\n\n\n<p>La postulaci\u00f3n deber\u00e1 incluir la carta correspondiente, disponible en la secci\u00f3n de documentos de postulaci\u00f3n.<\/p>\n\n\n\n<p>La postulaci\u00f3n a Noctograf\u00edas se deber\u00e1 realizar en el siguiente enlace: <a href=\"https:\/\/forms.office.com\/r\/QQyfxJL4eC\">Ficha de postulaci\u00f3n-Noctograf\u00edas: Rellenar formulario.<\/a><\/p>\n\n\n\n<p>No se receptar\u00e1n postulaciones por otros medios, ni f\u00edsicos ni electr\u00f3nicos, que no sean los dispuestos en esta convocatoria.<\/p>\n\n\n\n<p>El env\u00edo de los documentos por medio del formulario deja constancia de la aceptaci\u00f3n a estas bases.<\/p>\n\n\n\n<p><strong>Los\/as autores\/as seleccionados\/as <\/strong>deber\u00e1n desarrollar un <strong>texto breve <\/strong>en el que se explique cu\u00e1les han sido sus motivaciones para la elaboraci\u00f3n de su obra y, tambi\u00e9n, si este surgi\u00f3 de alguna asignatura en particular en el marco de la Escuela de Literatura. Este espacio servir\u00e1 para que el autor\/a describa su proceso creativo, as\u00ed como tambi\u00e9n algunas ideas que le gustar\u00eda plantear en torno a su producci\u00f3n.<\/p>\n<\/div><\/div>\n\n\n\n<div class=\"wp-block-getwid-tabs__nav-link\"><h4 class=\"wp-block-getwid-tabs__title-wrapper\"><a href=\"#\"><span class=\"wp-block-getwid-tabs__title\"><strong>Documentos de postulaci\u00f3n<\/strong><\/span><\/a><\/h4><\/div><div class=\"wp-block-getwid-tabs__tab-content-wrapper\"><div class=\"wp-block-getwid-tabs__tab-content\"><div class='w3eden wpdm_package_shortcode'><!-- WPDM Link Template: Default Template -->\n\n<div class=\"link-template-default card mb-2\">\n    <div class=\"card-body\">\n        <div class=\"media\">\n            <div class=\"mr-3 img-48\"><img decoding=\"async\" class=\"wpdm_icon\" alt=\"Icono\" src=\"https:\/\/www.uartes.edu.ec\/sitio\/preliminar\/wp-content\/plugins\/download-manager\/assets\/file-type-icons\/docx.svg\" \/><\/div>\n            <div class=\"media-body\">\n                <h3 class=\"package-title\"><a href='http:\/\/www.uartes.edu.ec\/sitio\/preliminar\/download\/noctografias-carta-de-postulacion-y-aceptacion-de-las-bases\/'>Noctograf\u00edas - Carta de postulaci\u00f3n y aceptaci\u00f3n de las bases<\/a><\/h3>\n                <div class=\"text-muted text-small\"><i class=\"fas fa-copy\"><\/i> 1 archivo(s) <i class=\"fas fa-hdd ml-3\"><\/i> 121.73 KB<\/div>\n            <\/div>\n            <div class=\"ml-3\">\n                <a class='wpdm-download-link download-on-click btn btn-primary '  rel='nofollow' href='#' data-downloadurl=\"http:\/\/www.uartes.edu.ec\/sitio\/preliminar\/download\/noctografias-carta-de-postulacion-y-aceptacion-de-las-bases\/?wpdmdl=4001&refresh=69ef1daf41e131777278383\">Descargar<\/a>\n            <\/div>\n        <\/div>\n    <\/div>\n<\/div>\n\n<\/div>\n<\/div><\/div>\n\n\n\n<div class=\"wp-block-getwid-tabs__nav-link\"><h4 class=\"wp-block-getwid-tabs__title-wrapper\"><a href=\"#\"><span class=\"wp-block-getwid-tabs__title\"><strong>Postula aqu\u00ed<\/strong><\/span><\/a><\/h4><\/div><div class=\"wp-block-getwid-tabs__tab-content-wrapper\"><div class=\"wp-block-getwid-tabs__tab-content\">\n<p><a href=\"https:\/\/forms.office.com\/r\/QQyfxJL4eC\">Ficha de postulaci\u00f3n &#8211; Noctograf\u00edas: Rellenar formulario<\/a><\/p>\n<\/div><\/div>\n<\/div>\n","protected":false},"excerpt":{"rendered":"<p class=\"excerpt\">En esta convocatoria de Preliminar, la noche se ubica como experiencia, espacio e inspiraci\u00f3n. Nos interesan las formas en que la escritura se afecta por la noche y sus relaciones con lo nocturno: los ruidos, las im\u00e1genes, el silencio, lo on\u00edrico, la soledad; y c\u00f3mo todo ello se puede transformar en literatura. <\/p>\n","protected":false},"author":1,"featured_media":3998,"comment_status":"closed","ping_status":"open","sticky":false,"template":"","format":"standard","meta":{"_uag_custom_page_level_css":"","_monsterinsights_skip_tracking":false,"_monsterinsights_sitenote_active":false,"_monsterinsights_sitenote_note":"","_monsterinsights_sitenote_category":0,"cybocfi_hide_featured_image":"","footnotes":""},"categories":[128],"tags":[],"tnc_tax_2229":[],"class_list":["post-3997","post","type-post","status-publish","format-standard","has-post-thumbnail","hentry","category-convocatorias"],"uagb_featured_image_src":{"full":["https:\/\/www.uartes.edu.ec\/sitio\/preliminar\/wp-content\/uploads\/sites\/17\/2026\/03\/convocatoria-noctografias.jpg",2000,1333,false],"thumbnail":["https:\/\/www.uartes.edu.ec\/sitio\/preliminar\/wp-content\/uploads\/sites\/17\/2026\/03\/convocatoria-noctografias-150x150.jpg",150,150,true],"medium":["https:\/\/www.uartes.edu.ec\/sitio\/preliminar\/wp-content\/uploads\/sites\/17\/2026\/03\/convocatoria-noctografias-300x200.jpg",300,200,true],"medium_large":["https:\/\/www.uartes.edu.ec\/sitio\/preliminar\/wp-content\/uploads\/sites\/17\/2026\/03\/convocatoria-noctografias-768x512.jpg",768,512,true],"large":["https:\/\/www.uartes.edu.ec\/sitio\/preliminar\/wp-content\/uploads\/sites\/17\/2026\/03\/convocatoria-noctografias-1024x682.jpg",1024,682,true],"1536x1536":["https:\/\/www.uartes.edu.ec\/sitio\/preliminar\/wp-content\/uploads\/sites\/17\/2026\/03\/convocatoria-noctografias-1536x1024.jpg",1536,1024,true],"2048x2048":["https:\/\/www.uartes.edu.ec\/sitio\/preliminar\/wp-content\/uploads\/sites\/17\/2026\/03\/convocatoria-noctografias.jpg",2000,1333,false],"tainacan-small":["https:\/\/www.uartes.edu.ec\/sitio\/preliminar\/wp-content\/uploads\/sites\/17\/2026\/03\/convocatoria-noctografias-40x40.jpg",40,40,true],"tainacan-medium":["https:\/\/www.uartes.edu.ec\/sitio\/preliminar\/wp-content\/uploads\/sites\/17\/2026\/03\/convocatoria-noctografias-275x275.jpg",275,275,true],"tainacan-medium-full":["https:\/\/www.uartes.edu.ec\/sitio\/preliminar\/wp-content\/uploads\/sites\/17\/2026\/03\/convocatoria-noctografias-205x137.jpg",205,137,true],"tainacan-large-full":["https:\/\/www.uartes.edu.ec\/sitio\/preliminar\/wp-content\/uploads\/sites\/17\/2026\/03\/convocatoria-noctografias-480x320.jpg",480,320,true],"layers-square-large":["https:\/\/www.uartes.edu.ec\/sitio\/preliminar\/wp-content\/uploads\/sites\/17\/2026\/03\/convocatoria-noctografias-1000x1000.jpg",1000,1000,true],"layers-portrait-large":["https:\/\/www.uartes.edu.ec\/sitio\/preliminar\/wp-content\/uploads\/sites\/17\/2026\/03\/convocatoria-noctografias-720x1000.jpg",720,1000,true],"layers-landscape-large":["https:\/\/www.uartes.edu.ec\/sitio\/preliminar\/wp-content\/uploads\/sites\/17\/2026\/03\/convocatoria-noctografias-1000x720.jpg",1000,720,true],"layers-square-medium":["https:\/\/www.uartes.edu.ec\/sitio\/preliminar\/wp-content\/uploads\/sites\/17\/2026\/03\/convocatoria-noctografias-480x480.jpg",480,480,true],"layers-portrait-medium":["https:\/\/www.uartes.edu.ec\/sitio\/preliminar\/wp-content\/uploads\/sites\/17\/2026\/03\/convocatoria-noctografias-340x480.jpg",340,480,true],"layers-landscape-medium":["https:\/\/www.uartes.edu.ec\/sitio\/preliminar\/wp-content\/uploads\/sites\/17\/2026\/03\/convocatoria-noctografias-480x340.jpg",480,340,true]},"uagb_author_info":{"display_name":"Universidad de las Artes","author_link":"https:\/\/www.uartes.edu.ec\/sitio\/preliminar\/author\/dircomadm\/"},"uagb_comment_info":0,"uagb_excerpt":"En esta convocatoria de Preliminar, la noche se ubica como experiencia, espacio e inspiraci\u00f3n. Nos interesan las formas en que la escritura se afecta por la noche y sus relaciones con lo nocturno: los ruidos, las im\u00e1genes, el silencio, lo on\u00edrico, la soledad; y c\u00f3mo todo ello se puede transformar en literatura.","distributor_meta":false,"distributor_terms":false,"distributor_media":false,"distributor_original_site_name":"Preliminar","distributor_original_site_url":"https:\/\/www.uartes.edu.ec\/sitio\/preliminar","push-errors":false,"_links":{"self":[{"href":"https:\/\/www.uartes.edu.ec\/sitio\/preliminar\/wp-json\/wp\/v2\/posts\/3997","targetHints":{"allow":["GET"]}}],"collection":[{"href":"https:\/\/www.uartes.edu.ec\/sitio\/preliminar\/wp-json\/wp\/v2\/posts"}],"about":[{"href":"https:\/\/www.uartes.edu.ec\/sitio\/preliminar\/wp-json\/wp\/v2\/types\/post"}],"author":[{"embeddable":true,"href":"https:\/\/www.uartes.edu.ec\/sitio\/preliminar\/wp-json\/wp\/v2\/users\/1"}],"replies":[{"embeddable":true,"href":"https:\/\/www.uartes.edu.ec\/sitio\/preliminar\/wp-json\/wp\/v2\/comments?post=3997"}],"version-history":[{"count":2,"href":"https:\/\/www.uartes.edu.ec\/sitio\/preliminar\/wp-json\/wp\/v2\/posts\/3997\/revisions"}],"predecessor-version":[{"id":4002,"href":"https:\/\/www.uartes.edu.ec\/sitio\/preliminar\/wp-json\/wp\/v2\/posts\/3997\/revisions\/4002"}],"wp:featuredmedia":[{"embeddable":true,"href":"https:\/\/www.uartes.edu.ec\/sitio\/preliminar\/wp-json\/wp\/v2\/media\/3998"}],"wp:attachment":[{"href":"https:\/\/www.uartes.edu.ec\/sitio\/preliminar\/wp-json\/wp\/v2\/media?parent=3997"}],"wp:term":[{"taxonomy":"category","embeddable":true,"href":"https:\/\/www.uartes.edu.ec\/sitio\/preliminar\/wp-json\/wp\/v2\/categories?post=3997"},{"taxonomy":"post_tag","embeddable":true,"href":"https:\/\/www.uartes.edu.ec\/sitio\/preliminar\/wp-json\/wp\/v2\/tags?post=3997"},{"taxonomy":"tnc_tax_2229","embeddable":true,"href":"https:\/\/www.uartes.edu.ec\/sitio\/preliminar\/wp-json\/wp\/v2\/tnc_tax_2229?post=3997"}],"curies":[{"name":"wp","href":"https:\/\/api.w.org\/{rel}","templated":true}]}}