{"id":85,"date":"2021-05-03T08:49:00","date_gmt":"2021-05-03T13:49:00","guid":{"rendered":"http:\/\/www.uartes.edu.ec\/sitio\/sonocordia\/?p=85"},"modified":"2024-05-20T14:35:01","modified_gmt":"2024-05-20T19:35:01","slug":"volumen-1-n-3","status":"publish","type":"post","link":"http:\/\/www.uartes.edu.ec\/sitio\/sonocordia\/2021\/06\/09\/volumen-1n-3\/","title":{"rendered":"Volumen 1\/N\u00b0 3"},"content":{"rendered":"\n<div class=\"wp-block-columns is-layout-flex wp-container-core-columns-is-layout-9d6595d7 wp-block-columns-is-layout-flex\">\n<div class=\"wp-block-column is-layout-flow wp-block-column-is-layout-flow\" style=\"flex-basis:30%\">\n<figure class=\"wp-block-image size-full\"><img fetchpriority=\"high\" decoding=\"async\" width=\"2000\" height=\"2847\" src=\"http:\/\/www.uartes.edu.ec\/sitio\/sonocordia\/wp-content\/uploads\/sites\/15\/2021\/06\/portada-scaled.jpg\" alt=\"\" class=\"wp-image-87\" srcset=\"https:\/\/www.uartes.edu.ec\/sitio\/sonocordia\/wp-content\/uploads\/sites\/15\/2021\/06\/portada-scaled.jpg 2000w, https:\/\/www.uartes.edu.ec\/sitio\/sonocordia\/wp-content\/uploads\/sites\/15\/2021\/06\/portada-768x1093.jpg 768w, https:\/\/www.uartes.edu.ec\/sitio\/sonocordia\/wp-content\/uploads\/sites\/15\/2021\/06\/portada-600x854.jpg 600w\" sizes=\"(max-width: 2000px) 100vw, 2000px\" \/><\/figure>\n<\/div>\n\n\n\n<div class=\"wp-block-column is-layout-flow wp-block-column-is-layout-flow\">\n<p><strong>SONOCORDIA<\/strong>. Revista de artes sonoras y producci\u00f3n musical<br>Universidad de las Artes<br>Volumen 1, N\u00famero 3. Mayo 2021<br>ISSN 2697-3545 2953-657X<\/p>\n\n\n\n<p><strong>SONOCORDIA<\/strong>. Revista de artes sonoras y producci\u00f3n musical es una propuesta editorial cient\u00edfica, colectiva y arbitrada acad\u00e9micamente que nace en la Escuela de Artes Sonoras (EAS) de la Universidad de las Artes (Guayaquil, Ecuador), con la intenci\u00f3n de  difundir investigaci\u00f3n acad\u00e9mica y partituras in\u00e9ditas de composici\u00f3n sonora.<\/p>\n<\/div>\n<\/div>\n\n\n\n<div class=\"wp-block-columns is-layout-flex wp-container-core-columns-is-layout-9d6595d7 wp-block-columns-is-layout-flex\">\n<div class=\"wp-block-column is-layout-flow wp-block-column-is-layout-flow\" style=\"flex-basis:30%\">\n<p><a href=\"http:\/\/www.uartes.edu.ec\/sitio\/sonocordia\/download\/revista-volumen-1-no-3\/?_wpdmkey=60c0dbb0c2a0f&amp;wpdmdl=83&amp;refresh=60c0dbb0d957c1623251888\">DESCARGAR EL PDF COMPLETO DE LA VERSI\u00d3N IMPRESA DE LA REVISTA \u2192<\/a><\/p>\n<\/div>\n\n\n\n<div class=\"wp-block-column is-layout-flow wp-block-column-is-layout-flow\">\n<h4 class=\"wp-block-heading\">Art\u00edculos<\/h4>\n\n\n\n<p><a href=\"http:\/\/www.uartes.edu.ec\/sitio\/sonocordia\/download\/sonocordia-v01n03-art01\/?_wpdmkey=60c0dcce0d22c&amp;wpdmdl=84&amp;refresh=60c0dcce247351623252174\">Hacia una m\u00fasica experimental latinoamericana \u2192<\/a> <br>Emilia Bahamonde Noriega<br><a href=\"http:\/\/www.uartes.edu.ec\/sitio\/sonocordia\/download\/sonocordia-v01n03-art02\/?_wpdmkey=60c0dcf611b5b&amp;wpdmdl=86&amp;refresh=60c0dcf627ebe1623252214\">Universos sonoros en la Amazon\u00eda ecuatoriana \u2192<\/a><br>Juan Carlos Franco<br><a href=\"http:\/\/www.uartes.edu.ec\/sitio\/sonocordia\/download\/sonocordia-v01n03-art03\/?_wpdmkey=60c0dd335519f&amp;wpdmdl=88&amp;refresh=60c0dd336b8f51623252275\">Recuperaci\u00f3n de la memoria sonora precolombina para la creaci\u00f3n contempor\u00e1nea \u2192<\/a><br>Mar\u00eda Emilia Sosa Cacace y Lucas Mattioni<\/p>\n\n\n\n<h4 class=\"wp-block-heading\">Partituras<\/h4>\n\n\n\n<p><a href=\"http:\/\/www.uartes.edu.ec\/sitio\/sonocordia\/download\/sonocordia-v01n03-par01\/?_wpdmkey=60c0dd6a92c96&amp;wpdmdl=90&amp;refresh=60c0dd6aa97001623252330\">Volc\u00e1n \u2192<\/a><br>Juan Posso<br><a href=\"http:\/\/www.uartes.edu.ec\/sitio\/sonocordia\/download\/sonocordia-v01n03-par02\/?_wpdmkey=60c0dda25099c&amp;wpdmdl=91&amp;refresh=60c0dda26719f1623252386\">Drag\u00f3n \u2192<\/a><br>Esteban Mena<\/p>\n\n\n\n<h4 class=\"wp-block-heading\">Fuera de tono<\/h4>\n\n\n\n<p><a href=\"http:\/\/www.uartes.edu.ec\/sitio\/sonocordia\/download\/sonocordia-v01n03-fue01\/?_wpdmkey=60c0ddd1ed9ac&amp;wpdmdl=92&amp;refresh=60c0ddd20f6201623252434\">Entrevista a Mika Martini  \u2192<\/a> <br>David Y\u00e9pez Valencia<br><a href=\"http:\/\/www.uartes.edu.ec\/sitio\/sonocordia\/download\/sonocordia-v01n03-fue02\/?_wpdmkey=60c0ddff02bbf&amp;wpdmdl=93&amp;refresh=60c0ddff1a1551623252479\">Producci\u00f3n musical desde los expertos. Rese\u00f1a sobre Producci\u00f3n Musical, Pedagog\u00eda e investigaci\u00f3n en artes de Meining Cheung Ruiz y Luis P\u00e9rez Valero  \u2192<\/a> <br>Lorenzo Escamilla Castillo<\/p>\n<\/div>\n<\/div>\n","protected":false},"excerpt":{"rendered":"<p>SONOCORDIA. Revista de artes sonoras y producci\u00f3n musicalUniversidad de las ArtesVolumen 1, N\u00famero 3. Mayo 2021ISSN 2697-3545 2953-657X SONOCORDIA. Revista de artes sonoras y producci\u00f3n musical es una propuesta editorial cient\u00edfica, colectiva y arbitrada acad\u00e9micamente que nace en la Escuela <a class=\"more-link\" href=\"http:\/\/www.uartes.edu.ec\/sitio\/sonocordia\/2021\/06\/09\/volumen-1n-3\/\">Seguir leyendo <span class=\"screen-reader-text\">  Volumen 1\/N\u00b0 3<\/span><span class=\"meta-nav\">&rarr;<\/span><\/a><\/p>\n","protected":false},"author":1,"featured_media":87,"comment_status":"open","ping_status":"closed","sticky":false,"template":"","format":"standard","meta":{"_uag_custom_page_level_css":"","_monsterinsights_skip_tracking":false,"_monsterinsights_sitenote_active":false,"_monsterinsights_sitenote_note":"","_monsterinsights_sitenote_category":0,"cybocfi_hide_featured_image":"","footnotes":""},"categories":[5],"tags":[],"class_list":["post-85","post","type-post","status-publish","format-standard","has-post-thumbnail","hentry","category-ediciones-anteriores"],"uagb_featured_image_src":{"full":["https:\/\/www.uartes.edu.ec\/sitio\/sonocordia\/wp-content\/uploads\/sites\/15\/2021\/06\/portada-scaled.jpg",2000,2847,false],"thumbnail":["https:\/\/www.uartes.edu.ec\/sitio\/sonocordia\/wp-content\/uploads\/sites\/15\/2021\/06\/portada-150x150.jpg",150,150,true],"medium":["https:\/\/www.uartes.edu.ec\/sitio\/sonocordia\/wp-content\/uploads\/sites\/15\/2021\/06\/portada-300x300.jpg",300,300,true],"medium_large":["https:\/\/www.uartes.edu.ec\/sitio\/sonocordia\/wp-content\/uploads\/sites\/15\/2021\/06\/portada-768x1093.jpg",530,754,true],"large":["https:\/\/www.uartes.edu.ec\/sitio\/sonocordia\/wp-content\/uploads\/sites\/15\/2021\/06\/portada-1024x1024.jpg",530,530,true],"1536x1536":["https:\/\/www.uartes.edu.ec\/sitio\/sonocordia\/wp-content\/uploads\/sites\/15\/2021\/06\/portada-1536x1536.jpg",1536,1536,true],"2048x2048":["https:\/\/www.uartes.edu.ec\/sitio\/sonocordia\/wp-content\/uploads\/sites\/15\/2021\/06\/portada-2000x2847.jpg",1439,2048,true],"gb-block-post-grid-landscape":["https:\/\/www.uartes.edu.ec\/sitio\/sonocordia\/wp-content\/uploads\/sites\/15\/2021\/06\/portada-scaled.jpg",281,400,false],"gb-block-post-grid-square":["https:\/\/www.uartes.edu.ec\/sitio\/sonocordia\/wp-content\/uploads\/sites\/15\/2021\/06\/portada-scaled.jpg",421,600,false],"featured-slider-larger":["https:\/\/www.uartes.edu.ec\/sitio\/sonocordia\/wp-content\/uploads\/sites\/15\/2021\/06\/portada-980x400.jpg",980,400,true],"featured-slider":["https:\/\/www.uartes.edu.ec\/sitio\/sonocordia\/wp-content\/uploads\/sites\/15\/2021\/06\/portada-640x318.jpg",640,318,true]},"uagb_author_info":{"display_name":"Universidad de las Artes","author_link":"https:\/\/www.uartes.edu.ec\/sitio\/sonocordia\/author\/dircomadm\/"},"uagb_comment_info":0,"uagb_excerpt":"SONOCORDIA. Revista de artes sonoras y producci\u00f3n musicalUniversidad de las ArtesVolumen 1, N\u00famero 3. Mayo 2021ISSN 2697-3545 2953-657X SONOCORDIA. Revista de artes sonoras y producci\u00f3n musical es una propuesta editorial cient\u00edfica, colectiva y arbitrada acad\u00e9micamente que nace en la Escuela Seguir leyendo Volumen 1\/N\u00b0 3&rarr;","featured_image_src":"https:\/\/www.uartes.edu.ec\/sitio\/sonocordia\/wp-content\/uploads\/sites\/15\/2021\/06\/portada-scaled.jpg","featured_image_src_square":"https:\/\/www.uartes.edu.ec\/sitio\/sonocordia\/wp-content\/uploads\/sites\/15\/2021\/06\/portada-scaled.jpg","author_info":{"display_name":"Universidad de las Artes","author_link":"https:\/\/www.uartes.edu.ec\/sitio\/sonocordia\/author\/dircomadm\/"},"distributor_meta":false,"distributor_terms":false,"distributor_media":false,"distributor_original_site_name":"Sonocordia","distributor_original_site_url":"https:\/\/www.uartes.edu.ec\/sitio\/sonocordia","push-errors":false,"_links":{"self":[{"href":"https:\/\/www.uartes.edu.ec\/sitio\/sonocordia\/wp-json\/wp\/v2\/posts\/85","targetHints":{"allow":["GET"]}}],"collection":[{"href":"https:\/\/www.uartes.edu.ec\/sitio\/sonocordia\/wp-json\/wp\/v2\/posts"}],"about":[{"href":"https:\/\/www.uartes.edu.ec\/sitio\/sonocordia\/wp-json\/wp\/v2\/types\/post"}],"author":[{"embeddable":true,"href":"https:\/\/www.uartes.edu.ec\/sitio\/sonocordia\/wp-json\/wp\/v2\/users\/1"}],"replies":[{"embeddable":true,"href":"https:\/\/www.uartes.edu.ec\/sitio\/sonocordia\/wp-json\/wp\/v2\/comments?post=85"}],"version-history":[{"count":4,"href":"https:\/\/www.uartes.edu.ec\/sitio\/sonocordia\/wp-json\/wp\/v2\/posts\/85\/revisions"}],"predecessor-version":[{"id":291,"href":"https:\/\/www.uartes.edu.ec\/sitio\/sonocordia\/wp-json\/wp\/v2\/posts\/85\/revisions\/291"}],"wp:featuredmedia":[{"embeddable":true,"href":"https:\/\/www.uartes.edu.ec\/sitio\/sonocordia\/wp-json\/wp\/v2\/media\/87"}],"wp:attachment":[{"href":"https:\/\/www.uartes.edu.ec\/sitio\/sonocordia\/wp-json\/wp\/v2\/media?parent=85"}],"wp:term":[{"taxonomy":"category","embeddable":true,"href":"https:\/\/www.uartes.edu.ec\/sitio\/sonocordia\/wp-json\/wp\/v2\/categories?post=85"},{"taxonomy":"post_tag","embeddable":true,"href":"https:\/\/www.uartes.edu.ec\/sitio\/sonocordia\/wp-json\/wp\/v2\/tags?post=85"}],"curies":[{"name":"wp","href":"https:\/\/api.w.org\/{rel}","templated":true}]}}