{"id":102,"date":"2017-04-20T11:08:57","date_gmt":"2017-04-20T16:08:57","guid":{"rendered":"http:\/\/www.uartes.edu.ec\/infouartes\/?p=102"},"modified":"2024-07-04T11:54:21","modified_gmt":"2024-07-04T16:54:21","slug":"lorena-delgado-interprete-coreografa-y-docente-de-la-uartes","status":"publish","type":"post","link":"https:\/\/www.uartes.edu.ec\/sitio\/blog\/2017\/04\/20\/lorena-delgado-interprete-coreografa-y-docente-de-la-uartes\/","title":{"rendered":"Lorena Delgado, int\u00e9rprete, core\u00f3grafa y docente de la UArtes"},"content":{"rendered":"\n<p>Lorena Delgado,&nbsp;Cuenca, Ecuador, estudi\u00f3 en el Conservatorio Jos\u00e9 Mar\u00eda Rodr\u00edguez en Cuenca. Continu\u00f3 sus estudios en los Estados Unidos con el&nbsp;Mississippi Metropolitan Ballet y, posteriormente, viaj\u00f3 a Cuba, donde estudi\u00f3 con la C\u00e1tedra del Ballet Nacional. En el a\u00f1o 2004, Lorena regres\u00f3 a Ecuador donde comenz\u00f3 su carrera profesional con el Ballet Nacional del Ecuador y cuatro a\u00f1os m\u00e1s tarde, fue invitada al elenco de la Compa\u00f1\u00eda Nacional del Ecuador. Es adem\u00e1s, profesora de yoga certificada por Mind Body Dancer\u00ae con TaraMarie Perri y The Perri Institute for Mind and Body, New York.<\/p>\n\n\n\n<p>Ha sido core\u00f3grafa de las obras \u2018Indiviso\u2019, de la Compa\u00f1\u00eda Nacional de Danza del Ecuador; \u2018La Repetici\u00f3n de los D\u00edas\u2019, de la agrupaci\u00f3n independiente Colectivo Zeta, Quito; \u2018Nearby\u2019, coreograf\u00eda creada en colaboraci\u00f3n del int\u00e9rprete Oscar Santana, presentada en Tisch School of the Arts, New York University, Estados Unidos; entre otras.<\/p>\n\n\n\n<p>Cuenta con un Master en Gerencia y Liderazgo Educativo y, en 2013, obtuvo una beca para estudiar una Maestr\u00eda en Fine Arts en Tisch School of the Arts, en New York University, donde tuvo la oportunidad de continuar explorando y desarrollando su filosof\u00eda como&nbsp;core\u00f3grafa y educadora, as\u00ed como participar en los trabajos esc\u00e9nicos&nbsp;de reconocidos core\u00f3grafos como&nbsp;Bill T. Jones y Cora Bos-Kroese. Adem\u00e1s, Lorena realiz\u00f3 una pasant\u00eda de documentaci\u00f3n y archivo en Trisha Brown Dance Company.<\/p>\n\n\n\n<p>Actualmente es Coordinadora de la carrera de Danza de la Universidad de las Artes.<\/p>\n\n\n\n<p><strong>Conoce m\u00e1s de su trabajo:<\/strong><\/p>\n\n\n\n<p><a href=\"http:\/\/www.lorenadelgadoe.com\/\">Lorena Delgado<\/a><\/p>\n\n\n\n<p><strong>Premios:<\/strong><\/p>\n\n\n\n<ul class=\"wp-block-list\">\n<li>Febrero 2016 Premio IBERESCENA, proyecto de creaci\u00f3n coreogr\u00e1fica en residencia en laCantera, M\u00e9xico D.F.<\/li>\n\n\n\n<li>Agosto 2015 Ganadora de la Convocatoria P\u00fablica Nacional del Ministerio de Cultura y Patrimonio \u2018Fondos Concursables para proyectos Art\u00edsticos y Culturales 2015\u2019 con la propuesta \u201cPartituras en Movimiento: Laboratorio de Exploraci\u00f3n y Colaboraci\u00f3n\u201d. Quito, Ecuador.<\/li>\n\n\n\n<li>Junio 2015 Residencia Art\u00edstica otorgada por convenio de Tisch School of the Arts y DanceSpace en St. Mark\u2019s Church. New York, Estados Unidos.<\/li>\n\n\n\n<li>Abril 2013 Seleccionada adjudicataria de una beca completa en el Programa de Becas \u2018Universidades de Excelencia\u2019, Senescyt. Quito, Ecuador.<\/li>\n\n\n\n<li>Septiembre 2013 TSOA Becas para estudiantes de postgrado, Tisch School of the Arts, New York University New York, Estados Unidos.<\/li>\n\n\n\n<li>Abril 2010 Premio IBERESCENA, Ayuda a redes, festivales y espacios esc\u00e9nicos para la programaci\u00f3n de espect\u00e1culos con el cual se cre\u00f3 el I Festival de Danza Contempor\u00e1nea IN VITRO, Cuenca, Ecuador.<\/li>\n<\/ul>\n\n\n\n<p><strong>Proyectos de investigaci\u00f3n:<\/strong><br>\u2018Partituras en Movimiento: Laboratorio de Exploraci\u00f3n y Colaboraci\u00f3n\u2019. Proyecto ganador de la Convocatoria P\u00fablica Nacional del Ministerio de Cultura y Patrimonio \u2018Fondos Concursables para proyectos Art\u00edsticos y Culturales 2015\u2019, \u00e1rea investigaci\u00f3n.<\/p>\n\n\n\n<p><strong>\u00c1rea de investigaci\u00f3n:<\/strong><br>Danza Contempor\u00e1nea<\/p>\n\n\n\n<p><strong>\u00c1rea de inter\u00e9s:<\/strong><br>Danza Contempor\u00e1nea<\/p>\n","protected":false},"excerpt":{"rendered":"<p>Lorena Delgado,&nbsp;Cuenca, Ecuador, estudi\u00f3 en el Conservatorio Jos\u00e9 Mar\u00eda Rodr\u00edguez en Cuenca. Continu\u00f3 sus estudios en los Estados Unidos con el&nbsp;Mississippi Metropolitan Ballet y, posteriormente, viaj\u00f3 a Cuba, donde estudi\u00f3 con la C\u00e1tedra del Ballet Nacional. En el a\u00f1o 2004, Lorena regres\u00f3 a Ecuador donde comenz\u00f3 su carrera profesional con el Ballet Nacional del Ecuador [&hellip;]<\/p>\n","protected":false},"author":1,"featured_media":56468,"comment_status":"closed","ping_status":"open","sticky":false,"template":"","format":"standard","meta":{"_acf_changed":false,"_uag_custom_page_level_css":"","_monsterinsights_skip_tracking":false,"_monsterinsights_sitenote_active":false,"_monsterinsights_sitenote_note":"","_monsterinsights_sitenote_category":0,"cybocfi_hide_featured_image":"","footnotes":""},"categories":[75],"tags":[],"infouartes":[],"class_list":["post-102","post","type-post","status-publish","format-standard","has-post-thumbnail","hentry","category-docentes"],"acf":[],"yoast_head":"<!-- This site is optimized with the Yoast SEO plugin v27.4 - https:\/\/yoast.com\/product\/yoast-seo-wordpress\/ -->\n<title>Universidad de las Artes - Lorena Delgado, int\u00e9rprete, core\u00f3grafa y docente de la UArtes<\/title>\n<meta name=\"description\" content=\"Universidad de las Artes - Lorena Delgado, int\u00e9rprete, core\u00f3grafa y docente de la UArtes\" \/>\n<meta name=\"robots\" content=\"index, follow, max-snippet:-1, max-image-preview:large, max-video-preview:-1\" \/>\n<link rel=\"canonical\" href=\"https:\/\/www.uartes.edu.ec\/sitio\/blog\/2017\/04\/20\/lorena-delgado-interprete-coreografa-y-docente-de-la-uartes\/\" \/>\n<meta property=\"og:locale\" content=\"es_ES\" \/>\n<meta property=\"og:type\" content=\"article\" \/>\n<meta property=\"og:title\" content=\"Universidad de las Artes - Lorena Delgado, int\u00e9rprete, core\u00f3grafa y docente de la UArtes\" \/>\n<meta property=\"og:description\" content=\"Universidad de las Artes - Lorena Delgado, int\u00e9rprete, core\u00f3grafa y docente de la UArtes\" \/>\n<meta property=\"og:url\" content=\"https:\/\/www.uartes.edu.ec\/sitio\/blog\/2017\/04\/20\/lorena-delgado-interprete-coreografa-y-docente-de-la-uartes\/\" \/>\n<meta property=\"og:site_name\" content=\"Universidad de las Artes\" \/>\n<meta property=\"article:publisher\" content=\"https:\/\/www.facebook.com\/uartesec\" \/>\n<meta property=\"article:published_time\" content=\"2017-04-20T16:08:57+00:00\" \/>\n<meta property=\"article:modified_time\" content=\"2024-07-04T16:54:21+00:00\" \/>\n<meta property=\"og:image\" content=\"https:\/\/www.uartes.edu.ec\/sitio\/wp-content\/uploads\/2017\/04\/Lorena-Delgado-interprete-coreografa-y-docente-de-la-UArtes.jpg\" \/>\n\t<meta property=\"og:image:width\" content=\"582\" \/>\n\t<meta property=\"og:image:height\" content=\"270\" \/>\n\t<meta property=\"og:image:type\" content=\"image\/jpeg\" \/>\n<meta name=\"author\" content=\"Universidad de las Artes\" \/>\n<meta name=\"twitter:card\" content=\"summary_large_image\" \/>\n<meta name=\"twitter:creator\" content=\"@uartesec\" \/>\n<meta name=\"twitter:site\" content=\"@uartesec\" \/>\n<meta name=\"twitter:label1\" content=\"Escrito por\" \/>\n\t<meta name=\"twitter:data1\" content=\"Universidad de las Artes\" \/>\n\t<meta name=\"twitter:label2\" content=\"Tiempo de lectura\" \/>\n\t<meta name=\"twitter:data2\" content=\"3 minutos\" \/>\n<script type=\"application\/ld+json\" class=\"yoast-schema-graph\">{\"@context\":\"https:\\\/\\\/schema.org\",\"@graph\":[{\"@type\":\"Article\",\"@id\":\"https:\\\/\\\/www.uartes.edu.ec\\\/sitio\\\/blog\\\/2017\\\/04\\\/20\\\/lorena-delgado-interprete-coreografa-y-docente-de-la-uartes\\\/#article\",\"isPartOf\":{\"@id\":\"https:\\\/\\\/www.uartes.edu.ec\\\/sitio\\\/blog\\\/2017\\\/04\\\/20\\\/lorena-delgado-interprete-coreografa-y-docente-de-la-uartes\\\/\"},\"author\":{\"name\":\"Universidad de las Artes\",\"@id\":\"https:\\\/\\\/www.uartes.edu.ec\\\/sitio\\\/#\\\/schema\\\/person\\\/f33f8c1d2af0d5c80a38c8abf458184a\"},\"headline\":\"Lorena Delgado, int\u00e9rprete, core\u00f3grafa y docente de la UArtes\",\"datePublished\":\"2017-04-20T16:08:57+00:00\",\"dateModified\":\"2024-07-04T16:54:21+00:00\",\"mainEntityOfPage\":{\"@id\":\"https:\\\/\\\/www.uartes.edu.ec\\\/sitio\\\/blog\\\/2017\\\/04\\\/20\\\/lorena-delgado-interprete-coreografa-y-docente-de-la-uartes\\\/\"},\"wordCount\":486,\"publisher\":{\"@id\":\"https:\\\/\\\/www.uartes.edu.ec\\\/sitio\\\/#organization\"},\"image\":{\"@id\":\"https:\\\/\\\/www.uartes.edu.ec\\\/sitio\\\/blog\\\/2017\\\/04\\\/20\\\/lorena-delgado-interprete-coreografa-y-docente-de-la-uartes\\\/#primaryimage\"},\"thumbnailUrl\":\"https:\\\/\\\/www.uartes.edu.ec\\\/sitio\\\/wp-content\\\/uploads\\\/2017\\\/04\\\/Lorena-Delgado-interprete-coreografa-y-docente-de-la-UArtes.jpg\",\"articleSection\":[\"Docentes\"],\"inLanguage\":\"es\"},{\"@type\":[\"WebPage\",\"ItemPage\"],\"@id\":\"https:\\\/\\\/www.uartes.edu.ec\\\/sitio\\\/blog\\\/2017\\\/04\\\/20\\\/lorena-delgado-interprete-coreografa-y-docente-de-la-uartes\\\/\",\"url\":\"https:\\\/\\\/www.uartes.edu.ec\\\/sitio\\\/blog\\\/2017\\\/04\\\/20\\\/lorena-delgado-interprete-coreografa-y-docente-de-la-uartes\\\/\",\"name\":\"Universidad de las Artes - Lorena Delgado, int\u00e9rprete, core\u00f3grafa y docente de la UArtes\",\"isPartOf\":{\"@id\":\"https:\\\/\\\/www.uartes.edu.ec\\\/sitio\\\/#website\"},\"primaryImageOfPage\":{\"@id\":\"https:\\\/\\\/www.uartes.edu.ec\\\/sitio\\\/blog\\\/2017\\\/04\\\/20\\\/lorena-delgado-interprete-coreografa-y-docente-de-la-uartes\\\/#primaryimage\"},\"image\":{\"@id\":\"https:\\\/\\\/www.uartes.edu.ec\\\/sitio\\\/blog\\\/2017\\\/04\\\/20\\\/lorena-delgado-interprete-coreografa-y-docente-de-la-uartes\\\/#primaryimage\"},\"thumbnailUrl\":\"https:\\\/\\\/www.uartes.edu.ec\\\/sitio\\\/wp-content\\\/uploads\\\/2017\\\/04\\\/Lorena-Delgado-interprete-coreografa-y-docente-de-la-UArtes.jpg\",\"datePublished\":\"2017-04-20T16:08:57+00:00\",\"dateModified\":\"2024-07-04T16:54:21+00:00\",\"description\":\"Universidad de las Artes - Lorena Delgado, int\u00e9rprete, core\u00f3grafa y docente de la UArtes\",\"breadcrumb\":{\"@id\":\"https:\\\/\\\/www.uartes.edu.ec\\\/sitio\\\/blog\\\/2017\\\/04\\\/20\\\/lorena-delgado-interprete-coreografa-y-docente-de-la-uartes\\\/#breadcrumb\"},\"inLanguage\":\"es\",\"potentialAction\":[{\"@type\":\"ReadAction\",\"target\":[\"https:\\\/\\\/www.uartes.edu.ec\\\/sitio\\\/blog\\\/2017\\\/04\\\/20\\\/lorena-delgado-interprete-coreografa-y-docente-de-la-uartes\\\/\"]}]},{\"@type\":\"ImageObject\",\"inLanguage\":\"es\",\"@id\":\"https:\\\/\\\/www.uartes.edu.ec\\\/sitio\\\/blog\\\/2017\\\/04\\\/20\\\/lorena-delgado-interprete-coreografa-y-docente-de-la-uartes\\\/#primaryimage\",\"url\":\"https:\\\/\\\/www.uartes.edu.ec\\\/sitio\\\/wp-content\\\/uploads\\\/2017\\\/04\\\/Lorena-Delgado-interprete-coreografa-y-docente-de-la-UArtes.jpg\",\"contentUrl\":\"https:\\\/\\\/www.uartes.edu.ec\\\/sitio\\\/wp-content\\\/uploads\\\/2017\\\/04\\\/Lorena-Delgado-interprete-coreografa-y-docente-de-la-UArtes.jpg\",\"width\":582,\"height\":270},{\"@type\":\"BreadcrumbList\",\"@id\":\"https:\\\/\\\/www.uartes.edu.ec\\\/sitio\\\/blog\\\/2017\\\/04\\\/20\\\/lorena-delgado-interprete-coreografa-y-docente-de-la-uartes\\\/#breadcrumb\",\"itemListElement\":[{\"@type\":\"ListItem\",\"position\":1,\"name\":\"Inicio\",\"item\":\"https:\\\/\\\/www.uartes.edu.ec\\\/sitio\\\/\"},{\"@type\":\"ListItem\",\"position\":2,\"name\":\"Lorena Delgado, int\u00e9rprete, core\u00f3grafa y docente de la UArtes\"}]},{\"@type\":\"WebSite\",\"@id\":\"https:\\\/\\\/www.uartes.edu.ec\\\/sitio\\\/#website\",\"url\":\"https:\\\/\\\/www.uartes.edu.ec\\\/sitio\\\/\",\"name\":\"Universidad de las Artes\",\"description\":\"Sitio oficial de la Universidad Nacional de las Artes del Ecuador\",\"publisher\":{\"@id\":\"https:\\\/\\\/www.uartes.edu.ec\\\/sitio\\\/#organization\"},\"potentialAction\":[{\"@type\":\"SearchAction\",\"target\":{\"@type\":\"EntryPoint\",\"urlTemplate\":\"https:\\\/\\\/www.uartes.edu.ec\\\/sitio\\\/?s={search_term_string}\"},\"query-input\":{\"@type\":\"PropertyValueSpecification\",\"valueRequired\":true,\"valueName\":\"search_term_string\"}}],\"inLanguage\":\"es\"},{\"@type\":\"Organization\",\"@id\":\"https:\\\/\\\/www.uartes.edu.ec\\\/sitio\\\/#organization\",\"name\":\"Universidad de las Artes\",\"url\":\"https:\\\/\\\/www.uartes.edu.ec\\\/sitio\\\/\",\"logo\":{\"@type\":\"ImageObject\",\"inLanguage\":\"es\",\"@id\":\"https:\\\/\\\/www.uartes.edu.ec\\\/sitio\\\/#\\\/schema\\\/logo\\\/image\\\/\",\"url\":\"https:\\\/\\\/www.uartes.edu.ec\\\/sitio\\\/wp-content\\\/uploads\\\/2022\\\/07\\\/logo-ua-horizontal.png\",\"contentUrl\":\"https:\\\/\\\/www.uartes.edu.ec\\\/sitio\\\/wp-content\\\/uploads\\\/2022\\\/07\\\/logo-ua-horizontal.png\",\"width\":800,\"height\":276,\"caption\":\"Universidad de las Artes\"},\"image\":{\"@id\":\"https:\\\/\\\/www.uartes.edu.ec\\\/sitio\\\/#\\\/schema\\\/logo\\\/image\\\/\"},\"sameAs\":[\"https:\\\/\\\/www.facebook.com\\\/uartesec\",\"https:\\\/\\\/x.com\\\/uartesec\",\"https:\\\/\\\/www.tiktok.com\\\/@uartesec\"]},{\"@type\":\"Person\",\"@id\":\"https:\\\/\\\/www.uartes.edu.ec\\\/sitio\\\/#\\\/schema\\\/person\\\/f33f8c1d2af0d5c80a38c8abf458184a\",\"name\":\"Universidad de las Artes\",\"image\":{\"@type\":\"ImageObject\",\"inLanguage\":\"es\",\"@id\":\"https:\\\/\\\/secure.gravatar.com\\\/avatar\\\/52e4757902f5cfa5ac52d020e5be83cae5487519154b6c35482fe08d589f3c13?s=96&d=mm&r=g\",\"url\":\"https:\\\/\\\/secure.gravatar.com\\\/avatar\\\/52e4757902f5cfa5ac52d020e5be83cae5487519154b6c35482fe08d589f3c13?s=96&d=mm&r=g\",\"contentUrl\":\"https:\\\/\\\/secure.gravatar.com\\\/avatar\\\/52e4757902f5cfa5ac52d020e5be83cae5487519154b6c35482fe08d589f3c13?s=96&d=mm&r=g\",\"caption\":\"Universidad de las Artes\"},\"url\":\"https:\\\/\\\/www.uartes.edu.ec\\\/sitio\\\/blog\\\/author\\\/dircomadm\\\/\"}]}<\/script>\n<!-- \/ Yoast SEO plugin. -->","yoast_head_json":{"title":"Universidad de las Artes - Lorena Delgado, int\u00e9rprete, core\u00f3grafa y docente de la UArtes","description":"Universidad de las Artes - Lorena Delgado, int\u00e9rprete, core\u00f3grafa y docente de la UArtes","robots":{"index":"index","follow":"follow","max-snippet":"max-snippet:-1","max-image-preview":"max-image-preview:large","max-video-preview":"max-video-preview:-1"},"canonical":"https:\/\/www.uartes.edu.ec\/sitio\/blog\/2017\/04\/20\/lorena-delgado-interprete-coreografa-y-docente-de-la-uartes\/","og_locale":"es_ES","og_type":"article","og_title":"Universidad de las Artes - Lorena Delgado, int\u00e9rprete, core\u00f3grafa y docente de la UArtes","og_description":"Universidad de las Artes - Lorena Delgado, int\u00e9rprete, core\u00f3grafa y docente de la UArtes","og_url":"https:\/\/www.uartes.edu.ec\/sitio\/blog\/2017\/04\/20\/lorena-delgado-interprete-coreografa-y-docente-de-la-uartes\/","og_site_name":"Universidad de las Artes","article_publisher":"https:\/\/www.facebook.com\/uartesec","article_published_time":"2017-04-20T16:08:57+00:00","article_modified_time":"2024-07-04T16:54:21+00:00","og_image":[{"width":582,"height":270,"url":"https:\/\/www.uartes.edu.ec\/sitio\/wp-content\/uploads\/2017\/04\/Lorena-Delgado-interprete-coreografa-y-docente-de-la-UArtes.jpg","type":"image\/jpeg"}],"author":"Universidad de las Artes","twitter_card":"summary_large_image","twitter_creator":"@uartesec","twitter_site":"@uartesec","twitter_misc":{"Escrito por":"Universidad de las Artes","Tiempo de lectura":"3 minutos"},"schema":{"@context":"https:\/\/schema.org","@graph":[{"@type":"Article","@id":"https:\/\/www.uartes.edu.ec\/sitio\/blog\/2017\/04\/20\/lorena-delgado-interprete-coreografa-y-docente-de-la-uartes\/#article","isPartOf":{"@id":"https:\/\/www.uartes.edu.ec\/sitio\/blog\/2017\/04\/20\/lorena-delgado-interprete-coreografa-y-docente-de-la-uartes\/"},"author":{"name":"Universidad de las Artes","@id":"https:\/\/www.uartes.edu.ec\/sitio\/#\/schema\/person\/f33f8c1d2af0d5c80a38c8abf458184a"},"headline":"Lorena Delgado, int\u00e9rprete, core\u00f3grafa y docente de la UArtes","datePublished":"2017-04-20T16:08:57+00:00","dateModified":"2024-07-04T16:54:21+00:00","mainEntityOfPage":{"@id":"https:\/\/www.uartes.edu.ec\/sitio\/blog\/2017\/04\/20\/lorena-delgado-interprete-coreografa-y-docente-de-la-uartes\/"},"wordCount":486,"publisher":{"@id":"https:\/\/www.uartes.edu.ec\/sitio\/#organization"},"image":{"@id":"https:\/\/www.uartes.edu.ec\/sitio\/blog\/2017\/04\/20\/lorena-delgado-interprete-coreografa-y-docente-de-la-uartes\/#primaryimage"},"thumbnailUrl":"https:\/\/www.uartes.edu.ec\/sitio\/wp-content\/uploads\/2017\/04\/Lorena-Delgado-interprete-coreografa-y-docente-de-la-UArtes.jpg","articleSection":["Docentes"],"inLanguage":"es"},{"@type":["WebPage","ItemPage"],"@id":"https:\/\/www.uartes.edu.ec\/sitio\/blog\/2017\/04\/20\/lorena-delgado-interprete-coreografa-y-docente-de-la-uartes\/","url":"https:\/\/www.uartes.edu.ec\/sitio\/blog\/2017\/04\/20\/lorena-delgado-interprete-coreografa-y-docente-de-la-uartes\/","name":"Universidad de las Artes - Lorena Delgado, int\u00e9rprete, core\u00f3grafa y docente de la UArtes","isPartOf":{"@id":"https:\/\/www.uartes.edu.ec\/sitio\/#website"},"primaryImageOfPage":{"@id":"https:\/\/www.uartes.edu.ec\/sitio\/blog\/2017\/04\/20\/lorena-delgado-interprete-coreografa-y-docente-de-la-uartes\/#primaryimage"},"image":{"@id":"https:\/\/www.uartes.edu.ec\/sitio\/blog\/2017\/04\/20\/lorena-delgado-interprete-coreografa-y-docente-de-la-uartes\/#primaryimage"},"thumbnailUrl":"https:\/\/www.uartes.edu.ec\/sitio\/wp-content\/uploads\/2017\/04\/Lorena-Delgado-interprete-coreografa-y-docente-de-la-UArtes.jpg","datePublished":"2017-04-20T16:08:57+00:00","dateModified":"2024-07-04T16:54:21+00:00","description":"Universidad de las Artes - Lorena Delgado, int\u00e9rprete, core\u00f3grafa y docente de la UArtes","breadcrumb":{"@id":"https:\/\/www.uartes.edu.ec\/sitio\/blog\/2017\/04\/20\/lorena-delgado-interprete-coreografa-y-docente-de-la-uartes\/#breadcrumb"},"inLanguage":"es","potentialAction":[{"@type":"ReadAction","target":["https:\/\/www.uartes.edu.ec\/sitio\/blog\/2017\/04\/20\/lorena-delgado-interprete-coreografa-y-docente-de-la-uartes\/"]}]},{"@type":"ImageObject","inLanguage":"es","@id":"https:\/\/www.uartes.edu.ec\/sitio\/blog\/2017\/04\/20\/lorena-delgado-interprete-coreografa-y-docente-de-la-uartes\/#primaryimage","url":"https:\/\/www.uartes.edu.ec\/sitio\/wp-content\/uploads\/2017\/04\/Lorena-Delgado-interprete-coreografa-y-docente-de-la-UArtes.jpg","contentUrl":"https:\/\/www.uartes.edu.ec\/sitio\/wp-content\/uploads\/2017\/04\/Lorena-Delgado-interprete-coreografa-y-docente-de-la-UArtes.jpg","width":582,"height":270},{"@type":"BreadcrumbList","@id":"https:\/\/www.uartes.edu.ec\/sitio\/blog\/2017\/04\/20\/lorena-delgado-interprete-coreografa-y-docente-de-la-uartes\/#breadcrumb","itemListElement":[{"@type":"ListItem","position":1,"name":"Inicio","item":"https:\/\/www.uartes.edu.ec\/sitio\/"},{"@type":"ListItem","position":2,"name":"Lorena Delgado, int\u00e9rprete, core\u00f3grafa y docente de la UArtes"}]},{"@type":"WebSite","@id":"https:\/\/www.uartes.edu.ec\/sitio\/#website","url":"https:\/\/www.uartes.edu.ec\/sitio\/","name":"Universidad de las Artes","description":"Sitio oficial de la Universidad Nacional de las Artes del Ecuador","publisher":{"@id":"https:\/\/www.uartes.edu.ec\/sitio\/#organization"},"potentialAction":[{"@type":"SearchAction","target":{"@type":"EntryPoint","urlTemplate":"https:\/\/www.uartes.edu.ec\/sitio\/?s={search_term_string}"},"query-input":{"@type":"PropertyValueSpecification","valueRequired":true,"valueName":"search_term_string"}}],"inLanguage":"es"},{"@type":"Organization","@id":"https:\/\/www.uartes.edu.ec\/sitio\/#organization","name":"Universidad de las Artes","url":"https:\/\/www.uartes.edu.ec\/sitio\/","logo":{"@type":"ImageObject","inLanguage":"es","@id":"https:\/\/www.uartes.edu.ec\/sitio\/#\/schema\/logo\/image\/","url":"https:\/\/www.uartes.edu.ec\/sitio\/wp-content\/uploads\/2022\/07\/logo-ua-horizontal.png","contentUrl":"https:\/\/www.uartes.edu.ec\/sitio\/wp-content\/uploads\/2022\/07\/logo-ua-horizontal.png","width":800,"height":276,"caption":"Universidad de las Artes"},"image":{"@id":"https:\/\/www.uartes.edu.ec\/sitio\/#\/schema\/logo\/image\/"},"sameAs":["https:\/\/www.facebook.com\/uartesec","https:\/\/x.com\/uartesec","https:\/\/www.tiktok.com\/@uartesec"]},{"@type":"Person","@id":"https:\/\/www.uartes.edu.ec\/sitio\/#\/schema\/person\/f33f8c1d2af0d5c80a38c8abf458184a","name":"Universidad de las Artes","image":{"@type":"ImageObject","inLanguage":"es","@id":"https:\/\/secure.gravatar.com\/avatar\/52e4757902f5cfa5ac52d020e5be83cae5487519154b6c35482fe08d589f3c13?s=96&d=mm&r=g","url":"https:\/\/secure.gravatar.com\/avatar\/52e4757902f5cfa5ac52d020e5be83cae5487519154b6c35482fe08d589f3c13?s=96&d=mm&r=g","contentUrl":"https:\/\/secure.gravatar.com\/avatar\/52e4757902f5cfa5ac52d020e5be83cae5487519154b6c35482fe08d589f3c13?s=96&d=mm&r=g","caption":"Universidad de las Artes"},"url":"https:\/\/www.uartes.edu.ec\/sitio\/blog\/author\/dircomadm\/"}]}},"uagb_featured_image_src":{"full":["https:\/\/www.uartes.edu.ec\/sitio\/wp-content\/uploads\/2017\/04\/Lorena-Delgado-interprete-coreografa-y-docente-de-la-UArtes.jpg",582,270,false],"thumbnail":["https:\/\/www.uartes.edu.ec\/sitio\/wp-content\/uploads\/2017\/04\/Lorena-Delgado-interprete-coreografa-y-docente-de-la-UArtes-150x150.jpg",150,150,true],"medium":["https:\/\/www.uartes.edu.ec\/sitio\/wp-content\/uploads\/2017\/04\/Lorena-Delgado-interprete-coreografa-y-docente-de-la-UArtes-300x139.jpg",300,139,true],"medium_large":["https:\/\/www.uartes.edu.ec\/sitio\/wp-content\/uploads\/2017\/04\/Lorena-Delgado-interprete-coreografa-y-docente-de-la-UArtes.jpg",582,270,false],"large":["https:\/\/www.uartes.edu.ec\/sitio\/wp-content\/uploads\/2017\/04\/Lorena-Delgado-interprete-coreografa-y-docente-de-la-UArtes.jpg",582,270,false],"1536x1536":["https:\/\/www.uartes.edu.ec\/sitio\/wp-content\/uploads\/2017\/04\/Lorena-Delgado-interprete-coreografa-y-docente-de-la-UArtes.jpg",582,270,false],"2048x2048":["https:\/\/www.uartes.edu.ec\/sitio\/wp-content\/uploads\/2017\/04\/Lorena-Delgado-interprete-coreografa-y-docente-de-la-UArtes.jpg",582,270,false],"trp-custom-language-flag":["https:\/\/www.uartes.edu.ec\/sitio\/wp-content\/uploads\/2017\/04\/Lorena-Delgado-interprete-coreografa-y-docente-de-la-UArtes-18x8.jpg",18,8,true],"htmega_size_585x295":["https:\/\/www.uartes.edu.ec\/sitio\/wp-content\/uploads\/2017\/04\/Lorena-Delgado-interprete-coreografa-y-docente-de-la-UArtes.jpg",582,270,false],"htmega_size_1170x536":["https:\/\/www.uartes.edu.ec\/sitio\/wp-content\/uploads\/2017\/04\/Lorena-Delgado-interprete-coreografa-y-docente-de-la-UArtes.jpg",582,270,false],"htmega_size_396x360":["https:\/\/www.uartes.edu.ec\/sitio\/wp-content\/uploads\/2017\/04\/Lorena-Delgado-interprete-coreografa-y-docente-de-la-UArtes-396x270.jpg",396,270,true],"gb-block-post-grid-landscape":["https:\/\/www.uartes.edu.ec\/sitio\/wp-content\/uploads\/2017\/04\/Lorena-Delgado-interprete-coreografa-y-docente-de-la-UArtes.jpg",582,270,false],"gb-block-post-grid-square":["https:\/\/www.uartes.edu.ec\/sitio\/wp-content\/uploads\/2017\/04\/Lorena-Delgado-interprete-coreografa-y-docente-de-la-UArtes.jpg",582,270,false],"university-hub-thumb":["https:\/\/www.uartes.edu.ec\/sitio\/wp-content\/uploads\/2017\/04\/Lorena-Delgado-interprete-coreografa-y-docente-de-la-UArtes-400x186.jpg",400,186,true]},"uagb_author_info":{"display_name":"Universidad de las Artes","author_link":"https:\/\/www.uartes.edu.ec\/sitio\/blog\/author\/dircomadm\/"},"uagb_comment_info":0,"uagb_excerpt":"Lorena Delgado,&nbsp;Cuenca, Ecuador, estudi\u00f3 en el Conservatorio Jos\u00e9 Mar\u00eda Rodr\u00edguez en Cuenca. Continu\u00f3 sus estudios en los Estados Unidos con el&nbsp;Mississippi Metropolitan Ballet y, posteriormente, viaj\u00f3 a Cuba, donde estudi\u00f3 con la C\u00e1tedra del Ballet Nacional. En el a\u00f1o 2004, Lorena regres\u00f3 a Ecuador donde comenz\u00f3 su carrera profesional con el Ballet Nacional del Ecuador&hellip;","featured_image_src":"https:\/\/www.uartes.edu.ec\/sitio\/wp-content\/uploads\/2017\/04\/Lorena-Delgado-interprete-coreografa-y-docente-de-la-UArtes.jpg","featured_image_src_square":"https:\/\/www.uartes.edu.ec\/sitio\/wp-content\/uploads\/2017\/04\/Lorena-Delgado-interprete-coreografa-y-docente-de-la-UArtes.jpg","author_info":{"display_name":"Universidad de las Artes","author_link":"https:\/\/www.uartes.edu.ec\/sitio\/blog\/author\/dircomadm\/"},"publishpress_future_workflow_manual_trigger":{"enabledWorkflows":[]},"distributor_meta":false,"distributor_terms":false,"distributor_media":false,"distributor_original_site_name":"Universidad de las Artes","distributor_original_site_url":"https:\/\/www.uartes.edu.ec\/sitio","push-errors":false,"_links":{"self":[{"href":"https:\/\/www.uartes.edu.ec\/sitio\/wp-json\/wp\/v2\/posts\/102","targetHints":{"allow":["GET"]}}],"collection":[{"href":"https:\/\/www.uartes.edu.ec\/sitio\/wp-json\/wp\/v2\/posts"}],"about":[{"href":"https:\/\/www.uartes.edu.ec\/sitio\/wp-json\/wp\/v2\/types\/post"}],"author":[{"embeddable":true,"href":"https:\/\/www.uartes.edu.ec\/sitio\/wp-json\/wp\/v2\/users\/1"}],"replies":[{"embeddable":true,"href":"https:\/\/www.uartes.edu.ec\/sitio\/wp-json\/wp\/v2\/comments?post=102"}],"version-history":[{"count":3,"href":"https:\/\/www.uartes.edu.ec\/sitio\/wp-json\/wp\/v2\/posts\/102\/revisions"}],"predecessor-version":[{"id":56471,"href":"https:\/\/www.uartes.edu.ec\/sitio\/wp-json\/wp\/v2\/posts\/102\/revisions\/56471"}],"wp:featuredmedia":[{"embeddable":true,"href":"https:\/\/www.uartes.edu.ec\/sitio\/wp-json\/wp\/v2\/media\/56468"}],"wp:attachment":[{"href":"https:\/\/www.uartes.edu.ec\/sitio\/wp-json\/wp\/v2\/media?parent=102"}],"wp:term":[{"taxonomy":"category","embeddable":true,"href":"https:\/\/www.uartes.edu.ec\/sitio\/wp-json\/wp\/v2\/categories?post=102"},{"taxonomy":"post_tag","embeddable":true,"href":"https:\/\/www.uartes.edu.ec\/sitio\/wp-json\/wp\/v2\/tags?post=102"},{"taxonomy":"infouartes","embeddable":true,"href":"https:\/\/www.uartes.edu.ec\/sitio\/wp-json\/wp\/v2\/infouartes?post=102"}],"curies":[{"name":"wp","href":"https:\/\/api.w.org\/{rel}","templated":true}]}}