{"id":1089,"date":"2017-12-18T15:17:07","date_gmt":"2017-12-18T20:17:07","guid":{"rendered":"http:\/\/www.uartes.edu.ec\/infouartes\/?p=1089"},"modified":"2024-07-04T11:54:01","modified_gmt":"2024-07-04T16:54:01","slug":"estudiantes-de-la-uartes-fueron-designados-al-consejo-estudiantil","status":"publish","type":"post","link":"https:\/\/www.uartes.edu.ec\/sitio\/blog\/2017\/12\/18\/estudiantes-de-la-uartes-fueron-designados-al-consejo-estudiantil\/","title":{"rendered":"Estudiantes de la UArtes fueron designados al Consejo Estudiantil"},"content":{"rendered":"<p>El viernes 15 de diciembre de 2017, los estudiantes de la Universidad de las Artes llevaron a cabo una jornada c\u00edvica para elegir a sus representantes para conformar el Consejo Estudiantil Universitario, un \u00f3rgano asesor que podr\u00e1 participar en la Comisi\u00f3n Gestora, por medio de tres representes designados entre s\u00ed, cuando sean llamados para el efecto. As\u00ed tambi\u00e9n, podr\u00e1 organizarse en comisiones que le permita desarrollar labores en pro de la comunidad estudiantil y de las Escuelas.<\/p>\n<p>Como parte de sus funciones est\u00e1 la de participar en la construcci\u00f3n del Reglamento de Elecciones, los Estatutos de las Asociaciones y participar en los Consejos Directivos de las Escuelas.<\/p>\n<p>Para que los alumnos pudieran realizar este proceso de manera independiente y transparente, las autoridades de la UArtes suspendieron las actividades acad\u00e9micas desde las ocho de la ma\u00f1ana hasta la una de la tarde del d\u00eda viernes, tiempo durante el cual los estudiantes podieron elegir, de manera aut\u00f3noma y org\u00e1nica, a sus representantes.<\/p>\n<p>Los estudiantes elegidos fueron:<\/p>\n<p>Isabel Macias Galeas, Andrea Torres Armas (Literatura); Elizabeth Barahona, Ricardo P\u00e9rez Rodr\u00edguez (Artes Sonoras); Bryan Rizo Alvear, Lilian Arcos Gonz\u00e1lez (Artes Visuales); Yasser Quevedo Pinos, V\u00edctor de la Vega Uri\u00f1a (Cine); y Jefferson Castro, Miguel Palacios (Artes Esc\u00e9nicas).<\/p>\n<p>La UArtes fomenta este proceso en el ejercicio de su autonom\u00eda responsable como Instituci\u00f3n de Educaci\u00f3n Superior y como parte de su constituci\u00f3n como una Universidad de pleno derecho.<\/p>\n<p>\u00a1La educaci\u00f3n en artes es un derecho, por lo tanto, una responsabilidad!<\/p>\n","protected":false},"excerpt":{"rendered":"<p>El viernes 15 de diciembre de 2017, los estudiantes de la Universidad de las Artes llevaron a cabo una jornada c\u00edvica para elegir a sus representantes para conformar el Consejo Estudiantil Universitario, un \u00f3rgano asesor que podr\u00e1 participar en la Comisi\u00f3n Gestora, por medio de tres representes designados entre s\u00ed, cuando sean llamados para el [&hellip;]<\/p>\n","protected":false},"author":1,"featured_media":1090,"comment_status":"closed","ping_status":"open","sticky":false,"template":"","format":"standard","meta":{"_acf_changed":false,"_uag_custom_page_level_css":"","_monsterinsights_skip_tracking":false,"_monsterinsights_sitenote_active":false,"_monsterinsights_sitenote_note":"","_monsterinsights_sitenote_category":0,"cybocfi_hide_featured_image":"","footnotes":""},"categories":[76],"tags":[],"infouartes":[],"class_list":["post-1089","post","type-post","status-publish","format-standard","has-post-thumbnail","hentry","category-estudiantes"],"acf":[],"yoast_head":"<!-- This site is optimized with the Yoast SEO plugin v27.4 - https:\/\/yoast.com\/product\/yoast-seo-wordpress\/ -->\n<title>Universidad de las Artes - Estudiantes de la UArtes fueron designados al Consejo Estudiantil<\/title>\n<meta name=\"description\" content=\"Universidad de las Artes - Estudiantes de la UArtes fueron designados al Consejo Estudiantil\" \/>\n<meta name=\"robots\" content=\"index, follow, max-snippet:-1, max-image-preview:large, max-video-preview:-1\" \/>\n<link rel=\"canonical\" href=\"https:\/\/www.uartes.edu.ec\/sitio\/blog\/2017\/12\/18\/estudiantes-de-la-uartes-fueron-designados-al-consejo-estudiantil\/\" \/>\n<meta property=\"og:locale\" content=\"es_ES\" \/>\n<meta property=\"og:type\" content=\"article\" \/>\n<meta property=\"og:title\" content=\"Universidad de las Artes - Estudiantes de la UArtes fueron designados al Consejo Estudiantil\" \/>\n<meta property=\"og:description\" content=\"Universidad de las Artes - Estudiantes de la UArtes fueron designados al Consejo Estudiantil\" \/>\n<meta property=\"og:url\" content=\"https:\/\/www.uartes.edu.ec\/sitio\/blog\/2017\/12\/18\/estudiantes-de-la-uartes-fueron-designados-al-consejo-estudiantil\/\" \/>\n<meta property=\"og:site_name\" content=\"Universidad de las Artes\" \/>\n<meta property=\"article:publisher\" content=\"https:\/\/www.facebook.com\/uartesec\" \/>\n<meta property=\"article:published_time\" content=\"2017-12-18T20:17:07+00:00\" \/>\n<meta property=\"article:modified_time\" content=\"2024-07-04T16:54:01+00:00\" \/>\n<meta name=\"author\" content=\"Universidad de las Artes\" \/>\n<meta name=\"twitter:card\" content=\"summary_large_image\" \/>\n<meta name=\"twitter:creator\" content=\"@uartesec\" \/>\n<meta name=\"twitter:site\" content=\"@uartesec\" \/>\n<meta name=\"twitter:label1\" content=\"Escrito por\" \/>\n\t<meta name=\"twitter:data1\" content=\"Universidad de las Artes\" \/>\n\t<meta name=\"twitter:label2\" content=\"Tiempo de lectura\" \/>\n\t<meta name=\"twitter:data2\" content=\"1 minuto\" \/>\n<script type=\"application\/ld+json\" class=\"yoast-schema-graph\">{\"@context\":\"https:\\\/\\\/schema.org\",\"@graph\":[{\"@type\":\"Article\",\"@id\":\"https:\\\/\\\/www.uartes.edu.ec\\\/sitio\\\/blog\\\/2017\\\/12\\\/18\\\/estudiantes-de-la-uartes-fueron-designados-al-consejo-estudiantil\\\/#article\",\"isPartOf\":{\"@id\":\"https:\\\/\\\/www.uartes.edu.ec\\\/sitio\\\/blog\\\/2017\\\/12\\\/18\\\/estudiantes-de-la-uartes-fueron-designados-al-consejo-estudiantil\\\/\"},\"author\":{\"name\":\"Universidad de las Artes\",\"@id\":\"https:\\\/\\\/www.uartes.edu.ec\\\/sitio\\\/#\\\/schema\\\/person\\\/f33f8c1d2af0d5c80a38c8abf458184a\"},\"headline\":\"Estudiantes de la UArtes fueron designados al Consejo Estudiantil\",\"datePublished\":\"2017-12-18T20:17:07+00:00\",\"dateModified\":\"2024-07-04T16:54:01+00:00\",\"mainEntityOfPage\":{\"@id\":\"https:\\\/\\\/www.uartes.edu.ec\\\/sitio\\\/blog\\\/2017\\\/12\\\/18\\\/estudiantes-de-la-uartes-fueron-designados-al-consejo-estudiantil\\\/\"},\"wordCount\":270,\"publisher\":{\"@id\":\"https:\\\/\\\/www.uartes.edu.ec\\\/sitio\\\/#organization\"},\"image\":{\"@id\":\"https:\\\/\\\/www.uartes.edu.ec\\\/sitio\\\/blog\\\/2017\\\/12\\\/18\\\/estudiantes-de-la-uartes-fueron-designados-al-consejo-estudiantil\\\/#primaryimage\"},\"thumbnailUrl\":\"\",\"articleSection\":[\"Estudiantes\"],\"inLanguage\":\"es\"},{\"@type\":[\"WebPage\",\"ItemPage\"],\"@id\":\"https:\\\/\\\/www.uartes.edu.ec\\\/sitio\\\/blog\\\/2017\\\/12\\\/18\\\/estudiantes-de-la-uartes-fueron-designados-al-consejo-estudiantil\\\/\",\"url\":\"https:\\\/\\\/www.uartes.edu.ec\\\/sitio\\\/blog\\\/2017\\\/12\\\/18\\\/estudiantes-de-la-uartes-fueron-designados-al-consejo-estudiantil\\\/\",\"name\":\"Universidad de las Artes - Estudiantes de la UArtes fueron designados al Consejo Estudiantil\",\"isPartOf\":{\"@id\":\"https:\\\/\\\/www.uartes.edu.ec\\\/sitio\\\/#website\"},\"primaryImageOfPage\":{\"@id\":\"https:\\\/\\\/www.uartes.edu.ec\\\/sitio\\\/blog\\\/2017\\\/12\\\/18\\\/estudiantes-de-la-uartes-fueron-designados-al-consejo-estudiantil\\\/#primaryimage\"},\"image\":{\"@id\":\"https:\\\/\\\/www.uartes.edu.ec\\\/sitio\\\/blog\\\/2017\\\/12\\\/18\\\/estudiantes-de-la-uartes-fueron-designados-al-consejo-estudiantil\\\/#primaryimage\"},\"thumbnailUrl\":\"\",\"datePublished\":\"2017-12-18T20:17:07+00:00\",\"dateModified\":\"2024-07-04T16:54:01+00:00\",\"description\":\"Universidad de las Artes - Estudiantes de la UArtes fueron designados al Consejo Estudiantil\",\"breadcrumb\":{\"@id\":\"https:\\\/\\\/www.uartes.edu.ec\\\/sitio\\\/blog\\\/2017\\\/12\\\/18\\\/estudiantes-de-la-uartes-fueron-designados-al-consejo-estudiantil\\\/#breadcrumb\"},\"inLanguage\":\"es\",\"potentialAction\":[{\"@type\":\"ReadAction\",\"target\":[\"https:\\\/\\\/www.uartes.edu.ec\\\/sitio\\\/blog\\\/2017\\\/12\\\/18\\\/estudiantes-de-la-uartes-fueron-designados-al-consejo-estudiantil\\\/\"]}]},{\"@type\":\"ImageObject\",\"inLanguage\":\"es\",\"@id\":\"https:\\\/\\\/www.uartes.edu.ec\\\/sitio\\\/blog\\\/2017\\\/12\\\/18\\\/estudiantes-de-la-uartes-fueron-designados-al-consejo-estudiantil\\\/#primaryimage\",\"url\":\"\",\"contentUrl\":\"\"},{\"@type\":\"BreadcrumbList\",\"@id\":\"https:\\\/\\\/www.uartes.edu.ec\\\/sitio\\\/blog\\\/2017\\\/12\\\/18\\\/estudiantes-de-la-uartes-fueron-designados-al-consejo-estudiantil\\\/#breadcrumb\",\"itemListElement\":[{\"@type\":\"ListItem\",\"position\":1,\"name\":\"Inicio\",\"item\":\"https:\\\/\\\/www.uartes.edu.ec\\\/sitio\\\/\"},{\"@type\":\"ListItem\",\"position\":2,\"name\":\"Estudiantes de la UArtes fueron designados al Consejo Estudiantil\"}]},{\"@type\":\"WebSite\",\"@id\":\"https:\\\/\\\/www.uartes.edu.ec\\\/sitio\\\/#website\",\"url\":\"https:\\\/\\\/www.uartes.edu.ec\\\/sitio\\\/\",\"name\":\"Universidad de las Artes\",\"description\":\"Sitio oficial de la Universidad Nacional de las Artes del Ecuador\",\"publisher\":{\"@id\":\"https:\\\/\\\/www.uartes.edu.ec\\\/sitio\\\/#organization\"},\"potentialAction\":[{\"@type\":\"SearchAction\",\"target\":{\"@type\":\"EntryPoint\",\"urlTemplate\":\"https:\\\/\\\/www.uartes.edu.ec\\\/sitio\\\/?s={search_term_string}\"},\"query-input\":{\"@type\":\"PropertyValueSpecification\",\"valueRequired\":true,\"valueName\":\"search_term_string\"}}],\"inLanguage\":\"es\"},{\"@type\":\"Organization\",\"@id\":\"https:\\\/\\\/www.uartes.edu.ec\\\/sitio\\\/#organization\",\"name\":\"Universidad de las Artes\",\"url\":\"https:\\\/\\\/www.uartes.edu.ec\\\/sitio\\\/\",\"logo\":{\"@type\":\"ImageObject\",\"inLanguage\":\"es\",\"@id\":\"https:\\\/\\\/www.uartes.edu.ec\\\/sitio\\\/#\\\/schema\\\/logo\\\/image\\\/\",\"url\":\"https:\\\/\\\/www.uartes.edu.ec\\\/sitio\\\/wp-content\\\/uploads\\\/2022\\\/07\\\/logo-ua-horizontal.png\",\"contentUrl\":\"https:\\\/\\\/www.uartes.edu.ec\\\/sitio\\\/wp-content\\\/uploads\\\/2022\\\/07\\\/logo-ua-horizontal.png\",\"width\":800,\"height\":276,\"caption\":\"Universidad de las Artes\"},\"image\":{\"@id\":\"https:\\\/\\\/www.uartes.edu.ec\\\/sitio\\\/#\\\/schema\\\/logo\\\/image\\\/\"},\"sameAs\":[\"https:\\\/\\\/www.facebook.com\\\/uartesec\",\"https:\\\/\\\/x.com\\\/uartesec\",\"https:\\\/\\\/www.tiktok.com\\\/@uartesec\"]},{\"@type\":\"Person\",\"@id\":\"https:\\\/\\\/www.uartes.edu.ec\\\/sitio\\\/#\\\/schema\\\/person\\\/f33f8c1d2af0d5c80a38c8abf458184a\",\"name\":\"Universidad de las Artes\",\"image\":{\"@type\":\"ImageObject\",\"inLanguage\":\"es\",\"@id\":\"https:\\\/\\\/secure.gravatar.com\\\/avatar\\\/52e4757902f5cfa5ac52d020e5be83cae5487519154b6c35482fe08d589f3c13?s=96&d=mm&r=g\",\"url\":\"https:\\\/\\\/secure.gravatar.com\\\/avatar\\\/52e4757902f5cfa5ac52d020e5be83cae5487519154b6c35482fe08d589f3c13?s=96&d=mm&r=g\",\"contentUrl\":\"https:\\\/\\\/secure.gravatar.com\\\/avatar\\\/52e4757902f5cfa5ac52d020e5be83cae5487519154b6c35482fe08d589f3c13?s=96&d=mm&r=g\",\"caption\":\"Universidad de las Artes\"},\"url\":\"https:\\\/\\\/www.uartes.edu.ec\\\/sitio\\\/blog\\\/author\\\/dircomadm\\\/\"}]}<\/script>\n<!-- \/ Yoast SEO plugin. -->","yoast_head_json":{"title":"Universidad de las Artes - Estudiantes de la UArtes fueron designados al Consejo Estudiantil","description":"Universidad de las Artes - Estudiantes de la UArtes fueron designados al Consejo Estudiantil","robots":{"index":"index","follow":"follow","max-snippet":"max-snippet:-1","max-image-preview":"max-image-preview:large","max-video-preview":"max-video-preview:-1"},"canonical":"https:\/\/www.uartes.edu.ec\/sitio\/blog\/2017\/12\/18\/estudiantes-de-la-uartes-fueron-designados-al-consejo-estudiantil\/","og_locale":"es_ES","og_type":"article","og_title":"Universidad de las Artes - Estudiantes de la UArtes fueron designados al Consejo Estudiantil","og_description":"Universidad de las Artes - Estudiantes de la UArtes fueron designados al Consejo Estudiantil","og_url":"https:\/\/www.uartes.edu.ec\/sitio\/blog\/2017\/12\/18\/estudiantes-de-la-uartes-fueron-designados-al-consejo-estudiantil\/","og_site_name":"Universidad de las Artes","article_publisher":"https:\/\/www.facebook.com\/uartesec","article_published_time":"2017-12-18T20:17:07+00:00","article_modified_time":"2024-07-04T16:54:01+00:00","author":"Universidad de las Artes","twitter_card":"summary_large_image","twitter_creator":"@uartesec","twitter_site":"@uartesec","twitter_misc":{"Escrito por":"Universidad de las Artes","Tiempo de lectura":"1 minuto"},"schema":{"@context":"https:\/\/schema.org","@graph":[{"@type":"Article","@id":"https:\/\/www.uartes.edu.ec\/sitio\/blog\/2017\/12\/18\/estudiantes-de-la-uartes-fueron-designados-al-consejo-estudiantil\/#article","isPartOf":{"@id":"https:\/\/www.uartes.edu.ec\/sitio\/blog\/2017\/12\/18\/estudiantes-de-la-uartes-fueron-designados-al-consejo-estudiantil\/"},"author":{"name":"Universidad de las Artes","@id":"https:\/\/www.uartes.edu.ec\/sitio\/#\/schema\/person\/f33f8c1d2af0d5c80a38c8abf458184a"},"headline":"Estudiantes de la UArtes fueron designados al Consejo Estudiantil","datePublished":"2017-12-18T20:17:07+00:00","dateModified":"2024-07-04T16:54:01+00:00","mainEntityOfPage":{"@id":"https:\/\/www.uartes.edu.ec\/sitio\/blog\/2017\/12\/18\/estudiantes-de-la-uartes-fueron-designados-al-consejo-estudiantil\/"},"wordCount":270,"publisher":{"@id":"https:\/\/www.uartes.edu.ec\/sitio\/#organization"},"image":{"@id":"https:\/\/www.uartes.edu.ec\/sitio\/blog\/2017\/12\/18\/estudiantes-de-la-uartes-fueron-designados-al-consejo-estudiantil\/#primaryimage"},"thumbnailUrl":"","articleSection":["Estudiantes"],"inLanguage":"es"},{"@type":["WebPage","ItemPage"],"@id":"https:\/\/www.uartes.edu.ec\/sitio\/blog\/2017\/12\/18\/estudiantes-de-la-uartes-fueron-designados-al-consejo-estudiantil\/","url":"https:\/\/www.uartes.edu.ec\/sitio\/blog\/2017\/12\/18\/estudiantes-de-la-uartes-fueron-designados-al-consejo-estudiantil\/","name":"Universidad de las Artes - Estudiantes de la UArtes fueron designados al Consejo Estudiantil","isPartOf":{"@id":"https:\/\/www.uartes.edu.ec\/sitio\/#website"},"primaryImageOfPage":{"@id":"https:\/\/www.uartes.edu.ec\/sitio\/blog\/2017\/12\/18\/estudiantes-de-la-uartes-fueron-designados-al-consejo-estudiantil\/#primaryimage"},"image":{"@id":"https:\/\/www.uartes.edu.ec\/sitio\/blog\/2017\/12\/18\/estudiantes-de-la-uartes-fueron-designados-al-consejo-estudiantil\/#primaryimage"},"thumbnailUrl":"","datePublished":"2017-12-18T20:17:07+00:00","dateModified":"2024-07-04T16:54:01+00:00","description":"Universidad de las Artes - Estudiantes de la UArtes fueron designados al Consejo Estudiantil","breadcrumb":{"@id":"https:\/\/www.uartes.edu.ec\/sitio\/blog\/2017\/12\/18\/estudiantes-de-la-uartes-fueron-designados-al-consejo-estudiantil\/#breadcrumb"},"inLanguage":"es","potentialAction":[{"@type":"ReadAction","target":["https:\/\/www.uartes.edu.ec\/sitio\/blog\/2017\/12\/18\/estudiantes-de-la-uartes-fueron-designados-al-consejo-estudiantil\/"]}]},{"@type":"ImageObject","inLanguage":"es","@id":"https:\/\/www.uartes.edu.ec\/sitio\/blog\/2017\/12\/18\/estudiantes-de-la-uartes-fueron-designados-al-consejo-estudiantil\/#primaryimage","url":"","contentUrl":""},{"@type":"BreadcrumbList","@id":"https:\/\/www.uartes.edu.ec\/sitio\/blog\/2017\/12\/18\/estudiantes-de-la-uartes-fueron-designados-al-consejo-estudiantil\/#breadcrumb","itemListElement":[{"@type":"ListItem","position":1,"name":"Inicio","item":"https:\/\/www.uartes.edu.ec\/sitio\/"},{"@type":"ListItem","position":2,"name":"Estudiantes de la UArtes fueron designados al Consejo Estudiantil"}]},{"@type":"WebSite","@id":"https:\/\/www.uartes.edu.ec\/sitio\/#website","url":"https:\/\/www.uartes.edu.ec\/sitio\/","name":"Universidad de las Artes","description":"Sitio oficial de la Universidad Nacional de las Artes del Ecuador","publisher":{"@id":"https:\/\/www.uartes.edu.ec\/sitio\/#organization"},"potentialAction":[{"@type":"SearchAction","target":{"@type":"EntryPoint","urlTemplate":"https:\/\/www.uartes.edu.ec\/sitio\/?s={search_term_string}"},"query-input":{"@type":"PropertyValueSpecification","valueRequired":true,"valueName":"search_term_string"}}],"inLanguage":"es"},{"@type":"Organization","@id":"https:\/\/www.uartes.edu.ec\/sitio\/#organization","name":"Universidad de las Artes","url":"https:\/\/www.uartes.edu.ec\/sitio\/","logo":{"@type":"ImageObject","inLanguage":"es","@id":"https:\/\/www.uartes.edu.ec\/sitio\/#\/schema\/logo\/image\/","url":"https:\/\/www.uartes.edu.ec\/sitio\/wp-content\/uploads\/2022\/07\/logo-ua-horizontal.png","contentUrl":"https:\/\/www.uartes.edu.ec\/sitio\/wp-content\/uploads\/2022\/07\/logo-ua-horizontal.png","width":800,"height":276,"caption":"Universidad de las Artes"},"image":{"@id":"https:\/\/www.uartes.edu.ec\/sitio\/#\/schema\/logo\/image\/"},"sameAs":["https:\/\/www.facebook.com\/uartesec","https:\/\/x.com\/uartesec","https:\/\/www.tiktok.com\/@uartesec"]},{"@type":"Person","@id":"https:\/\/www.uartes.edu.ec\/sitio\/#\/schema\/person\/f33f8c1d2af0d5c80a38c8abf458184a","name":"Universidad de las Artes","image":{"@type":"ImageObject","inLanguage":"es","@id":"https:\/\/secure.gravatar.com\/avatar\/52e4757902f5cfa5ac52d020e5be83cae5487519154b6c35482fe08d589f3c13?s=96&d=mm&r=g","url":"https:\/\/secure.gravatar.com\/avatar\/52e4757902f5cfa5ac52d020e5be83cae5487519154b6c35482fe08d589f3c13?s=96&d=mm&r=g","contentUrl":"https:\/\/secure.gravatar.com\/avatar\/52e4757902f5cfa5ac52d020e5be83cae5487519154b6c35482fe08d589f3c13?s=96&d=mm&r=g","caption":"Universidad de las Artes"},"url":"https:\/\/www.uartes.edu.ec\/sitio\/blog\/author\/dircomadm\/"}]}},"uagb_featured_image_src":{"full":false,"thumbnail":false,"medium":false,"medium_large":false,"large":false,"1536x1536":false,"2048x2048":false,"trp-custom-language-flag":false,"htmega_size_585x295":false,"htmega_size_1170x536":false,"htmega_size_396x360":false,"gb-block-post-grid-landscape":false,"gb-block-post-grid-square":false,"university-hub-thumb":false,"mailpoet_newsletter_max":false},"uagb_author_info":{"display_name":"Universidad de las Artes","author_link":"https:\/\/www.uartes.edu.ec\/sitio\/blog\/author\/dircomadm\/"},"uagb_comment_info":0,"uagb_excerpt":"El viernes 15 de diciembre de 2017, los estudiantes de la Universidad de las Artes llevaron a cabo una jornada c\u00edvica para elegir a sus representantes para conformar el Consejo Estudiantil Universitario, un \u00f3rgano asesor que podr\u00e1 participar en la Comisi\u00f3n Gestora, por medio de tres representes designados entre s\u00ed, cuando sean llamados para el&hellip;","featured_image_src":null,"featured_image_src_square":null,"author_info":{"display_name":"Universidad de las Artes","author_link":"https:\/\/www.uartes.edu.ec\/sitio\/blog\/author\/dircomadm\/"},"publishpress_future_workflow_manual_trigger":{"enabledWorkflows":[]},"distributor_meta":false,"distributor_terms":false,"distributor_media":false,"distributor_original_site_name":"Universidad de las Artes","distributor_original_site_url":"https:\/\/www.uartes.edu.ec\/sitio","push-errors":false,"_links":{"self":[{"href":"https:\/\/www.uartes.edu.ec\/sitio\/wp-json\/wp\/v2\/posts\/1089","targetHints":{"allow":["GET"]}}],"collection":[{"href":"https:\/\/www.uartes.edu.ec\/sitio\/wp-json\/wp\/v2\/posts"}],"about":[{"href":"https:\/\/www.uartes.edu.ec\/sitio\/wp-json\/wp\/v2\/types\/post"}],"author":[{"embeddable":true,"href":"https:\/\/www.uartes.edu.ec\/sitio\/wp-json\/wp\/v2\/users\/1"}],"replies":[{"embeddable":true,"href":"https:\/\/www.uartes.edu.ec\/sitio\/wp-json\/wp\/v2\/comments?post=1089"}],"version-history":[{"count":1,"href":"https:\/\/www.uartes.edu.ec\/sitio\/wp-json\/wp\/v2\/posts\/1089\/revisions"}],"predecessor-version":[{"id":57911,"href":"https:\/\/www.uartes.edu.ec\/sitio\/wp-json\/wp\/v2\/posts\/1089\/revisions\/57911"}],"wp:featuredmedia":[{"embeddable":true,"href":"https:\/\/www.uartes.edu.ec\/sitio\/wp-json\/"}],"wp:attachment":[{"href":"https:\/\/www.uartes.edu.ec\/sitio\/wp-json\/wp\/v2\/media?parent=1089"}],"wp:term":[{"taxonomy":"category","embeddable":true,"href":"https:\/\/www.uartes.edu.ec\/sitio\/wp-json\/wp\/v2\/categories?post=1089"},{"taxonomy":"post_tag","embeddable":true,"href":"https:\/\/www.uartes.edu.ec\/sitio\/wp-json\/wp\/v2\/tags?post=1089"},{"taxonomy":"infouartes","embeddable":true,"href":"https:\/\/www.uartes.edu.ec\/sitio\/wp-json\/wp\/v2\/infouartes?post=1089"}],"curies":[{"name":"wp","href":"https:\/\/api.w.org\/{rel}","templated":true}]}}