{"id":110,"date":"2017-04-26T07:52:51","date_gmt":"2017-04-26T12:52:51","guid":{"rendered":"http:\/\/www.uartes.edu.ec\/infouartes\/?p=110"},"modified":"2024-07-04T11:54:21","modified_gmt":"2024-07-04T16:54:21","slug":"norberto-bayo-docente-de-la-uartes-participa-como-ponente-en-viii-congreso-de-la-saf-en-barcelona-espana","status":"publish","type":"post","link":"https:\/\/www.uartes.edu.ec\/sitio\/blog\/2017\/04\/26\/norberto-bayo-docente-de-la-uartes-participa-como-ponente-en-viii-congreso-de-la-saf-en-barcelona-espana\/","title":{"rendered":"Norberto Bayo, docente de la UArtes, participa como ponente en VIII Congreso de la SAF en Barcelona, Espa\u00f1a"},"content":{"rendered":"\n<p><a href=\"http:\/\/www.uartes.edu.ec\/Norberto-Bayo-comisario-en-artes-gestor-productor-cultural-y-docente-de-la-UArtes.php\">Norberto Bayo<\/a>, docente de la Escuela de Artes Sonoras de la Universidad de las Artes del Ecuador (UArtes), participa como ponente en el <a href=\"http:\/\/safil.es\/viii-congreso-saf-2017\">VIII Congreso de la Sociedad Acad\u00e9mica de Filosof\u00eda<\/a> (SAF) que se celebra en Barcelona, Espa\u00f1a, del 24 al 29 de abril de 2017.<\/p>\n\n\n\n<p>Bayo dict\u00f3 hoy la conferencia<strong> \u2018<\/strong><strong>Repensando la aleatoriedad: <em>autonom\u00eda modal<\/em> en la m\u00fasica <em>pante\u00edstica<\/em> de John Cage\u2019<\/strong>, en el marco del Congreso que lleva como t\u00edtulo \u2018El Tema de nuestro Tiempo: Historia, T\u00f3pos, \u00c9xodos\u2019 In Memoriam Eugenio Tr\u00edas.<\/p>\n\n\n\n<p>\u201cEl legado de John Cage se sit\u00faa en los l\u00edmites de la abstracci\u00f3n sonora a partir de una notaci\u00f3n musical instruccionalizada y de alto valor visual expositivo. Desde la d\u00e9cada de los cincuenta hasta la publicaci\u00f3n de Silencio (1961), las composiciones de tipo <em>pante\u00edstica <\/em>que aqu\u00ed se\u00f1alamos responden al descubrimiento de un nuevo tipo de configuraci\u00f3n de eventos &#8220;temperados&#8221; a partir del oracular <em>I Ching<\/em>. Su mayorazgo filos\u00f3fico corre el riesgo de caer en una ef\u00edmera entrop\u00eda conceptual si no se tiene la medida del tiempo para enfrentarse al evento, de la pr\u00e1ctica pedag\u00f3gica profesional en nuestro caso. Transitar la aleatoriedad en trabajos como <em>Theatre Piece <\/em>(1960) propone compartir un di\u00e1logo <em>familiar <\/em>de pr\u00e1cticas sonoras <em>nacientes <\/em>para cada disciplina.&nbsp; La esterilidad que la obra <em>pante\u00edstica<\/em> de Cage ha sufrido en los \u00faltimos treinta a\u00f1os ha posibilitado desmara\u00f1ar el conflicto conceptual que implicaba la desmaterializaci\u00f3n del hecho sonoro. La desfundamentaci\u00f3n que aqu\u00ed buscamos tiene que ver&nbsp; con un universal kantiano dotado de la hibridaci\u00f3n en el encuentro creativo de etapas formativas disruptivas en Am\u00e9rica Latina. La propuesta silenciosa con la que Cage desordena la sabidur\u00eda occidental <em>des-esterilizante<\/em> permite a las pr\u00e1cticas esc\u00e9nicas contempor\u00e1neas sentir la necesidad de desmaterializar la naturaleza sonora a favor de un tributo al espacio mediador\u201d, comenta Norberto Bayo en el resumen de su ponencia.<\/p>\n\n\n\n<p>La SAF tiene como objetivo fomentar las disciplinas filos\u00f3ficas y su difusi\u00f3n en la sociedad, proporcionar un canal de comunicaci\u00f3n y de debate entre los docentes e investigadores del \u00e1rea, colaborar con instituciones y sociedades que tengan fines semejantes a los de la Asociaci\u00f3n, facilitar la organizaci\u00f3n de debates filos\u00f3ficos en forma de congresos, seminarios, grupos de trabajo o similares, as\u00ed como la realizaci\u00f3n de publicaciones diversas, como boletines, revistas, trabajos de investigaci\u00f3n, etc.<\/p>\n\n\n\n<p><strong>Relacionado:<\/strong><br><a href=\"http:\/\/www.uartes.edu.ec\/Docente-de-la-UArtes-participo-en-The-Louisville-Conference-en-EEUU.php\">Docente de la UArtes particip\u00f3 en The Louisville Conference en EEUU <\/a><\/p>\n","protected":false},"excerpt":{"rendered":"<p>Norberto Bayo, docente de la Escuela de Artes Sonoras de la Universidad de las Artes del Ecuador (UArtes), participa como ponente en el VIII Congreso de la Sociedad Acad\u00e9mica de Filosof\u00eda (SAF) que se celebra en Barcelona, Espa\u00f1a, del 24 al 29 de abril de 2017. Bayo dict\u00f3 hoy la conferencia \u2018Repensando la aleatoriedad: autonom\u00eda [&hellip;]<\/p>\n","protected":false},"author":1,"featured_media":56482,"comment_status":"closed","ping_status":"open","sticky":false,"template":"","format":"standard","meta":{"_acf_changed":false,"_uag_custom_page_level_css":"","_monsterinsights_skip_tracking":false,"_monsterinsights_sitenote_active":false,"_monsterinsights_sitenote_note":"","_monsterinsights_sitenote_category":0,"cybocfi_hide_featured_image":"","footnotes":""},"categories":[75],"tags":[],"infouartes":[],"class_list":["post-110","post","type-post","status-publish","format-standard","has-post-thumbnail","hentry","category-docentes"],"acf":[],"yoast_head":"<!-- This site is optimized with the Yoast SEO plugin v27.4 - https:\/\/yoast.com\/product\/yoast-seo-wordpress\/ -->\n<title>Universidad de las Artes - Norberto Bayo, docente de la UArtes, participa como ponente en VIII Congreso de la SAF en Barcelona, Espa\u00f1a<\/title>\n<meta name=\"description\" content=\"Universidad de las Artes - Norberto Bayo, docente de la UArtes, participa como ponente en VIII Congreso de la SAF en Barcelona, Espa\u00f1a\" \/>\n<meta name=\"robots\" content=\"index, follow, max-snippet:-1, max-image-preview:large, max-video-preview:-1\" \/>\n<link rel=\"canonical\" href=\"https:\/\/www.uartes.edu.ec\/sitio\/blog\/2017\/04\/26\/norberto-bayo-docente-de-la-uartes-participa-como-ponente-en-viii-congreso-de-la-saf-en-barcelona-espana\/\" \/>\n<meta property=\"og:locale\" content=\"es_ES\" \/>\n<meta property=\"og:type\" content=\"article\" \/>\n<meta property=\"og:title\" content=\"Universidad de las Artes - Norberto Bayo, docente de la UArtes, participa como ponente en VIII Congreso de la SAF en Barcelona, Espa\u00f1a\" \/>\n<meta property=\"og:description\" content=\"Universidad de las Artes - Norberto Bayo, docente de la UArtes, participa como ponente en VIII Congreso de la SAF en Barcelona, Espa\u00f1a\" \/>\n<meta property=\"og:url\" content=\"https:\/\/www.uartes.edu.ec\/sitio\/blog\/2017\/04\/26\/norberto-bayo-docente-de-la-uartes-participa-como-ponente-en-viii-congreso-de-la-saf-en-barcelona-espana\/\" \/>\n<meta property=\"og:site_name\" content=\"Universidad de las Artes\" \/>\n<meta property=\"article:publisher\" content=\"https:\/\/www.facebook.com\/uartesec\" \/>\n<meta property=\"article:published_time\" content=\"2017-04-26T12:52:51+00:00\" \/>\n<meta property=\"article:modified_time\" content=\"2024-07-04T16:54:21+00:00\" \/>\n<meta property=\"og:image\" content=\"https:\/\/www.uartes.edu.ec\/sitio\/wp-content\/uploads\/2017\/04\/Norberto-Bayo-docente-de-la-UArtes-participa-como-ponente-en-VIII-Congreso-de-la-SAF-en-Barcelona-Espana.jpg\" \/>\n\t<meta property=\"og:image:width\" content=\"582\" \/>\n\t<meta property=\"og:image:height\" content=\"270\" \/>\n\t<meta property=\"og:image:type\" content=\"image\/jpeg\" \/>\n<meta name=\"author\" content=\"Universidad de las Artes\" \/>\n<meta name=\"twitter:card\" content=\"summary_large_image\" \/>\n<meta name=\"twitter:creator\" content=\"@uartesec\" \/>\n<meta name=\"twitter:site\" content=\"@uartesec\" \/>\n<meta name=\"twitter:label1\" content=\"Escrito por\" \/>\n\t<meta name=\"twitter:data1\" content=\"Universidad de las Artes\" \/>\n\t<meta name=\"twitter:label2\" content=\"Tiempo de lectura\" \/>\n\t<meta name=\"twitter:data2\" content=\"2 minutos\" \/>\n<script type=\"application\/ld+json\" class=\"yoast-schema-graph\">{\"@context\":\"https:\\\/\\\/schema.org\",\"@graph\":[{\"@type\":\"Article\",\"@id\":\"https:\\\/\\\/www.uartes.edu.ec\\\/sitio\\\/blog\\\/2017\\\/04\\\/26\\\/norberto-bayo-docente-de-la-uartes-participa-como-ponente-en-viii-congreso-de-la-saf-en-barcelona-espana\\\/#article\",\"isPartOf\":{\"@id\":\"https:\\\/\\\/www.uartes.edu.ec\\\/sitio\\\/blog\\\/2017\\\/04\\\/26\\\/norberto-bayo-docente-de-la-uartes-participa-como-ponente-en-viii-congreso-de-la-saf-en-barcelona-espana\\\/\"},\"author\":{\"name\":\"Universidad de las Artes\",\"@id\":\"https:\\\/\\\/www.uartes.edu.ec\\\/sitio\\\/#\\\/schema\\\/person\\\/f33f8c1d2af0d5c80a38c8abf458184a\"},\"headline\":\"Norberto Bayo, docente de la UArtes, participa como ponente en VIII Congreso de la SAF en Barcelona, Espa\u00f1a\",\"datePublished\":\"2017-04-26T12:52:51+00:00\",\"dateModified\":\"2024-07-04T16:54:21+00:00\",\"mainEntityOfPage\":{\"@id\":\"https:\\\/\\\/www.uartes.edu.ec\\\/sitio\\\/blog\\\/2017\\\/04\\\/26\\\/norberto-bayo-docente-de-la-uartes-participa-como-ponente-en-viii-congreso-de-la-saf-en-barcelona-espana\\\/\"},\"wordCount\":447,\"publisher\":{\"@id\":\"https:\\\/\\\/www.uartes.edu.ec\\\/sitio\\\/#organization\"},\"image\":{\"@id\":\"https:\\\/\\\/www.uartes.edu.ec\\\/sitio\\\/blog\\\/2017\\\/04\\\/26\\\/norberto-bayo-docente-de-la-uartes-participa-como-ponente-en-viii-congreso-de-la-saf-en-barcelona-espana\\\/#primaryimage\"},\"thumbnailUrl\":\"https:\\\/\\\/www.uartes.edu.ec\\\/sitio\\\/wp-content\\\/uploads\\\/2017\\\/04\\\/Norberto-Bayo-docente-de-la-UArtes-participa-como-ponente-en-VIII-Congreso-de-la-SAF-en-Barcelona-Espana.jpg\",\"articleSection\":[\"Docentes\"],\"inLanguage\":\"es\"},{\"@type\":[\"WebPage\",\"ItemPage\"],\"@id\":\"https:\\\/\\\/www.uartes.edu.ec\\\/sitio\\\/blog\\\/2017\\\/04\\\/26\\\/norberto-bayo-docente-de-la-uartes-participa-como-ponente-en-viii-congreso-de-la-saf-en-barcelona-espana\\\/\",\"url\":\"https:\\\/\\\/www.uartes.edu.ec\\\/sitio\\\/blog\\\/2017\\\/04\\\/26\\\/norberto-bayo-docente-de-la-uartes-participa-como-ponente-en-viii-congreso-de-la-saf-en-barcelona-espana\\\/\",\"name\":\"Universidad de las Artes - Norberto Bayo, docente de la UArtes, participa como ponente en VIII Congreso de la SAF en Barcelona, Espa\u00f1a\",\"isPartOf\":{\"@id\":\"https:\\\/\\\/www.uartes.edu.ec\\\/sitio\\\/#website\"},\"primaryImageOfPage\":{\"@id\":\"https:\\\/\\\/www.uartes.edu.ec\\\/sitio\\\/blog\\\/2017\\\/04\\\/26\\\/norberto-bayo-docente-de-la-uartes-participa-como-ponente-en-viii-congreso-de-la-saf-en-barcelona-espana\\\/#primaryimage\"},\"image\":{\"@id\":\"https:\\\/\\\/www.uartes.edu.ec\\\/sitio\\\/blog\\\/2017\\\/04\\\/26\\\/norberto-bayo-docente-de-la-uartes-participa-como-ponente-en-viii-congreso-de-la-saf-en-barcelona-espana\\\/#primaryimage\"},\"thumbnailUrl\":\"https:\\\/\\\/www.uartes.edu.ec\\\/sitio\\\/wp-content\\\/uploads\\\/2017\\\/04\\\/Norberto-Bayo-docente-de-la-UArtes-participa-como-ponente-en-VIII-Congreso-de-la-SAF-en-Barcelona-Espana.jpg\",\"datePublished\":\"2017-04-26T12:52:51+00:00\",\"dateModified\":\"2024-07-04T16:54:21+00:00\",\"description\":\"Universidad de las Artes - Norberto Bayo, docente de la UArtes, participa como ponente en VIII Congreso de la SAF en Barcelona, Espa\u00f1a\",\"breadcrumb\":{\"@id\":\"https:\\\/\\\/www.uartes.edu.ec\\\/sitio\\\/blog\\\/2017\\\/04\\\/26\\\/norberto-bayo-docente-de-la-uartes-participa-como-ponente-en-viii-congreso-de-la-saf-en-barcelona-espana\\\/#breadcrumb\"},\"inLanguage\":\"es\",\"potentialAction\":[{\"@type\":\"ReadAction\",\"target\":[\"https:\\\/\\\/www.uartes.edu.ec\\\/sitio\\\/blog\\\/2017\\\/04\\\/26\\\/norberto-bayo-docente-de-la-uartes-participa-como-ponente-en-viii-congreso-de-la-saf-en-barcelona-espana\\\/\"]}]},{\"@type\":\"ImageObject\",\"inLanguage\":\"es\",\"@id\":\"https:\\\/\\\/www.uartes.edu.ec\\\/sitio\\\/blog\\\/2017\\\/04\\\/26\\\/norberto-bayo-docente-de-la-uartes-participa-como-ponente-en-viii-congreso-de-la-saf-en-barcelona-espana\\\/#primaryimage\",\"url\":\"https:\\\/\\\/www.uartes.edu.ec\\\/sitio\\\/wp-content\\\/uploads\\\/2017\\\/04\\\/Norberto-Bayo-docente-de-la-UArtes-participa-como-ponente-en-VIII-Congreso-de-la-SAF-en-Barcelona-Espana.jpg\",\"contentUrl\":\"https:\\\/\\\/www.uartes.edu.ec\\\/sitio\\\/wp-content\\\/uploads\\\/2017\\\/04\\\/Norberto-Bayo-docente-de-la-UArtes-participa-como-ponente-en-VIII-Congreso-de-la-SAF-en-Barcelona-Espana.jpg\",\"width\":582,\"height\":270},{\"@type\":\"BreadcrumbList\",\"@id\":\"https:\\\/\\\/www.uartes.edu.ec\\\/sitio\\\/blog\\\/2017\\\/04\\\/26\\\/norberto-bayo-docente-de-la-uartes-participa-como-ponente-en-viii-congreso-de-la-saf-en-barcelona-espana\\\/#breadcrumb\",\"itemListElement\":[{\"@type\":\"ListItem\",\"position\":1,\"name\":\"Inicio\",\"item\":\"https:\\\/\\\/www.uartes.edu.ec\\\/sitio\\\/\"},{\"@type\":\"ListItem\",\"position\":2,\"name\":\"Norberto Bayo, docente de la UArtes, participa como ponente en VIII Congreso de la SAF en Barcelona, Espa\u00f1a\"}]},{\"@type\":\"WebSite\",\"@id\":\"https:\\\/\\\/www.uartes.edu.ec\\\/sitio\\\/#website\",\"url\":\"https:\\\/\\\/www.uartes.edu.ec\\\/sitio\\\/\",\"name\":\"Universidad de las Artes\",\"description\":\"Sitio oficial de la Universidad Nacional de las Artes del Ecuador\",\"publisher\":{\"@id\":\"https:\\\/\\\/www.uartes.edu.ec\\\/sitio\\\/#organization\"},\"potentialAction\":[{\"@type\":\"SearchAction\",\"target\":{\"@type\":\"EntryPoint\",\"urlTemplate\":\"https:\\\/\\\/www.uartes.edu.ec\\\/sitio\\\/?s={search_term_string}\"},\"query-input\":{\"@type\":\"PropertyValueSpecification\",\"valueRequired\":true,\"valueName\":\"search_term_string\"}}],\"inLanguage\":\"es\"},{\"@type\":\"Organization\",\"@id\":\"https:\\\/\\\/www.uartes.edu.ec\\\/sitio\\\/#organization\",\"name\":\"Universidad de las Artes\",\"url\":\"https:\\\/\\\/www.uartes.edu.ec\\\/sitio\\\/\",\"logo\":{\"@type\":\"ImageObject\",\"inLanguage\":\"es\",\"@id\":\"https:\\\/\\\/www.uartes.edu.ec\\\/sitio\\\/#\\\/schema\\\/logo\\\/image\\\/\",\"url\":\"https:\\\/\\\/www.uartes.edu.ec\\\/sitio\\\/wp-content\\\/uploads\\\/2022\\\/07\\\/logo-ua-horizontal.png\",\"contentUrl\":\"https:\\\/\\\/www.uartes.edu.ec\\\/sitio\\\/wp-content\\\/uploads\\\/2022\\\/07\\\/logo-ua-horizontal.png\",\"width\":800,\"height\":276,\"caption\":\"Universidad de las Artes\"},\"image\":{\"@id\":\"https:\\\/\\\/www.uartes.edu.ec\\\/sitio\\\/#\\\/schema\\\/logo\\\/image\\\/\"},\"sameAs\":[\"https:\\\/\\\/www.facebook.com\\\/uartesec\",\"https:\\\/\\\/x.com\\\/uartesec\",\"https:\\\/\\\/www.tiktok.com\\\/@uartesec\"]},{\"@type\":\"Person\",\"@id\":\"https:\\\/\\\/www.uartes.edu.ec\\\/sitio\\\/#\\\/schema\\\/person\\\/f33f8c1d2af0d5c80a38c8abf458184a\",\"name\":\"Universidad de las Artes\",\"image\":{\"@type\":\"ImageObject\",\"inLanguage\":\"es\",\"@id\":\"https:\\\/\\\/secure.gravatar.com\\\/avatar\\\/52e4757902f5cfa5ac52d020e5be83cae5487519154b6c35482fe08d589f3c13?s=96&d=mm&r=g\",\"url\":\"https:\\\/\\\/secure.gravatar.com\\\/avatar\\\/52e4757902f5cfa5ac52d020e5be83cae5487519154b6c35482fe08d589f3c13?s=96&d=mm&r=g\",\"contentUrl\":\"https:\\\/\\\/secure.gravatar.com\\\/avatar\\\/52e4757902f5cfa5ac52d020e5be83cae5487519154b6c35482fe08d589f3c13?s=96&d=mm&r=g\",\"caption\":\"Universidad de las Artes\"},\"url\":\"https:\\\/\\\/www.uartes.edu.ec\\\/sitio\\\/blog\\\/author\\\/dircomadm\\\/\"}]}<\/script>\n<!-- \/ Yoast SEO plugin. -->","yoast_head_json":{"title":"Universidad de las Artes - Norberto Bayo, docente de la UArtes, participa como ponente en VIII Congreso de la SAF en Barcelona, Espa\u00f1a","description":"Universidad de las Artes - Norberto Bayo, docente de la UArtes, participa como ponente en VIII Congreso de la SAF en Barcelona, Espa\u00f1a","robots":{"index":"index","follow":"follow","max-snippet":"max-snippet:-1","max-image-preview":"max-image-preview:large","max-video-preview":"max-video-preview:-1"},"canonical":"https:\/\/www.uartes.edu.ec\/sitio\/blog\/2017\/04\/26\/norberto-bayo-docente-de-la-uartes-participa-como-ponente-en-viii-congreso-de-la-saf-en-barcelona-espana\/","og_locale":"es_ES","og_type":"article","og_title":"Universidad de las Artes - Norberto Bayo, docente de la UArtes, participa como ponente en VIII Congreso de la SAF en Barcelona, Espa\u00f1a","og_description":"Universidad de las Artes - Norberto Bayo, docente de la UArtes, participa como ponente en VIII Congreso de la SAF en Barcelona, Espa\u00f1a","og_url":"https:\/\/www.uartes.edu.ec\/sitio\/blog\/2017\/04\/26\/norberto-bayo-docente-de-la-uartes-participa-como-ponente-en-viii-congreso-de-la-saf-en-barcelona-espana\/","og_site_name":"Universidad de las Artes","article_publisher":"https:\/\/www.facebook.com\/uartesec","article_published_time":"2017-04-26T12:52:51+00:00","article_modified_time":"2024-07-04T16:54:21+00:00","og_image":[{"width":582,"height":270,"url":"https:\/\/www.uartes.edu.ec\/sitio\/wp-content\/uploads\/2017\/04\/Norberto-Bayo-docente-de-la-UArtes-participa-como-ponente-en-VIII-Congreso-de-la-SAF-en-Barcelona-Espana.jpg","type":"image\/jpeg"}],"author":"Universidad de las Artes","twitter_card":"summary_large_image","twitter_creator":"@uartesec","twitter_site":"@uartesec","twitter_misc":{"Escrito por":"Universidad de las Artes","Tiempo de lectura":"2 minutos"},"schema":{"@context":"https:\/\/schema.org","@graph":[{"@type":"Article","@id":"https:\/\/www.uartes.edu.ec\/sitio\/blog\/2017\/04\/26\/norberto-bayo-docente-de-la-uartes-participa-como-ponente-en-viii-congreso-de-la-saf-en-barcelona-espana\/#article","isPartOf":{"@id":"https:\/\/www.uartes.edu.ec\/sitio\/blog\/2017\/04\/26\/norberto-bayo-docente-de-la-uartes-participa-como-ponente-en-viii-congreso-de-la-saf-en-barcelona-espana\/"},"author":{"name":"Universidad de las Artes","@id":"https:\/\/www.uartes.edu.ec\/sitio\/#\/schema\/person\/f33f8c1d2af0d5c80a38c8abf458184a"},"headline":"Norberto Bayo, docente de la UArtes, participa como ponente en VIII Congreso de la SAF en Barcelona, Espa\u00f1a","datePublished":"2017-04-26T12:52:51+00:00","dateModified":"2024-07-04T16:54:21+00:00","mainEntityOfPage":{"@id":"https:\/\/www.uartes.edu.ec\/sitio\/blog\/2017\/04\/26\/norberto-bayo-docente-de-la-uartes-participa-como-ponente-en-viii-congreso-de-la-saf-en-barcelona-espana\/"},"wordCount":447,"publisher":{"@id":"https:\/\/www.uartes.edu.ec\/sitio\/#organization"},"image":{"@id":"https:\/\/www.uartes.edu.ec\/sitio\/blog\/2017\/04\/26\/norberto-bayo-docente-de-la-uartes-participa-como-ponente-en-viii-congreso-de-la-saf-en-barcelona-espana\/#primaryimage"},"thumbnailUrl":"https:\/\/www.uartes.edu.ec\/sitio\/wp-content\/uploads\/2017\/04\/Norberto-Bayo-docente-de-la-UArtes-participa-como-ponente-en-VIII-Congreso-de-la-SAF-en-Barcelona-Espana.jpg","articleSection":["Docentes"],"inLanguage":"es"},{"@type":["WebPage","ItemPage"],"@id":"https:\/\/www.uartes.edu.ec\/sitio\/blog\/2017\/04\/26\/norberto-bayo-docente-de-la-uartes-participa-como-ponente-en-viii-congreso-de-la-saf-en-barcelona-espana\/","url":"https:\/\/www.uartes.edu.ec\/sitio\/blog\/2017\/04\/26\/norberto-bayo-docente-de-la-uartes-participa-como-ponente-en-viii-congreso-de-la-saf-en-barcelona-espana\/","name":"Universidad de las Artes - Norberto Bayo, docente de la UArtes, participa como ponente en VIII Congreso de la SAF en Barcelona, Espa\u00f1a","isPartOf":{"@id":"https:\/\/www.uartes.edu.ec\/sitio\/#website"},"primaryImageOfPage":{"@id":"https:\/\/www.uartes.edu.ec\/sitio\/blog\/2017\/04\/26\/norberto-bayo-docente-de-la-uartes-participa-como-ponente-en-viii-congreso-de-la-saf-en-barcelona-espana\/#primaryimage"},"image":{"@id":"https:\/\/www.uartes.edu.ec\/sitio\/blog\/2017\/04\/26\/norberto-bayo-docente-de-la-uartes-participa-como-ponente-en-viii-congreso-de-la-saf-en-barcelona-espana\/#primaryimage"},"thumbnailUrl":"https:\/\/www.uartes.edu.ec\/sitio\/wp-content\/uploads\/2017\/04\/Norberto-Bayo-docente-de-la-UArtes-participa-como-ponente-en-VIII-Congreso-de-la-SAF-en-Barcelona-Espana.jpg","datePublished":"2017-04-26T12:52:51+00:00","dateModified":"2024-07-04T16:54:21+00:00","description":"Universidad de las Artes - Norberto Bayo, docente de la UArtes, participa como ponente en VIII Congreso de la SAF en Barcelona, Espa\u00f1a","breadcrumb":{"@id":"https:\/\/www.uartes.edu.ec\/sitio\/blog\/2017\/04\/26\/norberto-bayo-docente-de-la-uartes-participa-como-ponente-en-viii-congreso-de-la-saf-en-barcelona-espana\/#breadcrumb"},"inLanguage":"es","potentialAction":[{"@type":"ReadAction","target":["https:\/\/www.uartes.edu.ec\/sitio\/blog\/2017\/04\/26\/norberto-bayo-docente-de-la-uartes-participa-como-ponente-en-viii-congreso-de-la-saf-en-barcelona-espana\/"]}]},{"@type":"ImageObject","inLanguage":"es","@id":"https:\/\/www.uartes.edu.ec\/sitio\/blog\/2017\/04\/26\/norberto-bayo-docente-de-la-uartes-participa-como-ponente-en-viii-congreso-de-la-saf-en-barcelona-espana\/#primaryimage","url":"https:\/\/www.uartes.edu.ec\/sitio\/wp-content\/uploads\/2017\/04\/Norberto-Bayo-docente-de-la-UArtes-participa-como-ponente-en-VIII-Congreso-de-la-SAF-en-Barcelona-Espana.jpg","contentUrl":"https:\/\/www.uartes.edu.ec\/sitio\/wp-content\/uploads\/2017\/04\/Norberto-Bayo-docente-de-la-UArtes-participa-como-ponente-en-VIII-Congreso-de-la-SAF-en-Barcelona-Espana.jpg","width":582,"height":270},{"@type":"BreadcrumbList","@id":"https:\/\/www.uartes.edu.ec\/sitio\/blog\/2017\/04\/26\/norberto-bayo-docente-de-la-uartes-participa-como-ponente-en-viii-congreso-de-la-saf-en-barcelona-espana\/#breadcrumb","itemListElement":[{"@type":"ListItem","position":1,"name":"Inicio","item":"https:\/\/www.uartes.edu.ec\/sitio\/"},{"@type":"ListItem","position":2,"name":"Norberto Bayo, docente de la UArtes, participa como ponente en VIII Congreso de la SAF en Barcelona, Espa\u00f1a"}]},{"@type":"WebSite","@id":"https:\/\/www.uartes.edu.ec\/sitio\/#website","url":"https:\/\/www.uartes.edu.ec\/sitio\/","name":"Universidad de las Artes","description":"Sitio oficial de la Universidad Nacional de las Artes del Ecuador","publisher":{"@id":"https:\/\/www.uartes.edu.ec\/sitio\/#organization"},"potentialAction":[{"@type":"SearchAction","target":{"@type":"EntryPoint","urlTemplate":"https:\/\/www.uartes.edu.ec\/sitio\/?s={search_term_string}"},"query-input":{"@type":"PropertyValueSpecification","valueRequired":true,"valueName":"search_term_string"}}],"inLanguage":"es"},{"@type":"Organization","@id":"https:\/\/www.uartes.edu.ec\/sitio\/#organization","name":"Universidad de las Artes","url":"https:\/\/www.uartes.edu.ec\/sitio\/","logo":{"@type":"ImageObject","inLanguage":"es","@id":"https:\/\/www.uartes.edu.ec\/sitio\/#\/schema\/logo\/image\/","url":"https:\/\/www.uartes.edu.ec\/sitio\/wp-content\/uploads\/2022\/07\/logo-ua-horizontal.png","contentUrl":"https:\/\/www.uartes.edu.ec\/sitio\/wp-content\/uploads\/2022\/07\/logo-ua-horizontal.png","width":800,"height":276,"caption":"Universidad de las Artes"},"image":{"@id":"https:\/\/www.uartes.edu.ec\/sitio\/#\/schema\/logo\/image\/"},"sameAs":["https:\/\/www.facebook.com\/uartesec","https:\/\/x.com\/uartesec","https:\/\/www.tiktok.com\/@uartesec"]},{"@type":"Person","@id":"https:\/\/www.uartes.edu.ec\/sitio\/#\/schema\/person\/f33f8c1d2af0d5c80a38c8abf458184a","name":"Universidad de las Artes","image":{"@type":"ImageObject","inLanguage":"es","@id":"https:\/\/secure.gravatar.com\/avatar\/52e4757902f5cfa5ac52d020e5be83cae5487519154b6c35482fe08d589f3c13?s=96&d=mm&r=g","url":"https:\/\/secure.gravatar.com\/avatar\/52e4757902f5cfa5ac52d020e5be83cae5487519154b6c35482fe08d589f3c13?s=96&d=mm&r=g","contentUrl":"https:\/\/secure.gravatar.com\/avatar\/52e4757902f5cfa5ac52d020e5be83cae5487519154b6c35482fe08d589f3c13?s=96&d=mm&r=g","caption":"Universidad de las Artes"},"url":"https:\/\/www.uartes.edu.ec\/sitio\/blog\/author\/dircomadm\/"}]}},"uagb_featured_image_src":{"full":["https:\/\/www.uartes.edu.ec\/sitio\/wp-content\/uploads\/2017\/04\/Norberto-Bayo-docente-de-la-UArtes-participa-como-ponente-en-VIII-Congreso-de-la-SAF-en-Barcelona-Espana.jpg",582,270,false],"thumbnail":["https:\/\/www.uartes.edu.ec\/sitio\/wp-content\/uploads\/2017\/04\/Norberto-Bayo-docente-de-la-UArtes-participa-como-ponente-en-VIII-Congreso-de-la-SAF-en-Barcelona-Espana-150x150.jpg",150,150,true],"medium":["https:\/\/www.uartes.edu.ec\/sitio\/wp-content\/uploads\/2017\/04\/Norberto-Bayo-docente-de-la-UArtes-participa-como-ponente-en-VIII-Congreso-de-la-SAF-en-Barcelona-Espana-300x139.jpg",300,139,true],"medium_large":["https:\/\/www.uartes.edu.ec\/sitio\/wp-content\/uploads\/2017\/04\/Norberto-Bayo-docente-de-la-UArtes-participa-como-ponente-en-VIII-Congreso-de-la-SAF-en-Barcelona-Espana.jpg",582,270,false],"large":["https:\/\/www.uartes.edu.ec\/sitio\/wp-content\/uploads\/2017\/04\/Norberto-Bayo-docente-de-la-UArtes-participa-como-ponente-en-VIII-Congreso-de-la-SAF-en-Barcelona-Espana.jpg",582,270,false],"1536x1536":["https:\/\/www.uartes.edu.ec\/sitio\/wp-content\/uploads\/2017\/04\/Norberto-Bayo-docente-de-la-UArtes-participa-como-ponente-en-VIII-Congreso-de-la-SAF-en-Barcelona-Espana.jpg",582,270,false],"2048x2048":["https:\/\/www.uartes.edu.ec\/sitio\/wp-content\/uploads\/2017\/04\/Norberto-Bayo-docente-de-la-UArtes-participa-como-ponente-en-VIII-Congreso-de-la-SAF-en-Barcelona-Espana.jpg",582,270,false],"trp-custom-language-flag":["https:\/\/www.uartes.edu.ec\/sitio\/wp-content\/uploads\/2017\/04\/Norberto-Bayo-docente-de-la-UArtes-participa-como-ponente-en-VIII-Congreso-de-la-SAF-en-Barcelona-Espana-18x8.jpg",18,8,true],"htmega_size_585x295":["https:\/\/www.uartes.edu.ec\/sitio\/wp-content\/uploads\/2017\/04\/Norberto-Bayo-docente-de-la-UArtes-participa-como-ponente-en-VIII-Congreso-de-la-SAF-en-Barcelona-Espana.jpg",582,270,false],"htmega_size_1170x536":["https:\/\/www.uartes.edu.ec\/sitio\/wp-content\/uploads\/2017\/04\/Norberto-Bayo-docente-de-la-UArtes-participa-como-ponente-en-VIII-Congreso-de-la-SAF-en-Barcelona-Espana.jpg",582,270,false],"htmega_size_396x360":["https:\/\/www.uartes.edu.ec\/sitio\/wp-content\/uploads\/2017\/04\/Norberto-Bayo-docente-de-la-UArtes-participa-como-ponente-en-VIII-Congreso-de-la-SAF-en-Barcelona-Espana-396x270.jpg",396,270,true],"gb-block-post-grid-landscape":["https:\/\/www.uartes.edu.ec\/sitio\/wp-content\/uploads\/2017\/04\/Norberto-Bayo-docente-de-la-UArtes-participa-como-ponente-en-VIII-Congreso-de-la-SAF-en-Barcelona-Espana.jpg",582,270,false],"gb-block-post-grid-square":["https:\/\/www.uartes.edu.ec\/sitio\/wp-content\/uploads\/2017\/04\/Norberto-Bayo-docente-de-la-UArtes-participa-como-ponente-en-VIII-Congreso-de-la-SAF-en-Barcelona-Espana.jpg",582,270,false],"university-hub-thumb":["https:\/\/www.uartes.edu.ec\/sitio\/wp-content\/uploads\/2017\/04\/Norberto-Bayo-docente-de-la-UArtes-participa-como-ponente-en-VIII-Congreso-de-la-SAF-en-Barcelona-Espana-400x186.jpg",400,186,true]},"uagb_author_info":{"display_name":"Universidad de las Artes","author_link":"https:\/\/www.uartes.edu.ec\/sitio\/blog\/author\/dircomadm\/"},"uagb_comment_info":0,"uagb_excerpt":"Norberto Bayo, docente de la Escuela de Artes Sonoras de la Universidad de las Artes del Ecuador (UArtes), participa como ponente en el VIII Congreso de la Sociedad Acad\u00e9mica de Filosof\u00eda (SAF) que se celebra en Barcelona, Espa\u00f1a, del 24 al 29 de abril de 2017. Bayo dict\u00f3 hoy la conferencia \u2018Repensando la aleatoriedad: autonom\u00eda&hellip;","featured_image_src":"https:\/\/www.uartes.edu.ec\/sitio\/wp-content\/uploads\/2017\/04\/Norberto-Bayo-docente-de-la-UArtes-participa-como-ponente-en-VIII-Congreso-de-la-SAF-en-Barcelona-Espana.jpg","featured_image_src_square":"https:\/\/www.uartes.edu.ec\/sitio\/wp-content\/uploads\/2017\/04\/Norberto-Bayo-docente-de-la-UArtes-participa-como-ponente-en-VIII-Congreso-de-la-SAF-en-Barcelona-Espana.jpg","author_info":{"display_name":"Universidad de las Artes","author_link":"https:\/\/www.uartes.edu.ec\/sitio\/blog\/author\/dircomadm\/"},"publishpress_future_workflow_manual_trigger":{"enabledWorkflows":[]},"distributor_meta":false,"distributor_terms":false,"distributor_media":false,"distributor_original_site_name":"Universidad de las Artes","distributor_original_site_url":"https:\/\/www.uartes.edu.ec\/sitio","push-errors":false,"_links":{"self":[{"href":"https:\/\/www.uartes.edu.ec\/sitio\/wp-json\/wp\/v2\/posts\/110","targetHints":{"allow":["GET"]}}],"collection":[{"href":"https:\/\/www.uartes.edu.ec\/sitio\/wp-json\/wp\/v2\/posts"}],"about":[{"href":"https:\/\/www.uartes.edu.ec\/sitio\/wp-json\/wp\/v2\/types\/post"}],"author":[{"embeddable":true,"href":"https:\/\/www.uartes.edu.ec\/sitio\/wp-json\/wp\/v2\/users\/1"}],"replies":[{"embeddable":true,"href":"https:\/\/www.uartes.edu.ec\/sitio\/wp-json\/wp\/v2\/comments?post=110"}],"version-history":[{"count":3,"href":"https:\/\/www.uartes.edu.ec\/sitio\/wp-json\/wp\/v2\/posts\/110\/revisions"}],"predecessor-version":[{"id":56485,"href":"https:\/\/www.uartes.edu.ec\/sitio\/wp-json\/wp\/v2\/posts\/110\/revisions\/56485"}],"wp:featuredmedia":[{"embeddable":true,"href":"https:\/\/www.uartes.edu.ec\/sitio\/wp-json\/wp\/v2\/media\/56482"}],"wp:attachment":[{"href":"https:\/\/www.uartes.edu.ec\/sitio\/wp-json\/wp\/v2\/media?parent=110"}],"wp:term":[{"taxonomy":"category","embeddable":true,"href":"https:\/\/www.uartes.edu.ec\/sitio\/wp-json\/wp\/v2\/categories?post=110"},{"taxonomy":"post_tag","embeddable":true,"href":"https:\/\/www.uartes.edu.ec\/sitio\/wp-json\/wp\/v2\/tags?post=110"},{"taxonomy":"infouartes","embeddable":true,"href":"https:\/\/www.uartes.edu.ec\/sitio\/wp-json\/wp\/v2\/infouartes?post=110"}],"curies":[{"name":"wp","href":"https:\/\/api.w.org\/{rel}","templated":true}]}}